{"id":69692,"date":"2026-06-19T22:20:14","date_gmt":"2026-06-20T01:20:14","guid":{"rendered":"https:\/\/guialimeira.com.br\/superacao-sp-47-municipios-passam-a-acolher-familias-mais-vulneraveis-do-estado\/"},"modified":"2026-06-19T22:20:14","modified_gmt":"2026-06-20T01:20:14","slug":"superacao-sp-47-municipios-passam-a-acolher-familias-mais-vulneraveis-do-estado","status":"publish","type":"post","link":"https:\/\/guialimeira.com.br\/news\/superacao-sp-47-municipios-passam-a-acolher-familias-mais-vulneraveis-do-estado\/","title":{"rendered":"SuperA\u00e7\u00e3o SP: 47 munic\u00edpios passam a acolher fam\u00edlias mais vulner\u00e1veis do estado"},"content":{"rendered":"<p> <br \/>\n<br \/><img data-recalc-dims=\"1\" decoding=\"async\" src=\"https:\/\/i0.wp.com\/www.agenciasp.sp.gov.br\/wp-content\/uploads\/2026\/01\/superacao-1.jpg?w=696&#038;ssl=1\" \/><\/p>\n<div>\n<p class=\"wp-block-paragraph\">Uma das frentes do SuperA\u00e7\u00e3o SP, a Trilha de Prote\u00e7\u00e3o Social, voltada \u00e0s fam\u00edlias em extrema vulnerabilidade que enfrentam barreiras para a inclus\u00e3o produtiva, passou a acolher fam\u00edlias de 47 munic\u00edpios paulistas onde programa j\u00e1 est\u00e1 presente. Isso significa a consolida\u00e7\u00e3o da maior pol\u00edtica de inclus\u00e3o socioassistencial lan\u00e7ada pelo Estado nos \u00faltimos anos, por meio da Secretaria de Desenvolvimento Social do Estado de S\u00e3o Paulo (SEDS). <\/p>\n<p class=\"wp-block-paragraph\">A Trilha de Prote\u00e7\u00e3o Social integra a metodologia de atendimento do SuperA\u00e7\u00e3o SP, junto \u00e0 Trilha de Supera\u00e7\u00e3o da Pobreza, voltada \u00e0 inser\u00e7\u00e3o no mundo do trabalho, sendo a resposta do Estado para quem ainda n\u00e3o pode dar esse passo.<\/p>\n<p class=\"wp-block-paragraph\"><strong>LEIA TAMB\u00c9M: <\/strong><a href=\"https:\/\/www.agenciasp.sp.gov.br\/governo-de-sp-abre-inscricoes-para-curso-gratuito-de-empreendedorismo\/\" rel=\"noopener\"><strong>Governo de SP abre inscri\u00e7\u00f5es para curso gratuito de empreendedorismo<\/strong><\/a><\/p>\n<p class=\"wp-block-paragraph\">\u00c9 destinada \u00e0s fam\u00edlias com renda per capita de at\u00e9 R$ 218,00 mensais que se encontram em situa\u00e7\u00f5es espec\u00edficas de vulnerabilidade como a aus\u00eancia de adultos em idade ativa no n\u00facleo familiar, a dedica\u00e7\u00e3o integral ao cuidado permanente de terceiros, a situa\u00e7\u00e3o de rua ou o n\u00e3o recebimento do Programa Bolsa Fam\u00edlia por entraves operacionais, mesmo sendo eleg\u00edveis.<\/p>\n<p class=\"wp-block-paragraph\">Para essas fam\u00edlias, o SuperA\u00e7\u00e3o SP prev\u00ea a inclus\u00e3o e o acompanhamento priorit\u00e1rio nos servi\u00e7os socioassistenciais dos munic\u00edpios e oferece um aux\u00edlio mensal, chamado de Aux\u00edlio de Prote\u00e7\u00e3o Social, de R$ 156,19 por integrante, equivalente a 1\/12 avos do sal\u00e1rio m\u00ednimo paulista, pelo per\u00edodo de 12 a 24 meses, condicionado \u00e0 verifica\u00e7\u00e3o continuada da situa\u00e7\u00e3o de inseguran\u00e7a alimentar grave, mensurada pela Escala Brasileira de Inseguran\u00e7a Alimentar (EBIA), metodologia oficial do IBGE (Instituto Brasileiro de Geografia e Estat\u00edstica).<\/p>\n<p class=\"wp-block-paragraph\">\u201cA Trilha de Prote\u00e7\u00e3o Social representa um avan\u00e7o importante na forma como o Estado enfrenta a pobreza extrema. Estamos ampliando a capacidade de identificar e acompanhar fam\u00edlias que, muitas vezes, permanecem invis\u00edveis \u00e0s pol\u00edticas p\u00fablicas por enfrentarem barreiras profundas e complexas. Com o SuperA\u00e7\u00e3o SP, fortalecemos o papel dos munic\u00edpios, valorizamos a atua\u00e7\u00e3o dos Centros de Refer\u00eancia de Assist\u00eancia Social (CRAS) e consolidamos uma estrat\u00e9gia que combina prote\u00e7\u00e3o, cuidado e oportunidades, colocando as pessoas no centro da transforma\u00e7\u00e3o social\u201d, afirma a secret\u00e1ria de Desenvolvimento Social, Andrezza Rosal\u00e9m.<\/p>\n<h3 class=\"wp-block-heading\">O CRAS no centro da estrat\u00e9gia<\/h3>\n<p class=\"wp-block-paragraph\">A operacionaliza\u00e7\u00e3o da Trilha de Prote\u00e7\u00e3o Social tem no CRAS  seu eixo estruturante. A partir de um planejamento territorializado, \u00e0s equipes dos CRAS v\u00e3o realizar a busca ativa das fam\u00edlias, a partir de uma listagem gerada com base no Cadastro \u00danico (Cad\u00danico) e nas informa\u00e7\u00f5es da vigil\u00e2ncia socioassistencial. Para garantir alinhamento t\u00e9cnico operacional, o Estado vai promover reuni\u00f5es estrat\u00e9gicas com gestores e t\u00e9cnicos municipais. As pessoas que se enquadram nos crit\u00e9rios podem procurar os CRAS nas 47 cidades onde o SuperA\u00e7\u00e3o SP j\u00e1 est\u00e1 presente.<\/p>\n<p class=\"wp-block-paragraph\">O reconhecimento institucional do papel do CRAS vem acompanhado de aporte financeiro concreto via Fundo Estadual de Assist\u00eancia Social (FEAS), o Governo do Estado destina recursos carimbados para expandir e qualificar as ofertas socioassistenciais, fortalecendo a atua\u00e7\u00e3o territorial e intersetorial da Pol\u00edtica de Assist\u00eancia Social garantindo que a resposta seja articulada, robusta e escalon\u00e1vel.<\/p>\n<p class=\"wp-block-paragraph\"><strong>LEIA TAMB\u00c9M: <\/strong><a href=\"https:\/\/www.agenciasp.sp.gov.br\/fundo-social-e-centro-de-integracao-da-cidadania-abrem-inscricoes-para-cursos-gratuitos\/\" rel=\"noopener\"><strong>Fundo Social e Centro de Integra\u00e7\u00e3o da Cidadania abrem inscri\u00e7\u00f5es para cursos gratuitos<\/strong><\/a><\/p>\n<p class=\"wp-block-paragraph\">Em 2025, foram repassados aos 48 munic\u00edpios R$ 110 milh\u00f5es definidos com base em crit\u00e9rios t\u00e9cnicos, como concentra\u00e7\u00e3o de pobreza, n\u00famero de fam\u00edlias inscritas no Cad\u00danico e capacidade instalada da rede socioassistencial. Para 2026, o valor dispon\u00edvel \u00e9 de R$ 55,2 milh\u00f5es.<\/p>\n<p class=\"wp-block-paragraph\">A Trilha de Prote\u00e7\u00e3o Social representa, em s\u00edntese, a aposta do Governo de S\u00e3o Paulo em uma atua\u00e7\u00e3o integrada e proativa, mais pr\u00f3xima das fam\u00edlias. Com metodologia baseada em evid\u00eancias, parceria s\u00f3lida com os munic\u00edpios e financiamento estruturado, o SuperA\u00e7\u00e3o SP afirma que inclus\u00e3o, antes de ser produtiva, precisa ser protetiva, garantindo o acesso a pol\u00edticas p\u00fablicas e direitos.<\/p>\n<h3 class=\"wp-block-heading\">Sobre o SuperA\u00e7\u00e3o SP<\/h3>\n<p class=\"wp-block-paragraph\">O SuperA\u00e7\u00e3o SP \u00e9 um programa do Governo de S\u00e3o Paulo que integra pol\u00edticas p\u00fablicas de diferentes \u00e1reas em uma jornada completa de atendimento \u00e0s fam\u00edlias em situa\u00e7\u00e3o de vulnerabilidade social, com acompanhamento individualizado para a promo\u00e7\u00e3o da autonomia. A iniciativa \u00e9 voltada a fam\u00edlias residentes no estado, inscritas no Cadastro \u00danico (Cad\u00danico) e com renda familiar por pessoa inferior a meio sal\u00e1rio-m\u00ednimo nacional.<\/p>\n<p class=\"wp-block-paragraph\">O SuperA\u00e7\u00e3o SP atua por meio de duas trilhas de apoio. Na Trilha de Prote\u00e7\u00e3o Social, fam\u00edlias em situa\u00e7\u00e3o de maior vulnerabilidade recebem acompanhamento priorit\u00e1rio com aux\u00edlio mensal para a garantia da seguran\u00e7a alimentar. J\u00e1 na Trilha de Supera\u00e7\u00e3o da Pobreza, o foco \u00e9 a capacita\u00e7\u00e3o, a qualifica\u00e7\u00e3o profissional e a inclus\u00e3o no mundo do trabalho, com acompanhamento cont\u00ednuo e diversos incentivos financeiros ao longo da jornada.<\/p>\n<p class=\"wp-block-paragraph\">O atendimento \u00e9 estruturado em tr\u00eas m\u00f3dulos complementares: Proteger, voltado ao acesso \u00e0s pol\u00edticas p\u00fablicas dispon\u00edveis na regi\u00e3o; Desenvolver, com foco em educa\u00e7\u00e3o e qualifica\u00e7\u00e3o profissional; e Incluir, orientado \u00e0 inser\u00e7\u00e3o no mercado de trabalho por meio do emprego formal ou do empreendedorismo.<\/p>\n<p class=\"wp-block-paragraph\">A atua\u00e7\u00e3o ocorre diretamente nos territ\u00f3rios, com os agentes de SuperA\u00e7\u00e3o SP visitando as fam\u00edlias em suas casas para realizar um diagn\u00f3stico e construir com elas o Plano de Desenvolvimento Familiar (PDF), um documento que organiza metas e oportunidades de acordo com o perfil profissional, educacional e social de cada fam\u00edlia.<\/p>\n<p class=\"wp-block-paragraph\">Al\u00e9m disso, o trabalho dos Agentes inclui conectar as fam\u00edlias a pol\u00edticas p\u00fablicas \u00e0s quais j\u00e1 t\u00eam direito, mas que muitas vezes n\u00e3o acessavam por falta de informa\u00e7\u00e3o, orienta\u00e7\u00e3o ou acesso. O acompanhamento pode durar at\u00e9 dois anos, com monitoramento adicional para avalia\u00e7\u00e3o dos avan\u00e7os.<\/p>\n<p class=\"wp-block-paragraph\">O documento tra\u00e7a metas e a\u00e7\u00f5es com foco na inclus\u00e3o produtiva, no fortalecimento de v\u00ednculos comunit\u00e1rios e no acesso a servi\u00e7os de sa\u00fade, educa\u00e7\u00e3o, habita\u00e7\u00e3o e renda. O acompanhamento tem dura\u00e7\u00e3o de dois anos, seguido de seis meses de monitoramento. Os aux\u00edlios e incentivos podem ultrapassar R$ 10 mil ao longo de todas as etapas.<\/p>\n<p class=\"wp-block-paragraph\">Atualmente, o programa est\u00e1 em 48 munic\u00edpios que aderiram \u00e0 primeira onda. Em 2025, iniciou em oito cidades-piloto: Barueri, Cabre\u00fava, Campinas, Embu das Artes, Itaquaquecetuba, Paul\u00ednia, S\u00e3o Roque e S\u00e3o Vicente, tempo utilizado de maneira metodol\u00f3gica para calibrar os fluxos, capacitar os Agentes de Supera\u00e7\u00e3o e adaptar as particularidades de cada territ\u00f3rio. J\u00e1 em mar\u00e7o de 2026, os outros 40 novos munic\u00edpios foram incorporados simultaneamente ao programa, completando os previstos no desenho original.<\/p>\n<p class=\"wp-block-paragraph\">A iniciativa prev\u00ea beneficiar 105 mil fam\u00edlias at\u00e9 2027, com investimento superior a R$ 1,5 bilh\u00e3o, entre recursos do Tesouro Estadual e financiamento do Banco Interamericano de Desenvolvimento (BID).<\/p>\n<\/p><\/div>\n<p><br \/>\n<br \/><a href=\"https:\/\/www.agenciasp.sp.gov.br\/superacao-sp-47-municipios-passam-a-acolher-familias-mais-vulneraveis-do-estado\/\" rel=\"noopener\">Informa\u00e7\u00f5es GOV.SP<\/a><\/p>\n","protected":false},"excerpt":{"rendered":"<p>Uma das frentes do SuperA\u00e7\u00e3o SP, a Trilha de Prote\u00e7\u00e3o Social, voltada \u00e0s fam\u00edlias em extrema vulnerabilidade que enfrentam barreiras para a inclus\u00e3o produtiva, passou a acolher fam\u00edlias de 47 munic\u00edpios paulistas onde programa j\u00e1 est\u00e1 presente. Isso significa a consolida\u00e7\u00e3o da maior pol\u00edtica de inclus\u00e3o socioassistencial lan\u00e7ada pelo Estado nos \u00faltimos anos, por meio [&hellip;]<\/p>\n","protected":false},"author":1,"featured_media":61699,"comment_status":"","ping_status":"open","sticky":false,"template":"","format":"standard","meta":{"_jetpack_newsletter_access":"","_jetpack_dont_email_post_to_subs":false,"_jetpack_newsletter_tier_id":0,"_jetpack_memberships_contains_paywalled_content":false,"_mbp_banners":[],"_jetpack_feature_clip_id":0,"_jetpack_memberships_contains_paid_content":false,"footnotes":"","jetpack_publicize_message":"","jetpack_publicize_feature_enabled":true,"jetpack_social_post_already_shared":true,"jetpack_social_options":{"image_generator_settings":{"template":"highway","default_image_id":0,"font":"","enabled":false},"version":2},"jetpack_post_was_ever_published":false},"categories":[21],"tags":[],"class_list":["post-69692","post","type-post","status-publish","format-standard","has-post-thumbnail","category-sp-news"],"jetpack_publicize_connections":[],"jetpack-related-posts":[],"jetpack_shortlink":"https:\/\/wp.me\/p7Eq1F-i84","jetpack_sharing_enabled":true,"jetpack_featured_media_url":"https:\/\/i0.wp.com\/guialimeira.com.br\/news\/wp-content\/uploads\/2026\/04\/SuperAcao-SP-inicia-atendimento-a-familias-na-capital-paulista.jpg?fit=2048%2C1365&ssl=1","_links":{"self":[{"href":"https:\/\/guialimeira.com.br\/news\/wp-json\/wp\/v2\/posts\/69692","targetHints":{"allow":["GET"]}}],"collection":[{"href":"https:\/\/guialimeira.com.br\/news\/wp-json\/wp\/v2\/posts"}],"about":[{"href":"https:\/\/guialimeira.com.br\/news\/wp-json\/wp\/v2\/types\/post"}],"author":[{"embeddable":true,"href":"https:\/\/guialimeira.com.br\/news\/wp-json\/wp\/v2\/users\/1"}],"replies":[{"embeddable":true,"href":"https:\/\/guialimeira.com.br\/news\/wp-json\/wp\/v2\/comments?post=69692"}],"version-history":[{"count":0,"href":"https:\/\/guialimeira.com.br\/news\/wp-json\/wp\/v2\/posts\/69692\/revisions"}],"wp:featuredmedia":[{"embeddable":true,"href":"https:\/\/guialimeira.com.br\/news\/wp-json\/wp\/v2\/media\/61699"}],"wp:attachment":[{"href":"https:\/\/guialimeira.com.br\/news\/wp-json\/wp\/v2\/media?parent=69692"}],"wp:term":[{"taxonomy":"category","embeddable":true,"href":"https:\/\/guialimeira.com.br\/news\/wp-json\/wp\/v2\/categories?post=69692"},{"taxonomy":"post_tag","embeddable":true,"href":"https:\/\/guialimeira.com.br\/news\/wp-json\/wp\/v2\/tags?post=69692"}],"curies":[{"name":"wp","href":"https:\/\/api.w.org\/{rel}","templated":true}]}}