{"id":69687,"date":"2026-06-19T21:19:30","date_gmt":"2026-06-20T00:19:30","guid":{"rendered":"https:\/\/guialimeira.com.br\/campanha-do-governo-de-sp-contra-febre-amarela-e-destaque-nacional-por-ampliar-adesao-a-vacinacao\/"},"modified":"2026-06-19T21:19:30","modified_gmt":"2026-06-20T00:19:30","slug":"campanha-do-governo-de-sp-contra-febre-amarela-e-destaque-nacional-por-ampliar-adesao-a-vacinacao","status":"publish","type":"post","link":"https:\/\/guialimeira.com.br\/news\/campanha-do-governo-de-sp-contra-febre-amarela-e-destaque-nacional-por-ampliar-adesao-a-vacinacao\/","title":{"rendered":"Campanha do Governo de SP contra febre amarela \u00e9 destaque nacional por ampliar ades\u00e3o \u00e0 vacina\u00e7\u00e3o"},"content":{"rendered":"<p> <br \/>\n<br \/><img data-recalc-dims=\"1\" decoding=\"async\" src=\"https:\/\/i0.wp.com\/www.agenciasp.sp.gov.br\/wp-content\/uploads\/2026\/06\/55340288502_1b8570396d_o-scaled.jpg?w=696&#038;ssl=1\" \/><\/p>\n<div>\n<p class=\"wp-block-paragraph\">A campanha \u201cS\u00e3o Paulo: todos contra a febre amarela\u201d foi reconhecida como um dos cinco principais cases de comunica\u00e7\u00e3o em sa\u00fade do pa\u00eds durante a II Mostra de Experi\u00eancias Exitosas da Gest\u00e3o Estadual do SUS para Recupera\u00e7\u00e3o das Coberturas Vacinais, realizada na sede da Organiza\u00e7\u00e3o Pan-Americana da Sa\u00fade (OPAS), em Bras\u00edlia. A experi\u00eancia paulista, apresentada pela Secretaria de Estado da Sa\u00fade de S\u00e3o Paulo, destacou o uso da informa\u00e7\u00e3o p\u00fablica e da mobiliza\u00e7\u00e3o social para ampliar a vacina\u00e7\u00e3o e enfrentar a desinforma\u00e7\u00e3o.<\/p>\n<p class=\"wp-block-paragraph\">O evento, promovido pelo Conselho Nacional de Secret\u00e1rios de Sa\u00fade (Conass) nesta semana, reuniu representantes das secretarias estaduais de sa\u00fade de todo o pa\u00eds para compartilhar estrat\u00e9gias voltadas ao fortalecimento da imuniza\u00e7\u00e3o no Brasil.<\/p>\n<p class=\"wp-block-paragraph\"><strong>LEIA TAMB\u00c9M: <a href=\"https:\/\/www.agenciasp.sp.gov.br\/sp-reforca-orientacao-sobre-vacina-contra-febre-amarela-apos-novo-caso-no-vale-do-paraiba\/\" rel=\"noopener\">SP refor\u00e7a orienta\u00e7\u00e3o sobre vacina contra febre amarela ap\u00f3s novo caso no Vale do Para\u00edba<\/a><\/strong><\/p>\n<p class=\"wp-block-paragraph\">A campanha foi desenvolvida pelas Secretarias de Comunica\u00e7\u00e3o e da Sa\u00fade do Governo de S\u00e3o Paulo em 2025, em resposta ao aumento de casos de <a href=\"https:\/\/www.agenciasp.sp.gov.br\/febre-amarela-duvidas-sobre-a-doenca\/\" rel=\"noopener\">febre amarela<\/a> no estado, e refor\u00e7ou a import\u00e2ncia da informa\u00e7\u00e3o qualificada, da atua\u00e7\u00e3o integrada entre \u00e1reas t\u00e9cnicas e de comunica\u00e7\u00e3o e do uso de estrat\u00e9gias direcionadas para mobilizar diferentes p\u00fablicos.<\/p>\n<h3 class=\"wp-block-heading\">V\u00eddeo da campanha<\/h3>\n<p class=\"wp-block-paragraph\">Apresentada na sess\u00e3o dedicada \u00e0s campanhas de comunica\u00e7\u00e3o e ao enfrentamento da desinforma\u00e7\u00e3o, a experi\u00eancia paulista teve como tema \u201cInforma\u00e7\u00e3o, mobiliza\u00e7\u00e3o e vacina: comunica\u00e7\u00e3o p\u00fablica na preven\u00e7\u00e3o da febre amarela em S\u00e3o Paulo\u201d. A iniciativa mostrou como a comunica\u00e7\u00e3o em sa\u00fade foi usada para orientar a popula\u00e7\u00e3o, ampliar o alcance das mensagens sobre vacina\u00e7\u00e3o e apoiar as a\u00e7\u00f5es de preven\u00e7\u00e3o e controle da doen\u00e7a no estado.<\/p>\n<p class=\"wp-block-paragraph\">A mobiliza\u00e7\u00e3o contribuiu diretamente para a amplia\u00e7\u00e3o do n\u00famero de vacinados no territ\u00f3rio paulista. Nos meses de janeiro e fevereiro de 2025, o estado registrou a aplica\u00e7\u00e3o de 371,1 mil doses contra a febre amarela, volume 36,8% superior ao contabilizado no mesmo per\u00edodo do ano anterior. Em fevereiro, m\u00eas de maior intensidade da campanha, o crescimento chegou a 66,2%, passando de 116.381 para 193.395 doses aplicadas. O resultado refor\u00e7a o papel da comunica\u00e7\u00e3o p\u00fablica como ferramenta estrat\u00e9gica para ampliar o acesso \u00e0 informa\u00e7\u00e3o, combater a desinforma\u00e7\u00e3o e incentivar a ades\u00e3o \u00e0s vacinas.<\/p>\n<p class=\"wp-block-paragraph\"><strong>LEIA TAMB\u00c9M: <a href=\"https:\/\/www.agenciasp.sp.gov.br\/sp-reforca-prevencao-de-queimaduras-durante-o-inverno-e-ferias-escolares-com-treinamento-para-profissionais-de-saude\/\" rel=\"noopener\">SP refor\u00e7a preven\u00e7\u00e3o de queimaduras durante o inverno e f\u00e9rias escolares com treinamento para profissionais de sa\u00fade; veja cuidados<\/a><\/strong><\/p>\n<p class=\"wp-block-paragraph\">Al\u00e9m do case de comunica\u00e7\u00e3o, a Secretaria tamb\u00e9m apresentou, na \u00e1rea de sistemas de informa\u00e7\u00e3o e integra\u00e7\u00e3o de dados, o trabalho \u201cInteroperabilidade de Dados Vacinais para a Rede Nacional de Dados em Sa\u00fade (RNDS)\u201d, abordando o apoio do Estado aos munic\u00edpios paulistas para superar barreiras no envio de registros vacinais, qualificar as informa\u00e7\u00f5es e aprimorar o monitoramento das coberturas.<\/p>\n<p class=\"wp-block-paragraph\">A SES-SP tamb\u00e9m participou do painel sobre o Incentivo \u00e0 Gest\u00e3o Municipal do SUS Paulista (IGM SUS Paulista), estrat\u00e9gia de apoio financeiro aos munic\u00edpios que inclui indicadores relacionados \u00e0 vacina\u00e7\u00e3o entre as metas priorit\u00e1rias de sa\u00fade.<\/p>\n<p class=\"wp-block-paragraph\">Com tr\u00eas experi\u00eancias selecionadas para a mostra, S\u00e3o Paulo destacou a\u00e7\u00f5es voltadas \u00e0 comunica\u00e7\u00e3o p\u00fablica, \u00e0 integra\u00e7\u00e3o de dados e ao apoio financeiro aos munic\u00edpios como frentes complementares para recuperar coberturas vacinais e fortalecer as a\u00e7\u00f5es de imuniza\u00e7\u00e3o no SUS.<\/p>\n<\/p><\/div>\n<p><br \/>\n<br \/><a href=\"https:\/\/www.agenciasp.sp.gov.br\/campanha-do-governo-de-sp-contra-febre-amarela-e-destaque-nacional-por-ampliar-adesao-a-vacinacao\/\" rel=\"noopener\">Informa\u00e7\u00f5es GOV.SP<\/a><\/p>\n","protected":false},"excerpt":{"rendered":"<p>A campanha \u201cS\u00e3o Paulo: todos contra a febre amarela\u201d foi reconhecida como um dos cinco principais cases de comunica\u00e7\u00e3o em sa\u00fade do pa\u00eds durante a II Mostra de Experi\u00eancias Exitosas da Gest\u00e3o Estadual do SUS para Recupera\u00e7\u00e3o das Coberturas Vacinais, realizada na sede da Organiza\u00e7\u00e3o Pan-Americana da Sa\u00fade (OPAS), em Bras\u00edlia. A experi\u00eancia paulista, apresentada [&hellip;]<\/p>\n","protected":false},"author":1,"featured_media":69688,"comment_status":"","ping_status":"open","sticky":false,"template":"","format":"standard","meta":{"_jetpack_newsletter_access":"","_jetpack_dont_email_post_to_subs":false,"_jetpack_newsletter_tier_id":0,"_jetpack_memberships_contains_paywalled_content":false,"_mbp_banners":[],"_jetpack_feature_clip_id":0,"_jetpack_memberships_contains_paid_content":false,"footnotes":"","jetpack_publicize_message":"","jetpack_publicize_feature_enabled":true,"jetpack_social_post_already_shared":true,"jetpack_social_options":{"image_generator_settings":{"template":"highway","default_image_id":0,"font":"","enabled":false},"version":2},"jetpack_post_was_ever_published":false},"categories":[21],"tags":[],"class_list":["post-69687","post","type-post","status-publish","format-standard","has-post-thumbnail","category-sp-news"],"jetpack_publicize_connections":[],"jetpack-related-posts":[],"jetpack_shortlink":"https:\/\/wp.me\/p7Eq1F-i7Z","jetpack_sharing_enabled":true,"jetpack_featured_media_url":"https:\/\/i0.wp.com\/guialimeira.com.br\/news\/wp-content\/uploads\/2026\/06\/Campanha-do-Governo-de-SP-contra-febre-amarela-e-destaque.jpg?fit=2560%2C1707&ssl=1","_links":{"self":[{"href":"https:\/\/guialimeira.com.br\/news\/wp-json\/wp\/v2\/posts\/69687","targetHints":{"allow":["GET"]}}],"collection":[{"href":"https:\/\/guialimeira.com.br\/news\/wp-json\/wp\/v2\/posts"}],"about":[{"href":"https:\/\/guialimeira.com.br\/news\/wp-json\/wp\/v2\/types\/post"}],"author":[{"embeddable":true,"href":"https:\/\/guialimeira.com.br\/news\/wp-json\/wp\/v2\/users\/1"}],"replies":[{"embeddable":true,"href":"https:\/\/guialimeira.com.br\/news\/wp-json\/wp\/v2\/comments?post=69687"}],"version-history":[{"count":0,"href":"https:\/\/guialimeira.com.br\/news\/wp-json\/wp\/v2\/posts\/69687\/revisions"}],"wp:featuredmedia":[{"embeddable":true,"href":"https:\/\/guialimeira.com.br\/news\/wp-json\/wp\/v2\/media\/69688"}],"wp:attachment":[{"href":"https:\/\/guialimeira.com.br\/news\/wp-json\/wp\/v2\/media?parent=69687"}],"wp:term":[{"taxonomy":"category","embeddable":true,"href":"https:\/\/guialimeira.com.br\/news\/wp-json\/wp\/v2\/categories?post=69687"},{"taxonomy":"post_tag","embeddable":true,"href":"https:\/\/guialimeira.com.br\/news\/wp-json\/wp\/v2\/tags?post=69687"}],"curies":[{"name":"wp","href":"https:\/\/api.w.org\/{rel}","templated":true}]}}