{"id":69682,"date":"2026-06-19T20:18:22","date_gmt":"2026-06-19T23:18:22","guid":{"rendered":"https:\/\/guialimeira.com.br\/rubiacea-na-regiao-de-aracatuba-ganha-mais-50-mil-litros-de-reserva-de-agua-e-reforca-seguranca-hidrica-para-1-500-moradores\/"},"modified":"2026-06-19T20:18:22","modified_gmt":"2026-06-19T23:18:22","slug":"rubiacea-na-regiao-de-aracatuba-ganha-mais-50-mil-litros-de-reserva-de-agua-e-reforca-seguranca-hidrica-para-1-500-moradores","status":"publish","type":"post","link":"https:\/\/guialimeira.com.br\/news\/rubiacea-na-regiao-de-aracatuba-ganha-mais-50-mil-litros-de-reserva-de-agua-e-reforca-seguranca-hidrica-para-1-500-moradores\/","title":{"rendered":"Rubi\u00e1cea, na regi\u00e3o de Ara\u00e7atuba, ganha mais 50 mil litros de reserva de \u00e1gua e refor\u00e7a seguran\u00e7a h\u00eddrica para 1.500 moradores"},"content":{"rendered":"<p> <br \/>\n<\/p>\n<div data-id=\"5a922b4\" data-element_type=\"widget\" data-e-type=\"widget\" data-widget_type=\"theme-post-content.default\">\n<div class=\"elementor-widget-container\">\n<p class=\"wp-block-paragraph\">A popula\u00e7\u00e3o de Rubi\u00e1cea, na regi\u00e3o de Ara\u00e7atuba, passar\u00e1 a contar com mais 50 mil litros de \u00e1gua reservados para refor\u00e7ar a seguran\u00e7a h\u00eddrica do munic\u00edpio. A Sabesp est\u00e1 investindo R$ 800 mil na constru\u00e7\u00e3o de um novo reservat\u00f3rio e na amplia\u00e7\u00e3o da rede de distribui\u00e7\u00e3o de \u00e1gua, beneficiando diretamente cerca de 1.500 moradores da \u00e1rea urbana.<\/p>\n<p class=\"wp-block-paragraph\">O investimento integra o plano de expans\u00e3o da Sabesp para universalizar os servi\u00e7os de saneamento em todo o estado de S\u00e3o Paulo, garantindo \u00e1gua de qualidade e em quantidade suficiente para a popula\u00e7\u00e3o.<\/p>\n<figure class=\"wp-block-image alignleft size-large is-resized\"><img data-recalc-dims=\"1\" fetchpriority=\"high\" decoding=\"async\" width=\"576\" height=\"1024\" src=\"https:\/\/i0.wp.com\/www.agenciasp.sp.gov.br\/wp-content\/uploads\/2026\/06\/WhatsApp-Image-2026-06-19-at-16.18.08-576x1024.jpeg?resize=576%2C1024&#038;ssl=1\" alt=\"\" class=\"wp-image-153723 lazy\" style=\"width:386px;height:auto\" srcset=\"https:\/\/www.agenciasp.sp.gov.br\/wp-content\/uploads\/2026\/06\/WhatsApp-Image-2026-06-19-at-16.18.08-576x1024.jpeg 576w, https:\/\/www.agenciasp.sp.gov.br\/wp-content\/uploads\/2026\/06\/WhatsApp-Image-2026-06-19-at-16.18.08-169x300.jpeg 169w, https:\/\/www.agenciasp.sp.gov.br\/wp-content\/uploads\/2026\/06\/WhatsApp-Image-2026-06-19-at-16.18.08-150x267.jpeg 150w, https:\/\/www.agenciasp.sp.gov.br\/wp-content\/uploads\/2026\/06\/WhatsApp-Image-2026-06-19-at-16.18.08.jpeg 720w\" data-sizes=\"(max-width: 576px) 100vw, 576px\"\/><figcaption class=\"wp-element-caption\"><em>Foto: Divulga\u00e7\u00e3o\/Sabesp<\/em><\/figcaption><\/figure>\n<p class=\"wp-block-paragraph\">O empreendimento inclui um reservat\u00f3rio com capacidade para armazenar 50 mil litros de \u00e1gua e a implanta\u00e7\u00e3o de 500 metros de rede de distribui\u00e7\u00e3o para interliga\u00e7\u00e3o ao sistema existente. A entrega da estrutura est\u00e1 prevista para este ano.<\/p>\n<p class=\"wp-block-paragraph\">Com o aumento da capacidade de reserva\u00e7\u00e3o, a cidade ganha mais estabilidade e confiabilidade no abastecimento, especialmente em per\u00edodos de maior consumo ou em situa\u00e7\u00f5es que exijam manobras operacionais. A medida fortalece a infraestrutura local e amplia a capacidade de resposta do sistema diante do crescimento da demanda.<\/p>\n<p class=\"wp-block-paragraph\">A obra tamb\u00e9m reflete a amplia\u00e7\u00e3o da capacidade de investimento da Companhia ap\u00f3s a privatiza\u00e7\u00e3o, que possibilitou maior capta\u00e7\u00e3o de recursos privados para acelerar a execu\u00e7\u00e3o de projetos de infraestrutura. A meta \u00e9 universalizar o acesso aos servi\u00e7os de saneamento em todos os munic\u00edpios atendidos at\u00e9 2029, antecipando o prazo estabelecido pelo Marco Legal do Saneamento, que \u00e9 2033.<\/p>\n<p class=\"wp-block-paragraph\">\u201cEste reservat\u00f3rio representa um avan\u00e7o importante para Rubi\u00e1cea. Estamos acrescentando 50 mil litros de capacidade de armazenamento ao sistema, o que significa mais seguran\u00e7a h\u00eddrica, mais confiabilidade operacional e maior garantia de abastecimento para a popula\u00e7\u00e3o. \u00c9 um investimento que prepara o munic\u00edpio para o futuro e refor\u00e7a nosso compromisso de oferecer \u00e1gua de qualidade para todos\u201d, destaca Maur\u00edcio Polezi, diretor regional da Sabesp.<\/p>\n<p class=\"wp-block-paragraph\"><strong>LEIA TAMB\u00c9M:<\/strong> <a href=\"https:\/\/www.agenciasp.sp.gov.br\/governo-de-sp-aperfeicoa-metodologia-de-seguranca-hidrica-e-amplia-prevencao\/\" rel=\"noopener\">Governo de SP aperfei\u00e7oa metodologia de seguran\u00e7a h\u00eddrica e amplia preven\u00e7\u00e3o<\/a><\/p>\n<p class=\"wp-block-paragraph\">A iniciativa refor\u00e7a o compromisso da Companhia com a melhoria cont\u00ednua dos servi\u00e7os prestados, contribuindo para a qualidade de vida da popula\u00e7\u00e3o e para o desenvolvimento sustent\u00e1vel dos munic\u00edpios paulistas.<\/p>\n<\/p><\/div>\n<\/p><\/div>\n<p><br \/>\n<br \/><a href=\"https:\/\/www.agenciasp.sp.gov.br\/rubiacea-na-regiao-de-aracatuba-ganha-mais-50-mil-litros-de-reserva-de-agua-e-reforca-seguranca-hidrica-para-1-500-moradores\/\" rel=\"noopener\">Informa\u00e7\u00f5es GOV.SP<\/a><\/p>\n","protected":false},"excerpt":{"rendered":"<p>A popula\u00e7\u00e3o de Rubi\u00e1cea, na regi\u00e3o de Ara\u00e7atuba, passar\u00e1 a contar com mais 50 mil litros de \u00e1gua reservados para refor\u00e7ar a seguran\u00e7a h\u00eddrica do munic\u00edpio. A Sabesp est\u00e1 investindo R$ 800 mil na constru\u00e7\u00e3o de um novo reservat\u00f3rio e na amplia\u00e7\u00e3o da rede de distribui\u00e7\u00e3o de \u00e1gua, beneficiando diretamente cerca de 1.500 moradores da [&hellip;]<\/p>\n","protected":false},"author":1,"featured_media":69683,"comment_status":"","ping_status":"open","sticky":false,"template":"","format":"standard","meta":{"_jetpack_newsletter_access":"","_jetpack_dont_email_post_to_subs":false,"_jetpack_newsletter_tier_id":0,"_jetpack_memberships_contains_paywalled_content":false,"_mbp_banners":[],"_jetpack_feature_clip_id":0,"_jetpack_memberships_contains_paid_content":false,"footnotes":"","jetpack_publicize_message":"","jetpack_publicize_feature_enabled":true,"jetpack_social_post_already_shared":true,"jetpack_social_options":{"image_generator_settings":{"template":"highway","default_image_id":0,"font":"","enabled":false},"version":2},"jetpack_post_was_ever_published":false},"categories":[21],"tags":[],"class_list":["post-69682","post","type-post","status-publish","format-standard","has-post-thumbnail","category-sp-news"],"jetpack_publicize_connections":[],"jetpack-related-posts":[],"jetpack_shortlink":"https:\/\/wp.me\/p7Eq1F-i7U","jetpack_sharing_enabled":true,"jetpack_featured_media_url":"https:\/\/i0.wp.com\/guialimeira.com.br\/news\/wp-content\/uploads\/2026\/06\/Rubiacea-na-regiao-de-Aracatuba-ganha-mais-50-mil-litros.jpeg?fit=576%2C1024&ssl=1","_links":{"self":[{"href":"https:\/\/guialimeira.com.br\/news\/wp-json\/wp\/v2\/posts\/69682","targetHints":{"allow":["GET"]}}],"collection":[{"href":"https:\/\/guialimeira.com.br\/news\/wp-json\/wp\/v2\/posts"}],"about":[{"href":"https:\/\/guialimeira.com.br\/news\/wp-json\/wp\/v2\/types\/post"}],"author":[{"embeddable":true,"href":"https:\/\/guialimeira.com.br\/news\/wp-json\/wp\/v2\/users\/1"}],"replies":[{"embeddable":true,"href":"https:\/\/guialimeira.com.br\/news\/wp-json\/wp\/v2\/comments?post=69682"}],"version-history":[{"count":0,"href":"https:\/\/guialimeira.com.br\/news\/wp-json\/wp\/v2\/posts\/69682\/revisions"}],"wp:featuredmedia":[{"embeddable":true,"href":"https:\/\/guialimeira.com.br\/news\/wp-json\/wp\/v2\/media\/69683"}],"wp:attachment":[{"href":"https:\/\/guialimeira.com.br\/news\/wp-json\/wp\/v2\/media?parent=69682"}],"wp:term":[{"taxonomy":"category","embeddable":true,"href":"https:\/\/guialimeira.com.br\/news\/wp-json\/wp\/v2\/categories?post=69682"},{"taxonomy":"post_tag","embeddable":true,"href":"https:\/\/guialimeira.com.br\/news\/wp-json\/wp\/v2\/tags?post=69682"}],"curies":[{"name":"wp","href":"https:\/\/api.w.org\/{rel}","templated":true}]}}