{"id":6968,"date":"2024-05-29T20:04:54","date_gmt":"2024-05-29T23:04:54","guid":{"rendered":"https:\/\/guialimeira.com.br\/2024\/05\/29\/corpus-christi-veja-como-funcionarao-linhas-concedidas-de-metro-e-trens-metropolitanos\/"},"modified":"2024-05-29T20:04:54","modified_gmt":"2024-05-29T23:04:54","slug":"corpus-christi-veja-como-funcionarao-linhas-concedidas-de-metro-e-trens-metropolitanos","status":"publish","type":"post","link":"https:\/\/guialimeira.com.br\/news\/corpus-christi-veja-como-funcionarao-linhas-concedidas-de-metro-e-trens-metropolitanos\/","title":{"rendered":"Corpus Christi: veja como funcionar\u00e3o linhas concedidas de metr\u00f4 e trens metropolitanos"},"content":{"rendered":"<p> <br \/>\n<\/p>\n<div id=\"\">&#13;<br \/>\n                                <!-- Title -->&#13;<br \/>\n                                &#13;<br \/>\n&#13;<br \/>\n                                <!-- Excerpt -->&#13;<\/p>\n<p class=\"excerpt\">Linhas 4-Amarela, 5-Lil\u00e1s, 8-Diamante e 9-Esmeralda ter\u00e3o esquema especial de funcionamento na regi\u00e3o metropolitana de SP<\/p>\n<p>&#13;<br \/>\n&#13;<br \/>\n                                &#13;\n                            <\/p><\/div>\n<div id=\"\">&#13;<\/p>\n<p>Por conta do<a href=\"https:\/\/www.saopaulo.sp.gov.br\/spnoticias\/ultimas-noticias\/confira-o-funcionamento-dos-servicos-estaduais-no-feriado-de-corpus-christi-4\/\" rel=\"noopener\"> feriado prolongado de Corpus Christi<\/a>, as linhas da ViaQuatro, ViaMobilidade e ViaMobilidade8e9 v\u00e3o contar um esquema diferenciado de funcionamento.<\/p>\n<p>Confira abaixo os detalhes:<\/p>\n<h3>Linha 4-Amarela<\/h3>\n<p>A Linha 4-Amarela vai operar com demanda de feriado e fim de semana, e regular a oferta de trens e colaboradores conforme necess\u00e1rio.<\/p>\n<h3>Linha 5-Lil\u00e1s<\/h3>\n<p>A Linha 5-Lil\u00e1s vai operar com demanda de feriado e fim de semana, e regular a oferta de trens e colaboradores conforme necess\u00e1rio.<\/p>\n<h3>Linhas 8-Diamante \/ 9-Esmeralda<\/h3>\n<p><strong>Opera\u00e7\u00e3o no feriado, dia 30:<\/strong><\/p>\n<p>\u2013 A linha 8 e a linha 9 funcionar\u00e3o com intervalos de 10 minutos e a linha 9, das 10h \u00e0s 15h, os intervalos ser\u00e3o de 16 minutos entre as esta\u00e7\u00f5es Jurubatuba e Bruno Covas-Mendes\/Vila Natal.<\/p>\n<p><strong>Opera\u00e7\u00e3o na sexta-feira, dia 31:<\/strong><\/p>\n<h3>Linha 8-Diamante<\/h3>\n<p>\u2013 Intervalo de cerca de 12 minutos entre as esta\u00e7\u00f5es J\u00falio Prestes e Palmeiras-Barra Funda.<\/p>\n<p>\u2013 Intervalo de at\u00e9 06 minutos entre as esta\u00e7\u00f5es Palmeiras-Barra Funda e Barueri.<\/p>\n<p>\u2013 Intervalo de cerca de 14 minutos entre as esta\u00e7\u00f5es Barueri e Itapevi (estrat\u00e9gia de looping \u2013 ida e volta dos trens no trecho entre esta\u00e7\u00f5es de maior carregamento de passageiros para a redu\u00e7\u00e3o dos intervalos).<\/p>\n<h3>Linha 9-Esmeralda<\/h3>\n<p>\u2013 Intervalo de cerca de 9 minutos entre as esta\u00e7\u00f5es Osasco e Pinheiros.<\/p>\n<p>\u2013 Intervalo de cerca de 5 minutos entre as esta\u00e7\u00f5es Pinheiros e Bruno Covas-Mendes\/Vila Natal (estrat\u00e9gia de looping \u2013 ida e volta dos trens no trecho entre as esta\u00e7\u00f5es de maior fluxo de passageiros para a redu\u00e7\u00e3o dos intervalos).<\/p>\n<\/p><\/div>\n<p><br \/>\n<br \/><a href=\"https:\/\/www.saopaulo.sp.gov.br\/spnoticias\/ultimas-noticias\/corpus-christi-veja-como-funcionarao-linhas-concedidas-de-metro-e-trens-metropolitanos\/\" rel=\"noopener\">Informa\u00e7\u00f5es GOV.SP<\/a><\/p>\n","protected":false},"excerpt":{"rendered":"<p>&#13; &#13; &#13; &#13; &#13; Linhas 4-Amarela, 5-Lil\u00e1s, 8-Diamante e 9-Esmeralda ter\u00e3o esquema especial de funcionamento na regi\u00e3o metropolitana de SP &#13; &#13; &#13; &#13; Por conta do feriado prolongado de Corpus Christi, as linhas da ViaQuatro, ViaMobilidade e ViaMobilidade8e9 v\u00e3o contar um esquema diferenciado de funcionamento. Confira abaixo os detalhes: Linha 4-Amarela A Linha [&hellip;]<\/p>\n","protected":false},"author":1,"featured_media":238,"comment_status":"open","ping_status":"open","sticky":false,"template":"","format":"standard","meta":{"_jetpack_newsletter_access":"","_jetpack_dont_email_post_to_subs":false,"_jetpack_newsletter_tier_id":0,"_jetpack_memberships_contains_paywalled_content":false,"_mbp_banners":[],"_jetpack_feature_clip_id":0,"_jetpack_memberships_contains_paid_content":false,"footnotes":"","jetpack_publicize_message":"","jetpack_publicize_feature_enabled":true,"jetpack_social_post_already_shared":true,"jetpack_social_options":{"image_generator_settings":{"template":"highway","default_image_id":0,"font":"","enabled":false},"version":2},"jetpack_post_was_ever_published":false},"categories":[21],"tags":[],"class_list":["post-6968","post","type-post","status-publish","format-standard","has-post-thumbnail","category-sp-news"],"jetpack_publicize_connections":[],"jetpack-related-posts":[],"jetpack_shortlink":"https:\/\/wp.me\/p7Eq1F-1Oo","jetpack_sharing_enabled":true,"jetpack_featured_media_url":"https:\/\/i0.wp.com\/guialimeira.com.br\/news\/wp-content\/uploads\/2024\/03\/cover.png?fit=650%2C650&ssl=1","_links":{"self":[{"href":"https:\/\/guialimeira.com.br\/news\/wp-json\/wp\/v2\/posts\/6968","targetHints":{"allow":["GET"]}}],"collection":[{"href":"https:\/\/guialimeira.com.br\/news\/wp-json\/wp\/v2\/posts"}],"about":[{"href":"https:\/\/guialimeira.com.br\/news\/wp-json\/wp\/v2\/types\/post"}],"author":[{"embeddable":true,"href":"https:\/\/guialimeira.com.br\/news\/wp-json\/wp\/v2\/users\/1"}],"replies":[{"embeddable":true,"href":"https:\/\/guialimeira.com.br\/news\/wp-json\/wp\/v2\/comments?post=6968"}],"version-history":[{"count":0,"href":"https:\/\/guialimeira.com.br\/news\/wp-json\/wp\/v2\/posts\/6968\/revisions"}],"wp:featuredmedia":[{"embeddable":true,"href":"https:\/\/guialimeira.com.br\/news\/wp-json\/wp\/v2\/media\/238"}],"wp:attachment":[{"href":"https:\/\/guialimeira.com.br\/news\/wp-json\/wp\/v2\/media?parent=6968"}],"wp:term":[{"taxonomy":"category","embeddable":true,"href":"https:\/\/guialimeira.com.br\/news\/wp-json\/wp\/v2\/categories?post=6968"},{"taxonomy":"post_tag","embeddable":true,"href":"https:\/\/guialimeira.com.br\/news\/wp-json\/wp\/v2\/tags?post=6968"}],"curies":[{"name":"wp","href":"https:\/\/api.w.org\/{rel}","templated":true}]}}