{"id":69678,"date":"2026-06-19T19:20:13","date_gmt":"2026-06-19T22:20:13","guid":{"rendered":"https:\/\/guialimeira.com.br\/reorganizacao-na-toledo-barros-praca-recebe-faixas-elevadas-de-pedestres-e-novas-vagas-de-estacionamento\/"},"modified":"2026-06-19T19:20:13","modified_gmt":"2026-06-19T22:20:13","slug":"reorganizacao-na-toledo-barros-praca-recebe-faixas-elevadas-de-pedestres-e-novas-vagas-de-estacionamento","status":"publish","type":"post","link":"https:\/\/guialimeira.com.br\/news\/reorganizacao-na-toledo-barros-praca-recebe-faixas-elevadas-de-pedestres-e-novas-vagas-de-estacionamento\/","title":{"rendered":"Reorganiza\u00e7\u00e3o na Toledo Barros: pra\u00e7a recebe faixas elevadas de pedestres e novas vagas de estacionamento"},"content":{"rendered":"<p> <br \/>\n<\/p>\n<div>\n                <main class=\"\">&#13;<br \/>\n                    &#13;<br \/>\n&#13;<br \/>\n&#13;<br \/>\n&#13;<br \/>\n&#13;<br \/>\n&#13;<br \/>\n&#13;<br \/>\n&#13;<\/p>\n<p>\u00a0<\/p>\n<p>&#13;<\/p>\n<p>A Prefeitura de Limeira iniciou nesta sexta-feira (19) a instala\u00e7\u00e3o de duas faixas elevadas para travessia de pedestres nas ruas Carlos Gomes e Senador Vergueiro, no entorno da Pra\u00e7a Toledo Barros. A interven\u00e7\u00e3o integra uma nova concep\u00e7\u00e3o de uso do espa\u00e7o, que prev\u00ea ainda 30 vagas de estacionamento rotativo, a transfer\u00eancia dos pontos de t\u00e1xi para as laterais internas da pra\u00e7a.<\/p>\n<p>&#13;<\/p>\n<p>As novas faixas elevadas substituem travessias convencionais j\u00e1 existentes nas ruas Carlos Gomes, na altura da Conselheiro Saraiva, e Senador Vergueiro, esta \u00faltima interligando a pra\u00e7a diretamente ao cal\u00e7ad\u00e3o. O modelo elevado reduz a velocidade dos ve\u00edculos e refor\u00e7a a seguran\u00e7a de pedestres, especialmente idosos e pessoas com mobilidade reduzida. Na Rua Senador Vergueiro, a travessia tamb\u00e9m foi reposicionada para ficar alinhada ao acesso do cal\u00e7ad\u00e3o.<\/p>\n<p>&#13;<\/p>\n<p>J\u00e1 os espa\u00e7os antes ocupados pelos t\u00e1xis dar\u00e3o lugar \u00e0s vagas rotativas de estacionamento, enquanto os taxistas passam a operar nas laterais internas da pra\u00e7a. O prefeito Murilo F\u00e9lix destacou que a reorganiza\u00e7\u00e3o aumenta a oferta de vagas para quem usa o com\u00e9rcio e os servi\u00e7os do Centro, sem prejudicar o trabalho dos taxistas, e contribui para melhorar a mobilidade da regi\u00e3o. \u201cA feira que ocorre aos fins de semana sair\u00e1 fortalecida, al\u00e9m disso, atra\u00e7\u00f5es como a Copa na Pra\u00e7a proporcionam uma nova vida ao espa\u00e7o\u201d, argumentou.<\/p>\n<p>&#13;<\/p>\n<p>O secret\u00e1rio de Meio Ambiente e Saneamento, F\u00e1bio Lucas Rosa Junior, explicou que as mudan\u00e7as foram implantadas a partir de estudos t\u00e9cnicos. &#8220;Em um \u00fanico movimento, conseguimos criar 30 vagas de estacionamento em uma regi\u00e3o onde sabemos da dificuldade para estacionar&#8221;, salientou.<br \/>Novas a\u00e7\u00f5es<br \/>Como parte do mesmo conjunto de melhorias, Murilo F\u00e9lix destacou que a Prefeitura realizou outras interven\u00e7\u00f5es, como a implanta\u00e7\u00e3o de faixas preferenciais para motociclistas antes dos sem\u00e1foros, os chamados \u201cbols\u00f5es\u201d, al\u00e9m de refor\u00e7ar toda a sinaliza\u00e7\u00e3o de solo no entorno da pra\u00e7a. O pr\u00f3ximo passo, segundo ele, ser\u00e1 a cria\u00e7\u00e3o de um ponto de apoio para motoboys, em local ainda a ser definido. &#8220;Estamos criando um ambiente mais seguro, acess\u00edvel e atrativo para quem trabalha, faz compras ou frequenta o Centro\u201d, comentou.<\/p>\n<p>&#13;<br \/>\n&#13;<br \/>\n&#13;<br \/>\n&#13;<\/p>\n<article class=\"conteudo-relacionado no-print\">&#13;<br \/>\n        &#13;<br \/>\n&#13;<br \/>\n        &#13;<br \/>\n    <\/article>\n<p>&#13;<br \/>\n&#13;<br \/>\n                <\/main><\/p><\/div>\n<p><br \/>\n<br \/><a href=\"https:\/\/limeira.sp.gov.br\/reorganizacao-na-toledo-barros-praca-recebe-faixas-elevadas-de-pedestres-e-novas-vagas-de-estacionamento\" rel=\"noopener\">Informa\u00e7\u00f5es da PML <\/a><\/p>\n","protected":false},"excerpt":{"rendered":"<p>&#13; &#13; &#13; &#13; &#13; &#13; &#13; &#13; &#13; \u00a0 &#13; A Prefeitura de Limeira iniciou nesta sexta-feira (19) a instala\u00e7\u00e3o de duas faixas elevadas para travessia de pedestres nas ruas Carlos Gomes e Senador Vergueiro, no entorno da Pra\u00e7a Toledo Barros. A interven\u00e7\u00e3o integra uma nova concep\u00e7\u00e3o de uso do espa\u00e7o, que prev\u00ea ainda [&hellip;]<\/p>\n","protected":false},"author":1,"featured_media":69667,"comment_status":"","ping_status":"open","sticky":false,"template":"","format":"standard","meta":{"_jetpack_newsletter_access":"","_jetpack_dont_email_post_to_subs":false,"_jetpack_newsletter_tier_id":0,"_jetpack_memberships_contains_paywalled_content":false,"_mbp_banners":[],"_jetpack_feature_clip_id":0,"_jetpack_memberships_contains_paid_content":false,"footnotes":"","jetpack_publicize_message":"","jetpack_publicize_feature_enabled":true,"jetpack_social_post_already_shared":true,"jetpack_social_options":{"image_generator_settings":{"template":"highway","default_image_id":0,"font":"","enabled":false},"version":2},"jetpack_post_was_ever_published":false},"categories":[16],"tags":[],"class_list":["post-69678","post","type-post","status-publish","format-standard","has-post-thumbnail","category-local"],"jetpack_publicize_connections":[],"jetpack-related-posts":[],"jetpack_shortlink":"https:\/\/wp.me\/p7Eq1F-i7Q","jetpack_sharing_enabled":true,"jetpack_featured_media_url":"https:\/\/i0.wp.com\/guialimeira.com.br\/news\/wp-content\/uploads\/2026\/06\/fotonaodisponivel.jpg?fit=430%2C282&ssl=1","_links":{"self":[{"href":"https:\/\/guialimeira.com.br\/news\/wp-json\/wp\/v2\/posts\/69678","targetHints":{"allow":["GET"]}}],"collection":[{"href":"https:\/\/guialimeira.com.br\/news\/wp-json\/wp\/v2\/posts"}],"about":[{"href":"https:\/\/guialimeira.com.br\/news\/wp-json\/wp\/v2\/types\/post"}],"author":[{"embeddable":true,"href":"https:\/\/guialimeira.com.br\/news\/wp-json\/wp\/v2\/users\/1"}],"replies":[{"embeddable":true,"href":"https:\/\/guialimeira.com.br\/news\/wp-json\/wp\/v2\/comments?post=69678"}],"version-history":[{"count":0,"href":"https:\/\/guialimeira.com.br\/news\/wp-json\/wp\/v2\/posts\/69678\/revisions"}],"wp:featuredmedia":[{"embeddable":true,"href":"https:\/\/guialimeira.com.br\/news\/wp-json\/wp\/v2\/media\/69667"}],"wp:attachment":[{"href":"https:\/\/guialimeira.com.br\/news\/wp-json\/wp\/v2\/media?parent=69678"}],"wp:term":[{"taxonomy":"category","embeddable":true,"href":"https:\/\/guialimeira.com.br\/news\/wp-json\/wp\/v2\/categories?post=69678"},{"taxonomy":"post_tag","embeddable":true,"href":"https:\/\/guialimeira.com.br\/news\/wp-json\/wp\/v2\/tags?post=69678"}],"curies":[{"name":"wp","href":"https:\/\/api.w.org\/{rel}","templated":true}]}}