{"id":69676,"date":"2026-06-19T19:16:22","date_gmt":"2026-06-19T22:16:22","guid":{"rendered":"https:\/\/guialimeira.com.br\/caravana-3d-com-formatura-de-13-mil-alunos-na-baixada-santista-caminho-da-capacitacao-alcanca-todas-as-regioes-paulistas\/"},"modified":"2026-06-19T19:16:22","modified_gmt":"2026-06-19T22:16:22","slug":"caravana-3d-com-formatura-de-13-mil-alunos-na-baixada-santista-caminho-da-capacitacao-alcanca-todas-as-regioes-paulistas","status":"publish","type":"post","link":"https:\/\/guialimeira.com.br\/news\/caravana-3d-com-formatura-de-13-mil-alunos-na-baixada-santista-caminho-da-capacitacao-alcanca-todas-as-regioes-paulistas\/","title":{"rendered":"Caravana 3D: Com formatura de 1,3 mil alunos na Baixada Santista, Caminho da Capacita\u00e7\u00e3o alcan\u00e7a todas as regi\u00f5es paulistas"},"content":{"rendered":"<p> <br \/>\n<\/p>\n<div>\n<p class=\"wp-block-paragraph\">O Governo de S\u00e3o Paulo encerrou nesta sexta-feira (19), em Guaruj\u00e1, a programa\u00e7\u00e3o da Caravana 3D na Baixada Santista com a certifica\u00e7\u00e3o de 1,3 mil alunos da regi\u00e3o atendidos pelo 22\u00ba ciclo do programa Caminho da Capacita\u00e7\u00e3o, iniciativa do Fundo Social de S\u00e3o Paulo. A formatura marcou a conclus\u00e3o da passagem do programa pela regi\u00e3o e um marco hist\u00f3rico para a iniciativa, que alcan\u00e7ou todas as 16 regi\u00f5es administrativas do estado. A cerim\u00f4nia tamb\u00e9m contou com uma edi\u00e7\u00e3o da Feira de Empregos, aproximando alunos e moradores de oportunidades de trabalho, gera\u00e7\u00e3o de renda e qualifica\u00e7\u00e3o profissional.<\/p>\n<p>\u201cN\u00e3o podia haver maneira melhor de encerrar essa semana na Baixada Santista do que com a formatura do Caminho da Capacita\u00e7\u00e3o. A gente sabe do esfor\u00e7o de cada um, acredita no talento de cada um e \u00e9 por isso que esse programa faz tanta diferen\u00e7a. Quem sonhava com um curso desses muitas vezes n\u00e3o tinha condi\u00e7\u00e3o de pagar. E a gente consegue levar esse curso de gra\u00e7a para quem precisa, chegando na ponta e abrindo novas possibilidades para as pessoas\u201d, afirmou o governador Tarc\u00edsio de Freitas.<\/p>\n<p class=\"wp-block-paragraph\">Ao longo desta etapa, moradores de Bertioga, Cubat\u00e3o, Guaruj\u00e1, Itanha\u00e9m, Mongagu\u00e1, Peru\u00edbe, Praia Grande, Santos e S\u00e3o Vicente participaram de cursos gratuitos de qualifica\u00e7\u00e3o profissional em \u00e1reas com demanda no mercado de trabalho, como gastronomia, panifica\u00e7\u00e3o, beleza e bem-estar, mec\u00e2nica, tecnologia e cuidados com pets.<\/p>\n<p class=\"wp-block-paragraph\">Al\u00e9m das forma\u00e7\u00f5es realizadas nas carretas adaptadas como salas de aula m\u00f3veis, o 22\u00ba ciclo ampliou o alcance da iniciativa com a participa\u00e7\u00e3o de 14 organiza\u00e7\u00f5es da sociedade civil (OSCs) e dois Fundos Sociais Municipais dos munic\u00edpios atendidos. As entidades disponibilizaram capacita\u00e7\u00f5es em unidades fixas, com cargas hor\u00e1rias de 20 e 40 horas. Dos 1.355 alunos certificados nesta etapa, 550 conclu\u00edram forma\u00e7\u00f5es realizadas por meio dessas parcerias.<\/p>\n<figure class=\"wp-block-image size-full\"><img data-recalc-dims=\"1\" fetchpriority=\"high\" decoding=\"async\" width=\"696\" height=\"464\" src=\"https:\/\/i0.wp.com\/www.agenciasp.sp.gov.br\/wp-content\/uploads\/2026\/06\/Tarcisio-de-Freitas-e-Cristiane-Freitas.jpg?resize=696%2C464&#038;ssl=1\" alt=\"\" class=\"wp-image-153752 lazy\" srcset=\"https:\/\/www.agenciasp.sp.gov.br\/wp-content\/uploads\/2026\/06\/Tarcisio-de-Freitas-e-Cristiane-Freitas.jpg 1000w, https:\/\/www.agenciasp.sp.gov.br\/wp-content\/uploads\/2026\/06\/Tarcisio-de-Freitas-e-Cristiane-Freitas-300x200.jpg 300w, https:\/\/www.agenciasp.sp.gov.br\/wp-content\/uploads\/2026\/06\/Tarcisio-de-Freitas-e-Cristiane-Freitas-768x512.jpg 768w, https:\/\/www.agenciasp.sp.gov.br\/wp-content\/uploads\/2026\/06\/Tarcisio-de-Freitas-e-Cristiane-Freitas-150x100.jpg 150w\" data-sizes=\"(max-width: 1000px) 100vw, 1000px\"\/><\/figure>\n<p class=\"wp-block-paragraph\">Durante a cerim\u00f4nia, a primeira-dama do Estado e presidente do Fundo Social de S\u00e3o Paulo, Cristiane Freitas, destacou o papel da qualifica\u00e7\u00e3o profissional na constru\u00e7\u00e3o de novas oportunidades para as fam\u00edlias. \u201cA prosperidade n\u00e3o acontece sem oportunidade, sem trabalho e sem um olhar atento \u00e0s pessoas. Ela nasce quando criamos caminhos, abrimos portas e, principalmente, acreditamos no potencial de cada um\u201d, afirmou.<\/p>\n<h2 class=\"wp-block-heading\">Feira de Empregos<\/h2>\n<p class=\"wp-block-paragraph\">Realizada junto \u00e0 formatura, a Feira de Empregos foi aberta \u00e0 popula\u00e7\u00e3o e disponibilizou 1.079 vagas por meio do programa Trampolim, da Secretaria de Desenvolvimento Econ\u00f4mico. A iniciativa tamb\u00e9m ofereceu cadastramento em banco de talentos e orienta\u00e7\u00f5es profissionais para pessoas em busca de uma oportunidade no mercado de trabalho.<\/p>\n<figure class=\"wp-block-image size-full\"><img data-recalc-dims=\"1\" loading=\"lazy\" decoding=\"async\" width=\"696\" height=\"464\" src=\"https:\/\/i0.wp.com\/www.agenciasp.sp.gov.br\/wp-content\/uploads\/2026\/06\/Programa-Trampolim-Feira-de-Emprego-Baixada-Santista.jpg?resize=696%2C464&#038;ssl=1\" alt=\"\" class=\"wp-image-153704 lazy\" srcset=\"https:\/\/www.agenciasp.sp.gov.br\/wp-content\/uploads\/2026\/06\/Programa-Trampolim-Feira-de-Emprego-Baixada-Santista.jpg 1000w, https:\/\/www.agenciasp.sp.gov.br\/wp-content\/uploads\/2026\/06\/Programa-Trampolim-Feira-de-Emprego-Baixada-Santista-300x200.jpg 300w, https:\/\/www.agenciasp.sp.gov.br\/wp-content\/uploads\/2026\/06\/Programa-Trampolim-Feira-de-Emprego-Baixada-Santista-768x512.jpg 768w, https:\/\/www.agenciasp.sp.gov.br\/wp-content\/uploads\/2026\/06\/Programa-Trampolim-Feira-de-Emprego-Baixada-Santista-150x100.jpg 150w\" data-sizes=\"(max-width: 1000px) 100vw, 1000px\"\/><figcaption class=\"wp-element-caption\">Feira disponibilizou mais de mil vagas pelo programa Trampolim. Foto: Ricardo Matsukawa\/Governo do Estado SP<\/figcaption><\/figure>\n<p class=\"wp-block-paragraph\">Lan\u00e7ada no Pal\u00e1cio dos Bandeirantes, na capital, a a\u00e7\u00e3o j\u00e1 passou pelas regi\u00f5es de Franca, Barretos, Central, Campinas, Ribeir\u00e3o Preto, Registro, Itapeva e S\u00e3o Jos\u00e9 dos Campos, fortalecendo a conex\u00e3o entre profissionais rec\u00e9m-qualificados e empresas com oportunidades de trabalho.<\/p>\n<p class=\"wp-block-paragraph\">A feira tamb\u00e9m reuniu servi\u00e7os do Banco do Povo Paulista, com orienta\u00e7\u00f5es sobre linhas de microcr\u00e9dito; do programa Empreendedor Artes\u00e3o, voltado \u00e0 formaliza\u00e7\u00e3o e ao fortalecimento da produ\u00e7\u00e3o artesanal; e do Sebrae, com consultorias para abertura, gest\u00e3o e expans\u00e3o de neg\u00f3cios.<\/p>\n<p class=\"wp-block-paragraph\">A programa\u00e7\u00e3o contou ainda com as unidades m\u00f3veis do Procon-SP e do Poupatempo, que ofereceram atendimento ao p\u00fablico e orienta\u00e7\u00f5es sobre direitos do consumidor, emiss\u00e3o de documentos e acesso a servi\u00e7os p\u00fablicos.<\/p>\n<h2 class=\"wp-block-heading\">Sobre o programa<\/h2>\n<p class=\"wp-block-paragraph\">O Caminho da Capacita\u00e7\u00e3o \u00e9 uma iniciativa do Fundo Social de S\u00e3o Paulo integrada ao SuperA\u00e7\u00e3o SP, programa do Governo do Estado voltado \u00e0 supera\u00e7\u00e3o da pobreza e \u00e0 promo\u00e7\u00e3o da autonomia das fam\u00edlias.<\/p>\n<p class=\"wp-block-paragraph\">Por meio de carretas adaptadas como salas de aula m\u00f3veis, o programa oferece cursos gratuitos de qualifica\u00e7\u00e3o profissional em diferentes regi\u00f5es do Estado. Com a conclus\u00e3o do ciclo na Baixada Santista, a iniciativa passou a estar presente nas 16 regi\u00f5es administrativas paulistas. Ao todo, o programa j\u00e1 percorreu cerca de 300 munic\u00edpios e formou mais de 16,5 mil pessoas.<\/p>\n<h2 class=\"wp-block-heading\">Caravana 3D<\/h2>\n<p class=\"wp-block-paragraph\">A Caravana 3D \u00e9 uma iniciativa do Governo de S\u00e3o Paulo que percorre as regi\u00f5es paulistas levando pol\u00edticas p\u00fablicas com foco nos tr\u00eas pilares da gest\u00e3o: desenvolvimento, dignidade e di\u00e1logo. A proposta \u00e9 fortalecer a articula\u00e7\u00e3o com os munic\u00edpios, promovendo entregas e investimentos que considerem as necessidades locais e contribuam para a melhoria da qualidade de vida da popula\u00e7\u00e3o. Antes da Baixada Santista, a a\u00e7\u00e3o passou pelas regi\u00f5es Central, Barretos, Registro, Bauru, regi\u00e3o do ABC, Ribeir\u00e3o Preto, Campinas, Vale do Para\u00edba, S\u00e3o Jos\u00e9 do Rio Preto, Ara\u00e7atuba, Mar\u00edlia, Sorocaba, Presidente Prudente e Itapeva.\u00a0<\/p>\n<p class=\"wp-block-paragraph\">A Caravana refor\u00e7a o compromisso do governo paulista com uma atua\u00e7\u00e3o mais pr\u00f3xima e integrada, baseada na escuta do cidad\u00e3o e no di\u00e1logo com lideran\u00e7as locais. Em cada etapa, s\u00e3o realizadas visitas aos munic\u00edpios e an\u00fancios de a\u00e7\u00f5es concretas nas \u00e1reas de sa\u00fade, educa\u00e7\u00e3o, habita\u00e7\u00e3o, infraestrutura e seguran\u00e7a.<\/p>\n<\/p><\/div>\n<p><br \/>\n<br \/><a href=\"https:\/\/www.agenciasp.sp.gov.br\/caravana-3d-com-formatura-de-13-mil-alunos-na-baixada-santista-caminho-da-capacitacao-alcanca-todas-as-regioes-paulistas\/\" rel=\"noopener\">Informa\u00e7\u00f5es GOV.SP<\/a><\/p>\n","protected":false},"excerpt":{"rendered":"<p>O Governo de S\u00e3o Paulo encerrou nesta sexta-feira (19), em Guaruj\u00e1, a programa\u00e7\u00e3o da Caravana 3D na Baixada Santista com a certifica\u00e7\u00e3o de 1,3 mil alunos da regi\u00e3o atendidos pelo 22\u00ba ciclo do programa Caminho da Capacita\u00e7\u00e3o, iniciativa do Fundo Social de S\u00e3o Paulo. A formatura marcou a conclus\u00e3o da passagem do programa pela regi\u00e3o [&hellip;]<\/p>\n","protected":false},"author":1,"featured_media":69677,"comment_status":"","ping_status":"open","sticky":false,"template":"","format":"standard","meta":{"_jetpack_newsletter_access":"","_jetpack_dont_email_post_to_subs":false,"_jetpack_newsletter_tier_id":0,"_jetpack_memberships_contains_paywalled_content":false,"_mbp_banners":[],"_jetpack_feature_clip_id":0,"_jetpack_memberships_contains_paid_content":false,"footnotes":"","jetpack_publicize_message":"","jetpack_publicize_feature_enabled":true,"jetpack_social_post_already_shared":true,"jetpack_social_options":{"image_generator_settings":{"template":"highway","default_image_id":0,"font":"","enabled":false},"version":2},"jetpack_post_was_ever_published":false},"categories":[21],"tags":[],"class_list":["post-69676","post","type-post","status-publish","format-standard","has-post-thumbnail","category-sp-news"],"jetpack_publicize_connections":[],"jetpack-related-posts":[],"jetpack_shortlink":"https:\/\/wp.me\/p7Eq1F-i7O","jetpack_sharing_enabled":true,"jetpack_featured_media_url":"https:\/\/i0.wp.com\/guialimeira.com.br\/news\/wp-content\/uploads\/2026\/06\/Caravana-3D-Com-formatura-de-13-mil-alunos-na-Baixada.jpg?fit=1000%2C667&ssl=1","_links":{"self":[{"href":"https:\/\/guialimeira.com.br\/news\/wp-json\/wp\/v2\/posts\/69676","targetHints":{"allow":["GET"]}}],"collection":[{"href":"https:\/\/guialimeira.com.br\/news\/wp-json\/wp\/v2\/posts"}],"about":[{"href":"https:\/\/guialimeira.com.br\/news\/wp-json\/wp\/v2\/types\/post"}],"author":[{"embeddable":true,"href":"https:\/\/guialimeira.com.br\/news\/wp-json\/wp\/v2\/users\/1"}],"replies":[{"embeddable":true,"href":"https:\/\/guialimeira.com.br\/news\/wp-json\/wp\/v2\/comments?post=69676"}],"version-history":[{"count":0,"href":"https:\/\/guialimeira.com.br\/news\/wp-json\/wp\/v2\/posts\/69676\/revisions"}],"wp:featuredmedia":[{"embeddable":true,"href":"https:\/\/guialimeira.com.br\/news\/wp-json\/wp\/v2\/media\/69677"}],"wp:attachment":[{"href":"https:\/\/guialimeira.com.br\/news\/wp-json\/wp\/v2\/media?parent=69676"}],"wp:term":[{"taxonomy":"category","embeddable":true,"href":"https:\/\/guialimeira.com.br\/news\/wp-json\/wp\/v2\/categories?post=69676"},{"taxonomy":"post_tag","embeddable":true,"href":"https:\/\/guialimeira.com.br\/news\/wp-json\/wp\/v2\/tags?post=69676"}],"curies":[{"name":"wp","href":"https:\/\/api.w.org\/{rel}","templated":true}]}}