{"id":69668,"date":"2026-06-19T18:15:12","date_gmt":"2026-06-19T21:15:12","guid":{"rendered":"https:\/\/guialimeira.com.br\/institut-pasteur-de-sao-paulo-inicia-expansao-cientifica-como-centro-internacional-de-pesquisa\/"},"modified":"2026-06-19T18:15:12","modified_gmt":"2026-06-19T21:15:12","slug":"institut-pasteur-de-sao-paulo-inicia-expansao-cientifica-como-centro-internacional-de-pesquisa","status":"publish","type":"post","link":"https:\/\/guialimeira.com.br\/news\/institut-pasteur-de-sao-paulo-inicia-expansao-cientifica-como-centro-internacional-de-pesquisa\/","title":{"rendered":"Institut Pasteur de S\u00e3o Paulo inicia expans\u00e3o cient\u00edfica como centro internacional de pesquisa"},"content":{"rendered":"<p> <br \/>\n<br \/><img data-recalc-dims=\"1\" decoding=\"async\" src=\"https:\/\/i0.wp.com\/www.agenciasp.sp.gov.br\/wp-content\/uploads\/2026\/06\/20260618_00_instituto_pasteur_sp_usp-2048x1075-1.jpg?w=696&#038;ssl=1\" \/><\/p>\n<div>\n<p class=\"wp-block-paragraph\">O Institut Pasteur de S\u00e3o Paulo (IPSP), sediado no Centro de Inova\u00e7\u00e3o da USP (InovaUSP), inicia uma nova etapa de expans\u00e3o cient\u00edfica com a aprova\u00e7\u00e3o do Centro Internacional Institut Pasteur de S\u00e3o Paulo (CIP-IPSP). Com investimento de aproximadamente R$ 15 milh\u00f5es para os pr\u00f3ximos cinco anos, a iniciativa conta com financiamento da <a href=\"https:\/\/fapesp.br\/\" target=\"_blank\" rel=\"noopener\">Funda\u00e7\u00e3o de Amparo \u00e0 Pesquisa do Estado de S\u00e3o Paulo (Fapesp)<\/a> e consolida a parceria estrat\u00e9gica entre a USP, o Institut Pasteur de Paris e a Rede Pasteur. O projeto ampliar\u00e1 a infraestrutura de pesquisa da institui\u00e7\u00e3o, fortalecer\u00e1 a coopera\u00e7\u00e3o cient\u00edfica internacional e criar\u00e1 novas oportunidades para pesquisadores brasileiros e estrangeiros desenvolverem projetos de alto impacto em sa\u00fade.<\/p>\n<p class=\"wp-block-paragraph\">O CIP-IPSP representa a segunda fase de desenvolvimento do IPSP e foi concebido para ampliar a capacidade cient\u00edfica e tecnol\u00f3gica instalada no instituto por meio da cria\u00e7\u00e3o de novas plataformas tecnol\u00f3gicas, atra\u00e7\u00e3o de pesquisadores e professores visitantes e fortalecimento de redes internacionais de pesquisa. A iniciativa reunir\u00e1 compet\u00eancias complementares em torno de desafios globais de sa\u00fade, incluindo doen\u00e7as infecciosas emergentes e reemergentes, neuroci\u00eancias, medicina translacional, biodiversidade e os impactos das mudan\u00e7as ambientais sobre a sa\u00fade humana, animal e ambiental.<\/p>\n<p class=\"wp-block-paragraph\"><strong>LEIA TAMB\u00c9M: <\/strong><a href=\"https:\/\/www.agenciasp.sp.gov.br\/usp-e-a-melhor-universidade-brasileira-segundo-ranking-mundial\/\" rel=\"noopener\">USP \u00e9 a melhor universidade brasileira segundo ranking mundial<\/a><\/p>\n<p class=\"wp-block-paragraph\">Entre as a\u00e7\u00f5es previstas est\u00e3o a implanta\u00e7\u00e3o de quatro novas plataformas tecnol\u00f3gicas de pesquisa, voltadas \u00e0 citometria de fluxo e imagem, produ\u00e7\u00e3o de prote\u00ednas recombinantes, biologia estrutural e cristalografia, al\u00e9m do fortalecimento de cole\u00e7\u00f5es biol\u00f3gicas estrat\u00e9gicas. O projeto tamb\u00e9m permitir\u00e1 ampliar a infraestrutura cient\u00edfica do IPSP, atrair novos bolsistas e t\u00e9cnicos de alto padr\u00e3o, pesquisadores e professores visitantes do Brasil e do exterior e abrir novas oportunidades para que cientistas da USP e de outras institui\u00e7\u00f5es nacionais e internacionais se associem ao centro.<\/p>\n<p class=\"wp-block-paragraph\">\u201cEsta aprova\u00e7\u00e3o representa o reconhecimento de uma constru\u00e7\u00e3o cient\u00edfica coletiva que vem sendo desenvolvida ao longo de muitos anos. O Centro Internacional permitir\u00e1 ampliar nossa capacidade de pesquisa, atrair talentos e fortalecer a colabora\u00e7\u00e3o entre cientistas brasileiros e estrangeiros para enfrentar alguns dos maiores desafios da sa\u00fade global\u201d, afirma Paola Minoprio, diretora executiva do IPSP.<\/p>\n<p class=\"wp-block-paragraph\"><strong>LEIA TAMB\u00c9M: <\/strong><a href=\"https:\/\/www.agenciasp.sp.gov.br\/usp-oferece-bolsas-residencia-profissional\/\" rel=\"noopener\">USP oferece bolsas de resid\u00eancia profissional na \u00e1rea da sa\u00fade<\/a><\/p>\n<p class=\"wp-block-paragraph\">Segundo ela, a nova estrutura contribuir\u00e1 para acelerar a transforma\u00e7\u00e3o do conhecimento cient\u00edfico em benef\u00edcios concretos para a sociedade. \u201cNosso objetivo \u00e9 criar um ambiente cada vez mais integrado e internacional, capaz de conectar pesquisa b\u00e1sica, inova\u00e7\u00e3o tecnol\u00f3gica e aplica\u00e7\u00f5es em sa\u00fade p\u00fablica. O CIP-IPSP ampliar\u00e1 as oportunidades de desenvolvimento de vacinas, diagn\u00f3sticos, terapias e outras solu\u00e7\u00f5es inovadoras que possam gerar impacto real para a popula\u00e7\u00e3o\u201d, destaca.<\/p>\n<p class=\"wp-block-paragraph\">Baseado no conceito de Sa\u00fade \u00danica (<em>One Health<\/em>), o centro promover\u00e1 uma abordagem integrada que considera as intera\u00e7\u00f5es entre sa\u00fade humana, animal e ambiental. A iniciativa refor\u00e7a ainda o papel do Brasil como um dos ambientes mais estrat\u00e9gicos do mundo para pesquisas em biodiversidade, doen\u00e7as infecciosas, mudan\u00e7as clim\u00e1ticas e inova\u00e7\u00e3o biom\u00e9dica.<\/p>\n<\/p><\/div>\n<p><br \/>\n<br \/><a href=\"https:\/\/www.agenciasp.sp.gov.br\/institut-pasteur-de-sp-expansao-cientifica\/\" rel=\"noopener\">Informa\u00e7\u00f5es GOV.SP<\/a><\/p>\n","protected":false},"excerpt":{"rendered":"<p>O Institut Pasteur de S\u00e3o Paulo (IPSP), sediado no Centro de Inova\u00e7\u00e3o da USP (InovaUSP), inicia uma nova etapa de expans\u00e3o cient\u00edfica com a aprova\u00e7\u00e3o do Centro Internacional Institut Pasteur de S\u00e3o Paulo (CIP-IPSP). Com investimento de aproximadamente R$ 15 milh\u00f5es para os pr\u00f3ximos cinco anos, a iniciativa conta com financiamento da Funda\u00e7\u00e3o de Amparo [&hellip;]<\/p>\n","protected":false},"author":1,"featured_media":69669,"comment_status":"","ping_status":"open","sticky":false,"template":"","format":"standard","meta":{"_jetpack_newsletter_access":"","_jetpack_dont_email_post_to_subs":false,"_jetpack_newsletter_tier_id":0,"_jetpack_memberships_contains_paywalled_content":false,"_mbp_banners":[],"_jetpack_feature_clip_id":0,"_jetpack_memberships_contains_paid_content":false,"footnotes":"","jetpack_publicize_message":"","jetpack_publicize_feature_enabled":true,"jetpack_social_post_already_shared":true,"jetpack_social_options":{"image_generator_settings":{"template":"highway","default_image_id":0,"font":"","enabled":false},"version":2},"jetpack_post_was_ever_published":false},"categories":[21],"tags":[],"class_list":["post-69668","post","type-post","status-publish","format-standard","has-post-thumbnail","category-sp-news"],"jetpack_publicize_connections":[],"jetpack-related-posts":[],"jetpack_shortlink":"https:\/\/wp.me\/p7Eq1F-i7G","jetpack_sharing_enabled":true,"jetpack_featured_media_url":"https:\/\/i0.wp.com\/guialimeira.com.br\/news\/wp-content\/uploads\/2026\/06\/Institut-Pasteur-de-Sao-Paulo-inicia-expansao-cientifica-como-centro.jpg?fit=2048%2C1075&ssl=1","_links":{"self":[{"href":"https:\/\/guialimeira.com.br\/news\/wp-json\/wp\/v2\/posts\/69668","targetHints":{"allow":["GET"]}}],"collection":[{"href":"https:\/\/guialimeira.com.br\/news\/wp-json\/wp\/v2\/posts"}],"about":[{"href":"https:\/\/guialimeira.com.br\/news\/wp-json\/wp\/v2\/types\/post"}],"author":[{"embeddable":true,"href":"https:\/\/guialimeira.com.br\/news\/wp-json\/wp\/v2\/users\/1"}],"replies":[{"embeddable":true,"href":"https:\/\/guialimeira.com.br\/news\/wp-json\/wp\/v2\/comments?post=69668"}],"version-history":[{"count":0,"href":"https:\/\/guialimeira.com.br\/news\/wp-json\/wp\/v2\/posts\/69668\/revisions"}],"wp:featuredmedia":[{"embeddable":true,"href":"https:\/\/guialimeira.com.br\/news\/wp-json\/wp\/v2\/media\/69669"}],"wp:attachment":[{"href":"https:\/\/guialimeira.com.br\/news\/wp-json\/wp\/v2\/media?parent=69668"}],"wp:term":[{"taxonomy":"category","embeddable":true,"href":"https:\/\/guialimeira.com.br\/news\/wp-json\/wp\/v2\/categories?post=69668"},{"taxonomy":"post_tag","embeddable":true,"href":"https:\/\/guialimeira.com.br\/news\/wp-json\/wp\/v2\/tags?post=69668"}],"curies":[{"name":"wp","href":"https:\/\/api.w.org\/{rel}","templated":true}]}}