{"id":69657,"date":"2026-06-19T17:14:07","date_gmt":"2026-06-19T20:14:07","guid":{"rendered":"https:\/\/guialimeira.com.br\/governo-de-sp-divulga-resultado-final-do-edital-que-preve-participacao-de-produtores-rurais-na-conservacao-da-araucaria\/"},"modified":"2026-06-19T17:14:07","modified_gmt":"2026-06-19T20:14:07","slug":"governo-de-sp-divulga-resultado-final-do-edital-que-preve-participacao-de-produtores-rurais-na-conservacao-da-araucaria","status":"publish","type":"post","link":"https:\/\/guialimeira.com.br\/news\/governo-de-sp-divulga-resultado-final-do-edital-que-preve-participacao-de-produtores-rurais-na-conservacao-da-araucaria\/","title":{"rendered":"Governo de SP divulga resultado final do edital que prev\u00ea participa\u00e7\u00e3o de produtores rurais na conserva\u00e7\u00e3o da arauc\u00e1ria"},"content":{"rendered":"<p> <br \/>\n<br \/><img data-recalc-dims=\"1\" decoding=\"async\" src=\"https:\/\/i0.wp.com\/www.agenciasp.sp.gov.br\/wp-content\/uploads\/2026\/06\/WhatsApp-Image-2026-06-19-at-14.17.46.jpeg?w=696&#038;ssl=1\" \/><\/p>\n<div>\n<p class=\"wp-block-paragraph\">O Governo de S\u00e3o Paulo divulga o resultado final das inscri\u00e7\u00f5es do edital de chamamento p\u00fablico que corresponde ao <a href=\"https:\/\/www.agenciasp.sp.gov.br\/governo-de-sp-vai-pagar-ate-r-36-mil-por-produtor-para-salvar-araucaria-da-extincao\/\" data-type=\"link\" data-id=\"https:\/\/www.agenciasp.sp.gov.br\/governo-de-sp-vai-pagar-ate-r-36-mil-por-produtor-para-salvar-araucaria-da-extincao\/\" rel=\"noopener\">programa de Pagamento por Servi\u00e7os Ambientais Arauc\u00e1ria (PSA Arauc\u00e1ria),<\/a> projeto in\u00e9dito voltado a estimular a restaura\u00e7\u00e3o, o uso sustent\u00e1vel e a cadeia produtiva do pinh\u00e3o no estado, com realiza\u00e7\u00e3o do projeto-piloto no munic\u00edpio de Cunha.<\/p>\n<p class=\"wp-block-paragraph\">Ap\u00f3s o encerramento das etapas de envio e avalia\u00e7\u00e3o da documenta\u00e7\u00e3o de habilita\u00e7\u00e3o, a comiss\u00e3o avaliadora consolidou uma expressiva ades\u00e3o da comunidade, segundo a Funda\u00e7\u00e3o Florestal, vinculada \u00e0 Secretaria de Meio Ambiente, Infraestrutura e Log\u00edstica do Estado de S\u00e3o Paulo (Semil). Ao todo, o processo registrou 61 inscri\u00e7\u00f5es na categoria Produtores e 3 na categoria Organiza\u00e7\u00f5es.<\/p>\n<p class=\"wp-block-paragraph\"><strong>LEIA TAMB\u00c9M: <a href=\"https:\/\/www.agenciasp.sp.gov.br\/governo-de-sp-vai-pagar-ate-r-36-mil-por-produtor-para-salvar-araucaria-da-extincao\/\" data-type=\"link\" data-id=\"https:\/\/www.agenciasp.sp.gov.br\/governo-de-sp-vai-pagar-ate-r-36-mil-por-produtor-para-salvar-araucaria-da-extincao\/\" rel=\"noopener\">Governo de SP cria projeto piloto de conserva\u00e7\u00e3o em Cunha para salvar a arauc\u00e1ria da extin\u00e7\u00e3o<\/a><\/strong><\/p>\n<p class=\"wp-block-paragraph\">O resultado final detalhado e a lista de homologados podem ser conferidos diretamente neste link (<a href=\"https:\/\/shre.ink\/3s3M\" target=\"_blank\" rel=\"noopener\">https:\/\/shre.ink\/3s3M<\/a>).<\/p>\n<h3 class=\"wp-block-heading\">Crit\u00e9rios de sele\u00e7\u00e3o<\/h3>\n<p class=\"wp-block-paragraph\">Ap\u00f3s uma rigorosa confer\u00eancia documental e an\u00e1lise t\u00e9cnica detalhada, o balan\u00e7o final apresentou o seguinte cen\u00e1rio:<\/p>\n<ul class=\"wp-block-list\">\n<li>Categoria Produtores: 50 inscri\u00e7\u00f5es foram deferidas (consideradas eleg\u00edveis e habilitadas) e 11 foram indeferidas.<\/li>\n<li>Categoria Organiza\u00e7\u00f5es: 2 organiza\u00e7\u00f5es foram contempladas.<\/li>\n<\/ul>\n<p class=\"wp-block-paragraph\">As propostas aprovadas dos produtores rurais foram divididas entre as subcategorias Completas e Parcialmente Completas. Os proponentes classificados como parcialmente completos apresentaram apenas a pend\u00eancia de comprova\u00e7\u00e3o banc\u00e1ria, documento que dever\u00e1 ser providenciado obrigatoriamente at\u00e9 a assinatura do contrato.<\/p>\n<p class=\"wp-block-paragraph\">J\u00e1 as desclassifica\u00e7\u00f5es (indeferimentos) ocorreram devido \u00e0 falta de documentos essenciais (como RG\/CPF, CAR e comprova\u00e7\u00e3o de v\u00ednculo com a \u00e1rea), propostas com valores acima dos tetos estipulados, restri\u00e7\u00f5es cadastrais (CADIN Estadual, CND Trabalhista ou CND Federal) ou pela presen\u00e7a de infra\u00e7\u00f5es ambientais registradas na propriedade.<\/p>\n<h3 class=\"wp-block-heading\">O impacto positivo em Cunha<\/h3>\n<p class=\"wp-block-paragraph\">O edital in\u00e9dito do Governo de S\u00e3o Paulo vai pagar at\u00e9 R$ 36 mil para cada produtor rural (com foco em agricultores familiares e pequenos produtores) e at\u00e9 R$ 250 mil para organiza\u00e7\u00f5es sem fins lucrativos que atuem na conserva\u00e7\u00e3o da arauc\u00e1ria.<\/p>\n<p class=\"wp-block-paragraph\">A escolha da regi\u00e3o \u00e9 estrat\u00e9gica, j\u00e1 que Cunha se destaca como a maior produtora de pinh\u00e3o no Estado de S\u00e3o Paulo, onde concentra mais de 95% da coleta da semente em territ\u00f3rio paulista.<\/p>\n<p class=\"wp-block-paragraph\"><strong>LEIA TAMB\u00c9M: <a href=\"https:\/\/www.agenciasp.sp.gov.br\/governo-de-sp-aperfeicoa-metodologia-de-seguranca-hidrica-e-amplia-prevencao\/\" rel=\"noopener\">Governo de SP aperfei\u00e7oa metodologia de seguran\u00e7a h\u00eddrica e amplia preven\u00e7\u00e3o<\/a><\/strong><\/p>\n<p class=\"wp-block-paragraph\">Dados da Semil apontam que, no acumulado de 2023 a 2025, os produtores locais coletaram mais de 1.100 toneladas de sementes, e a estimativa para 2026 \u00e9 que a colheita fique acima de 368 toneladas na regi\u00e3o de Cunha.<\/p>\n<p class=\"wp-block-paragraph\">\u201cA conclus\u00e3o deste edital valida o sucesso de uma pol\u00edtica p\u00fablica constru\u00edda diretamente com as comunidades tradicionais e os pequenos produtores. Ao habilitarmos mais de 40 proponentes em Cunha, provamos que \u00e9 plenamente poss\u00edvel alinhar a conserva\u00e7\u00e3o ambiental \u00e0 justi\u00e7a clim\u00e1tica e \u00e0 gera\u00e7\u00e3o de renda real no campo. O Governo de S\u00e3o Paulo tem transformado o cuidado com a Mata Atl\u00e2ntica em um ativo econ\u00f4mico vital para o desenvolvimento regional\u201d, destaca Nat\u00e1lia Resende, secret\u00e1ria de Meio Ambiente, Infraestrutura e Log\u00edstica do Estado de S\u00e3o Paulo.<\/p>\n<h3 class=\"wp-block-heading\">Bioeconomia e prote\u00e7\u00e3o<\/h3>\n<p class=\"wp-block-paragraph\">A arauc\u00e1ria (ou pinheiro-brasileiro) \u00e9 uma esp\u00e9cie amea\u00e7ada de extin\u00e7\u00e3o que corre o risco de perder seu habitat natural at\u00e9 2070, devido, principalmente, \u00e0s mudan\u00e7as clim\u00e1ticas e \u00e0 extra\u00e7\u00e3o ilegal. O PSA Arauc\u00e1ria surge para combater esse cen\u00e1rio, por meio do incentivo \u00e0 bioeconomia. Diferente do corte da \u00e1rvore, que \u00e9 altamente restrito, a coleta do pinh\u00e3o pode ser feita de forma 100% sustent\u00e1vel e sem prejudicar a exist\u00eancia da esp\u00e9cie.<\/p>\n<p class=\"wp-block-paragraph\">Para receber os recursos, as organiza\u00e7\u00f5es se comprometem com incentivo a cadeia produtiva: Conserva\u00e7\u00e3o de arauc\u00e1rias pr\u00e9-existentes; Plantio de novas mudas; Restaura\u00e7\u00e3o de \u00c1reas de Preserva\u00e7\u00e3o Permanente (APP); e Implanta\u00e7\u00e3o de pomares.<\/p>\n<p class=\"wp-block-paragraph\">\u201cO encerramento da sele\u00e7\u00e3o t\u00e9cnica demonstra a maturidade da Funda\u00e7\u00e3o Florestal nos programas de Pagamento por Servi\u00e7os Ambientais. A alta ades\u00e3o confirma que as comunidades locais compreenderam o PSA Arauc\u00e1ria como uma ferramenta de transforma\u00e7\u00e3o socioambiental. Com o resultado final homologado, iniciamos agora uma fase pr\u00e1tica e hist\u00f3rica na prote\u00e7\u00e3o da biodiversidade, onde o produtor passa a ser o protagonista remunerado da preserva\u00e7\u00e3o do pinheiro-brasileiro\u201d, explica Rodrigo Levkovicz, diretor-executivo da Funda\u00e7\u00e3o Florestal.<\/p>\n<h3 class=\"wp-block-heading\">O Pr\u00f3 Arauc\u00e1ria<\/h3>\n<p class=\"wp-block-paragraph\">O edital faz parte do Pr\u00f3 Arauc\u00e1ria, programa estruturado pela Funda\u00e7\u00e3o Florestal em 2025 e que se organiza em seis eixos estrat\u00e9gicos, que s\u00e3o: Restaura\u00e7\u00e3o ecol\u00f3gica em \u00e1reas p\u00fablicas e privadas; Fortalecimento da cadeia produtiva do pinh\u00e3o; Capacita\u00e7\u00e3o t\u00e9cnica para o manejo florestal sustent\u00e1vel; Certifica\u00e7\u00e3o e rastreabilidade de produtos florestais; Valoriza\u00e7\u00e3o da identidade territorial e dos conhecimentos tradicionais; e Educa\u00e7\u00e3o ambiental, com incentivo \u00e0 pesquisa e \u00e0 inova\u00e7\u00e3o.<\/p>\n<p class=\"wp-block-paragraph\">O Programa se soma a avan\u00e7os importantes obtidos pelo Estado de S\u00e3o Paulo, como \u00e9 o caso da flexibiliza\u00e7\u00e3o das regras de coleta do pinh\u00e3o, implementada em mar\u00e7o de 2023. A iniciativa tornou o estado paulista como o primeiro do pa\u00eds a permitir a coleta da semente antes de 15 de abril, otimizando o calend\u00e1rio produtivo local.<\/p>\n<h3 class=\"wp-block-heading\">S\u00e3o Paulo na Lideran\u00e7a dos PSAs<\/h3>\n<p class=\"wp-block-paragraph\">Com a conclus\u00e3o de mais essa iniciativa, o Governo de S\u00e3o Paulo consolida sua lideran\u00e7a nacional em Pagamentos por Servi\u00e7os Ambientais. Atualmente, o estado conta com 61 grupos de PSAs em opera\u00e7\u00e3o, beneficiando cerca de 1,4 mil fam\u00edlias em projetos de conserva\u00e7\u00e3o. Entre os grandes destaques geridos pela Funda\u00e7\u00e3o Florestal, est\u00e3o o PSA Mar Sem Lixo, o PSA Ju\u00e7ara e o PSA Guardi\u00f5es das Florestas.<\/p>\n<\/p><\/div>\n<p><br \/>\n<br \/><a href=\"https:\/\/www.agenciasp.sp.gov.br\/governo-de-sp-divulga-resultado-final-do-edital-que-preve-participacao-de-produtores-rurais-na-conservacao-da-araucaria\/\" rel=\"noopener\">Informa\u00e7\u00f5es GOV.SP<\/a><\/p>\n","protected":false},"excerpt":{"rendered":"<p>O Governo de S\u00e3o Paulo divulga o resultado final das inscri\u00e7\u00f5es do edital de chamamento p\u00fablico que corresponde ao programa de Pagamento por Servi\u00e7os Ambientais Arauc\u00e1ria (PSA Arauc\u00e1ria), projeto in\u00e9dito voltado a estimular a restaura\u00e7\u00e3o, o uso sustent\u00e1vel e a cadeia produtiva do pinh\u00e3o no estado, com realiza\u00e7\u00e3o do projeto-piloto no munic\u00edpio de Cunha. Ap\u00f3s [&hellip;]<\/p>\n","protected":false},"author":1,"featured_media":69658,"comment_status":"","ping_status":"open","sticky":false,"template":"","format":"standard","meta":{"_jetpack_newsletter_access":"","_jetpack_dont_email_post_to_subs":false,"_jetpack_newsletter_tier_id":0,"_jetpack_memberships_contains_paywalled_content":false,"_mbp_banners":[],"_jetpack_feature_clip_id":0,"_jetpack_memberships_contains_paid_content":false,"footnotes":"","jetpack_publicize_message":"","jetpack_publicize_feature_enabled":true,"jetpack_social_post_already_shared":true,"jetpack_social_options":{"image_generator_settings":{"template":"highway","default_image_id":0,"font":"","enabled":false},"version":2},"jetpack_post_was_ever_published":false},"categories":[21],"tags":[],"class_list":["post-69657","post","type-post","status-publish","format-standard","has-post-thumbnail","category-sp-news"],"jetpack_publicize_connections":[],"jetpack-related-posts":[],"jetpack_shortlink":"https:\/\/wp.me\/p7Eq1F-i7v","jetpack_sharing_enabled":true,"jetpack_featured_media_url":"https:\/\/i0.wp.com\/guialimeira.com.br\/news\/wp-content\/uploads\/2026\/06\/Governo-de-SP-divulga-resultado-final-do-edital-que-preve.jpeg?fit=1280%2C960&ssl=1","_links":{"self":[{"href":"https:\/\/guialimeira.com.br\/news\/wp-json\/wp\/v2\/posts\/69657","targetHints":{"allow":["GET"]}}],"collection":[{"href":"https:\/\/guialimeira.com.br\/news\/wp-json\/wp\/v2\/posts"}],"about":[{"href":"https:\/\/guialimeira.com.br\/news\/wp-json\/wp\/v2\/types\/post"}],"author":[{"embeddable":true,"href":"https:\/\/guialimeira.com.br\/news\/wp-json\/wp\/v2\/users\/1"}],"replies":[{"embeddable":true,"href":"https:\/\/guialimeira.com.br\/news\/wp-json\/wp\/v2\/comments?post=69657"}],"version-history":[{"count":0,"href":"https:\/\/guialimeira.com.br\/news\/wp-json\/wp\/v2\/posts\/69657\/revisions"}],"wp:featuredmedia":[{"embeddable":true,"href":"https:\/\/guialimeira.com.br\/news\/wp-json\/wp\/v2\/media\/69658"}],"wp:attachment":[{"href":"https:\/\/guialimeira.com.br\/news\/wp-json\/wp\/v2\/media?parent=69657"}],"wp:term":[{"taxonomy":"category","embeddable":true,"href":"https:\/\/guialimeira.com.br\/news\/wp-json\/wp\/v2\/categories?post=69657"},{"taxonomy":"post_tag","embeddable":true,"href":"https:\/\/guialimeira.com.br\/news\/wp-json\/wp\/v2\/tags?post=69657"}],"curies":[{"name":"wp","href":"https:\/\/api.w.org\/{rel}","templated":true}]}}