{"id":69656,"date":"2026-06-19T17:10:51","date_gmt":"2026-06-19T20:10:51","guid":{"rendered":"https:\/\/guialimeira.com.br\/transito-na-av-gumercindo-araujo-tera-mudancas-a-partir-de-domingo-21\/"},"modified":"2026-06-19T17:10:51","modified_gmt":"2026-06-19T20:10:51","slug":"transito-na-av-gumercindo-araujo-tera-mudancas-a-partir-de-domingo-21","status":"publish","type":"post","link":"https:\/\/guialimeira.com.br\/news\/transito-na-av-gumercindo-araujo-tera-mudancas-a-partir-de-domingo-21\/","title":{"rendered":"Tr\u00e2nsito na Av. Gumercindo Ara\u00fajo ter\u00e1 mudan\u00e7as a partir de domingo (21)"},"content":{"rendered":"<p> <br \/>\n<\/p>\n<p>&nbsp;<\/p>\n<p style=\"text-align: justify\">A Prefeitura de Limeira, em parceria com a Intervias, far&aacute; altera&ccedil;&otilde;es no tr&acirc;nsito na Avenida Gumercindo Ara&uacute;jo a partir deste domingo (21). A terceira faixa de rolamento da avenida, no trecho que contorna o Cotil e d&aacute; acesso &agrave; Rodovia SP-147 (Limeira&ndash;Piracicaba), passar&aacute; a ser controlada pelo sem&aacute;foro j&aacute; existente no local. Com a mudan&ccedil;a, as tr&ecirc;s faixas dever&atilde;o respeitar obrigatoriamente a sinaliza&ccedil;&atilde;o semaf&oacute;rica.<\/p>\n<p style=\"text-align: justify\">A medida tamb&eacute;m desregulamenta a convers&atilde;o &agrave; esquerda que vinha sendo realizada pela faixa mais &agrave; direita da via. Segundo a Secretaria dos Transportes e Mobilidade Urbana, a altera&ccedil;&atilde;o busca aumentar a seguran&ccedil;a vi&aacute;ria, reduzindo conflitos de tr&aacute;fego e coibindo manobras irregulares frequentemente registradas no trecho.<\/p>\n<p style=\"text-align: justify\">Nos primeiros dias de implanta&ccedil;&atilde;o, agentes de tr&acirc;nsito estar&atilde;o no local para orientar os motoristas e acompanhar o fluxo de ve&iacute;culos. Mais informa&ccedil;&otilde;es podem ser obtidas pelos telefones (19) 3441-2816 e (19) 3441-5469.<\/p>\n<p style=\"text-align: justify\">&nbsp;<\/p>\n<p style=\"text-align: justify\">&nbsp;<\/p>\n<p style=\"text-align: justify\">&nbsp;<\/p>\n<p><br \/>\n<br \/><a href=\"https:\/\/limeira.sp.gov.br\/transito-na-av-gumercindo-araujo-tera-mudancas-a-partir-de-domingo-21\" rel=\"noopener\">Informa\u00e7\u00f5es da PML <\/a><\/p>\n","protected":false},"excerpt":{"rendered":"<p>&nbsp; A Prefeitura de Limeira, em parceria com a Intervias, far&aacute; altera&ccedil;&otilde;es no tr&acirc;nsito na Avenida Gumercindo Ara&uacute;jo a partir deste domingo (21). A terceira faixa de rolamento da avenida, no trecho que contorna o Cotil e d&aacute; acesso &agrave; Rodovia SP-147 (Limeira&ndash;Piracicaba), passar&aacute; a ser controlada pelo sem&aacute;foro j&aacute; existente no local. Com a [&hellip;]<\/p>\n","protected":false},"author":1,"featured_media":40933,"comment_status":"","ping_status":"open","sticky":false,"template":"","format":"standard","meta":{"_jetpack_newsletter_access":"","_jetpack_dont_email_post_to_subs":false,"_jetpack_newsletter_tier_id":0,"_jetpack_memberships_contains_paywalled_content":false,"_mbp_banners":[],"_jetpack_feature_clip_id":0,"_jetpack_memberships_contains_paid_content":false,"footnotes":"","jetpack_publicize_message":"","jetpack_publicize_feature_enabled":true,"jetpack_social_post_already_shared":true,"jetpack_social_options":{"image_generator_settings":{"template":"highway","default_image_id":0,"font":"","enabled":false},"version":2},"jetpack_post_was_ever_published":false},"categories":[16],"tags":[],"class_list":["post-69656","post","type-post","status-publish","format-standard","has-post-thumbnail","category-local"],"jetpack_publicize_connections":[],"jetpack-related-posts":[],"jetpack_shortlink":"https:\/\/wp.me\/p7Eq1F-i7u","jetpack_sharing_enabled":true,"jetpack_featured_media_url":"https:\/\/i0.wp.com\/guialimeira.com.br\/news\/wp-content\/uploads\/2025\/08\/fotonaodisponivel.jpg?fit=430%2C282&ssl=1","_links":{"self":[{"href":"https:\/\/guialimeira.com.br\/news\/wp-json\/wp\/v2\/posts\/69656","targetHints":{"allow":["GET"]}}],"collection":[{"href":"https:\/\/guialimeira.com.br\/news\/wp-json\/wp\/v2\/posts"}],"about":[{"href":"https:\/\/guialimeira.com.br\/news\/wp-json\/wp\/v2\/types\/post"}],"author":[{"embeddable":true,"href":"https:\/\/guialimeira.com.br\/news\/wp-json\/wp\/v2\/users\/1"}],"replies":[{"embeddable":true,"href":"https:\/\/guialimeira.com.br\/news\/wp-json\/wp\/v2\/comments?post=69656"}],"version-history":[{"count":0,"href":"https:\/\/guialimeira.com.br\/news\/wp-json\/wp\/v2\/posts\/69656\/revisions"}],"wp:featuredmedia":[{"embeddable":true,"href":"https:\/\/guialimeira.com.br\/news\/wp-json\/wp\/v2\/media\/40933"}],"wp:attachment":[{"href":"https:\/\/guialimeira.com.br\/news\/wp-json\/wp\/v2\/media?parent=69656"}],"wp:term":[{"taxonomy":"category","embeddable":true,"href":"https:\/\/guialimeira.com.br\/news\/wp-json\/wp\/v2\/categories?post=69656"},{"taxonomy":"post_tag","embeddable":true,"href":"https:\/\/guialimeira.com.br\/news\/wp-json\/wp\/v2\/tags?post=69656"}],"curies":[{"name":"wp","href":"https:\/\/api.w.org\/{rel}","templated":true}]}}