{"id":69646,"date":"2026-06-19T16:13:08","date_gmt":"2026-06-19T19:13:08","guid":{"rendered":"https:\/\/guialimeira.com.br\/confira-o-funcionamento-das-unidades-do-bom-prato-no-final-de-semana-3\/"},"modified":"2026-06-19T16:13:08","modified_gmt":"2026-06-19T19:13:08","slug":"confira-o-funcionamento-das-unidades-do-bom-prato-no-final-de-semana-3","status":"publish","type":"post","link":"https:\/\/guialimeira.com.br\/news\/confira-o-funcionamento-das-unidades-do-bom-prato-no-final-de-semana-3\/","title":{"rendered":"Confira o funcionamento das unidades do Bom Prato no final de semana"},"content":{"rendered":"<p> <br \/>\n<br \/><img data-recalc-dims=\"1\" decoding=\"async\" src=\"https:\/\/i0.wp.com\/www.agenciasp.sp.gov.br\/wp-content\/uploads\/2026\/06\/WhatsApp-Image-2026-06-12-at-15.57.49-1.jpeg?w=696&#038;ssl=1\" \/><\/p>\n<div>\n<p class=\"wp-block-paragraph\">Para garantir a qualidade do atendimento e que refei\u00e7\u00f5es saud\u00e1veis alcancem a popula\u00e7\u00e3o em situa\u00e7\u00e3o de vulnerabilidade social, algumas unidades do Programa Bom Prato passar\u00e3o por mudan\u00e7as no funcionamento neste s\u00e1bado (20) e domingo (21). No fim de semana, as unidades Bom Prato Br\u00e1s, Lim\u00e3o, Refeit\u00f3rio Mau\u00e1, Santos III \u2013 Morros e Santos \u2013 IV Dique Vila Gilda estar\u00e3o em manuten\u00e7\u00e3o nos dois dias.<\/p>\n<p class=\"wp-block-paragraph\">As seguintes unidades funcionar\u00e3o normalmente no s\u00e1bado, com atendimento no sal\u00e3o, e estar\u00e3o fechadas no domingo (20): Campinas, Cap\u00e3o Redondo, Carapicu\u00edba, Cotia, Diadema, Francisco Morato, Guaianases, Guarulhos, Itaquera, Jacare\u00ed, Lapa, Osasco, Santo Amaro, Santo Andr\u00e9 I, Santana, S\u00e3o Bernardo do Campo I, S\u00e3o Jos\u00e9 dos Campos, Suzano, Taubat\u00e9, Tucuruvi, Vila Nova Cachoeirinha.<\/p>\n<p class=\"wp-block-paragraph\"><strong>LEIA TAMB\u00c9M: <a href=\"https:\/\/www.agenciasp.sp.gov.br\/bom-prato-na-copa-restaurantes-populares-seguem-com-cardapios-especiais-nesta-sexta-feira-19\/\" rel=\"noopener\">Bom Prato na Copa: restaurantes populares seguem com card\u00e1pios especiais nesta sexta-feira (19)<\/a><\/strong><\/p>\n<p class=\"wp-block-paragraph\">O funcionamento padr\u00e3o de todas as unidades do programa ser\u00e1 retomado na segunda-feira (22), com in\u00edcio \u00e0s 7h para o caf\u00e9 da manh\u00e3. O almo\u00e7o \u00e9 servido a partir das 10h30, preferencialmente para idosos, e, \u00e0s 11h, para o p\u00fablico em geral. O jantar tem in\u00edcio \u00e0s 17h.<\/p>\n<h3 class=\"wp-block-heading\">Avan\u00e7o na seguran\u00e7a alimentar<\/h3>\n<p class=\"wp-block-paragraph\">Atualmente, o programa conta com 71 unidades fixas, quatro refeit\u00f3rios e 48 caminh\u00f5es que atendem a 53 pontos de atendimento do Bom Prato M\u00f3vel, totalizando 128 localidades em 42 munic\u00edpios. Somente nesta gest\u00e3o, foram entregues 26 novas unidades, sendo 22 caminh\u00f5es do BPM e quatro refeit\u00f3rios.<\/p>\n<p class=\"wp-block-paragraph\">A alimenta\u00e7\u00e3o oferecida no Bom Prato \u00e9 subsidiada pelo Governo do Estado de S\u00e3o Paulo, aumentando a oferta de comida acess\u00edvel e nutritiva \u00e0 comunidade. As refei\u00e7\u00f5es s\u00e3o balanceadas e oferecem, al\u00e9m do arroz e do feij\u00e3o, uma guarni\u00e7\u00e3o, uma prote\u00edna e uma fruta, ao pre\u00e7o simb\u00f3lico de R$ 1,00.<\/p>\n<p class=\"wp-block-paragraph\">Em alguns pontos de atendimento tamb\u00e9m s\u00e3o servidos o jantar (ao mesmo pre\u00e7o do almo\u00e7o), e o caf\u00e9 da manh\u00e3, oferecido por R$ 0,50. Os pontos de atendimento podem ser consultados na p\u00e1gina do programa, no link <a href=\"https:\/\/www.desenvolvimentosocial.sp.gov.br\/sec_desenvolv_social\/programas%20estaduais\/bom%20prato\" target=\"_blank\" rel=\"noopener\">https:\/\/www.desenvolvimentosocial.sp.gov.br\/sec_desenvolv_social\/programas%20estaduais\/bom%20prato<\/a><\/p>\n<\/p><\/div>\n<p><br \/>\n<br \/><a href=\"https:\/\/www.agenciasp.sp.gov.br\/confira-o-funcionamento-das-unidades-do-bom-prato-no-final-de-semana-3\/\" rel=\"noopener\">Informa\u00e7\u00f5es GOV.SP<\/a><\/p>\n","protected":false},"excerpt":{"rendered":"<p>Para garantir a qualidade do atendimento e que refei\u00e7\u00f5es saud\u00e1veis alcancem a popula\u00e7\u00e3o em situa\u00e7\u00e3o de vulnerabilidade social, algumas unidades do Programa Bom Prato passar\u00e3o por mudan\u00e7as no funcionamento neste s\u00e1bado (20) e domingo (21). No fim de semana, as unidades Bom Prato Br\u00e1s, Lim\u00e3o, Refeit\u00f3rio Mau\u00e1, Santos III \u2013 Morros e Santos \u2013 IV [&hellip;]<\/p>\n","protected":false},"author":1,"featured_media":69647,"comment_status":"","ping_status":"open","sticky":false,"template":"","format":"standard","meta":{"_jetpack_newsletter_access":"","_jetpack_dont_email_post_to_subs":false,"_jetpack_newsletter_tier_id":0,"_jetpack_memberships_contains_paywalled_content":false,"_mbp_banners":[],"_jetpack_feature_clip_id":0,"_jetpack_memberships_contains_paid_content":false,"footnotes":"","jetpack_publicize_message":"","jetpack_publicize_feature_enabled":true,"jetpack_social_post_already_shared":true,"jetpack_social_options":{"image_generator_settings":{"template":"highway","default_image_id":0,"font":"","enabled":false},"version":2},"jetpack_post_was_ever_published":false},"categories":[21],"tags":[],"class_list":["post-69646","post","type-post","status-publish","format-standard","has-post-thumbnail","category-sp-news"],"jetpack_publicize_connections":[],"jetpack-related-posts":[],"jetpack_shortlink":"https:\/\/wp.me\/p7Eq1F-i7k","jetpack_sharing_enabled":true,"jetpack_featured_media_url":"https:\/\/i0.wp.com\/guialimeira.com.br\/news\/wp-content\/uploads\/2026\/06\/1781896389_Confira-o-funcionamento-das-unidades-do-Bom-Prato-no-final.jpeg?fit=1280%2C802&ssl=1","_links":{"self":[{"href":"https:\/\/guialimeira.com.br\/news\/wp-json\/wp\/v2\/posts\/69646","targetHints":{"allow":["GET"]}}],"collection":[{"href":"https:\/\/guialimeira.com.br\/news\/wp-json\/wp\/v2\/posts"}],"about":[{"href":"https:\/\/guialimeira.com.br\/news\/wp-json\/wp\/v2\/types\/post"}],"author":[{"embeddable":true,"href":"https:\/\/guialimeira.com.br\/news\/wp-json\/wp\/v2\/users\/1"}],"replies":[{"embeddable":true,"href":"https:\/\/guialimeira.com.br\/news\/wp-json\/wp\/v2\/comments?post=69646"}],"version-history":[{"count":0,"href":"https:\/\/guialimeira.com.br\/news\/wp-json\/wp\/v2\/posts\/69646\/revisions"}],"wp:featuredmedia":[{"embeddable":true,"href":"https:\/\/guialimeira.com.br\/news\/wp-json\/wp\/v2\/media\/69647"}],"wp:attachment":[{"href":"https:\/\/guialimeira.com.br\/news\/wp-json\/wp\/v2\/media?parent=69646"}],"wp:term":[{"taxonomy":"category","embeddable":true,"href":"https:\/\/guialimeira.com.br\/news\/wp-json\/wp\/v2\/categories?post=69646"},{"taxonomy":"post_tag","embeddable":true,"href":"https:\/\/guialimeira.com.br\/news\/wp-json\/wp\/v2\/tags?post=69646"}],"curies":[{"name":"wp","href":"https:\/\/api.w.org\/{rel}","templated":true}]}}