{"id":69637,"date":"2026-06-19T15:12:01","date_gmt":"2026-06-19T18:12:01","guid":{"rendered":"https:\/\/guialimeira.com.br\/caravana-3d-governo-de-sp-anuncia-investimentos-para-implantacao-do-primeiro-hospital-municipal-de-guaruja\/"},"modified":"2026-06-19T15:12:01","modified_gmt":"2026-06-19T18:12:01","slug":"caravana-3d-governo-de-sp-anuncia-investimentos-para-implantacao-do-primeiro-hospital-municipal-de-guaruja","status":"publish","type":"post","link":"https:\/\/guialimeira.com.br\/news\/caravana-3d-governo-de-sp-anuncia-investimentos-para-implantacao-do-primeiro-hospital-municipal-de-guaruja\/","title":{"rendered":"Caravana 3D: Governo de SP anuncia investimentos para implanta\u00e7\u00e3o do primeiro hospital municipal de Guaruj\u00e1"},"content":{"rendered":"<p> <br \/>\n<\/p>\n<div>\n<p class=\"wp-block-paragraph\">O Governo de S\u00e3o Paulo anunciou nesta sexta-feira (19), durante agenda da Caravana 3D na Baixada Santista, novos investimentos para a implanta\u00e7\u00e3o do primeiro Hospital Municipal de Guaruj\u00e1. Durante visita ao pr\u00e9dio da futura unidade, o governador Tarc\u00edsio de Freitas anunciou o repasse de R$ 15 milh\u00f5es realizado pela Secretaria de Estado da Sa\u00fade para a implanta\u00e7\u00e3o e estrutura\u00e7\u00e3o do hospital.\u00a0<\/p>\n<p class=\"wp-block-paragraph\">Al\u00e9m disso, est\u00e1 em tramita\u00e7\u00e3o um conv\u00eanio para custeio da unidade no valor de R$ 33,3 milh\u00f5es por ano. A futura unidade dever\u00e1 contar com 100 leitos, incluindo 20 de Unidade de Terapia Intensiva (UTI), ampliando a capacidade de atendimento da rede p\u00fablica de sa\u00fade do munic\u00edpio e da Baixada Santista, com cerca de 1,8 milh\u00e3o de habitantes. O Governador tamb\u00e9m anunciou R$ 15 milh\u00f5es em repasses fundo a fundo para o fortalecimento das a\u00e7\u00f5es de sa\u00fade do munic\u00edpio.\u00a0<\/p>\n<p class=\"wp-block-paragraph\">\u201cA Baixada Santista tem uma densidade populacional alta, recebe muitos turistas e a sa\u00fade sempre \u00e9 uma quest\u00e3o. Por isso, estamos ampliando nossa assist\u00eancia \u00e0 sa\u00fade, com entregas como os hospitais de Bertioga e Peru\u00edbe e iniciativas\u00a0 em Cubat\u00e3o, Santos e S\u00e3o Vicente\u201d, afirmou o governador Tarc\u00edsio de Freitas.<\/p>\n<figure class=\"wp-block-image size-large\"><img data-recalc-dims=\"1\" fetchpriority=\"high\" decoding=\"async\" width=\"696\" height=\"464\" src=\"https:\/\/i0.wp.com\/www.agenciasp.sp.gov.br\/wp-content\/uploads\/2026\/06\/Leitos-Hospital-Municipal-de-Guaruja-1024x683.jpg?resize=696%2C464&#038;ssl=1\" alt=\"\" class=\"wp-image-153642 lazy\" srcset=\"https:\/\/www.agenciasp.sp.gov.br\/wp-content\/uploads\/2026\/06\/Leitos-Hospital-Municipal-de-Guaruja-1024x683.jpg 1024w, https:\/\/www.agenciasp.sp.gov.br\/wp-content\/uploads\/2026\/06\/Leitos-Hospital-Municipal-de-Guaruja-300x200.jpg 300w, https:\/\/www.agenciasp.sp.gov.br\/wp-content\/uploads\/2026\/06\/Leitos-Hospital-Municipal-de-Guaruja-768x512.jpg 768w, https:\/\/www.agenciasp.sp.gov.br\/wp-content\/uploads\/2026\/06\/Leitos-Hospital-Municipal-de-Guaruja-1536x1024.jpg 1536w, https:\/\/www.agenciasp.sp.gov.br\/wp-content\/uploads\/2026\/06\/Leitos-Hospital-Municipal-de-Guaruja-2048x1365.jpg 2048w, https:\/\/www.agenciasp.sp.gov.br\/wp-content\/uploads\/2026\/06\/Leitos-Hospital-Municipal-de-Guaruja-150x100.jpg 150w\" data-sizes=\"(max-width: 1024px) 100vw, 1024px\"\/><\/figure>\n<p class=\"wp-block-paragraph\">\u201cFaltava um equipamento como este no Guaruj\u00e1, que nasce de uma sugest\u00e3o do pr\u00f3prio munic\u00edpio de adquirir um hospital pronto, que era da iniciativa privada, reformar e colocar em opera\u00e7\u00e3o. E resolvemos entrar juntos na compra e no custeio para colocar o nosso hospital aqui em Guaruj\u00e1 de p\u00e9\u201d, completou Tarc\u00edsio.<\/p>\n<p class=\"wp-block-paragraph\">O pr\u00e9dio, que anteriormente funcionava como hospital privado, passou recentemente para a administra\u00e7\u00e3o municipal e est\u00e1 sendo preparado para iniciar as atividades como Hospital Municipal de Guaruj\u00e1. A implanta\u00e7\u00e3o da unidade permitir\u00e1 ao munic\u00edpio contar, pela primeira vez, com um hospital pr\u00f3prio para atendimento da popula\u00e7\u00e3o.<\/p>\n<figure class=\"wp-block-image size-large\"><img data-recalc-dims=\"1\" loading=\"lazy\" decoding=\"async\" width=\"696\" height=\"464\" src=\"https:\/\/i0.wp.com\/www.agenciasp.sp.gov.br\/wp-content\/uploads\/2026\/06\/Hospital-Municipal-de-Guaruja-2-1024x683.jpg?resize=696%2C464&#038;ssl=1\" alt=\"\" class=\"wp-image-153645 lazy\" srcset=\"https:\/\/www.agenciasp.sp.gov.br\/wp-content\/uploads\/2026\/06\/Hospital-Municipal-de-Guaruja-2-1024x683.jpg 1024w, https:\/\/www.agenciasp.sp.gov.br\/wp-content\/uploads\/2026\/06\/Hospital-Municipal-de-Guaruja-2-300x200.jpg 300w, https:\/\/www.agenciasp.sp.gov.br\/wp-content\/uploads\/2026\/06\/Hospital-Municipal-de-Guaruja-2-768x512.jpg 768w, https:\/\/www.agenciasp.sp.gov.br\/wp-content\/uploads\/2026\/06\/Hospital-Municipal-de-Guaruja-2-1536x1024.jpg 1536w, https:\/\/www.agenciasp.sp.gov.br\/wp-content\/uploads\/2026\/06\/Hospital-Municipal-de-Guaruja-2-2048x1365.jpg 2048w, https:\/\/www.agenciasp.sp.gov.br\/wp-content\/uploads\/2026\/06\/Hospital-Municipal-de-Guaruja-2-150x100.jpg 150w\" data-sizes=\"(max-width: 1024px) 100vw, 1024px\"\/><\/figure>\n<p class=\"wp-block-paragraph\">\u201cAs entregas que estamos realizando na Baixada Santista, como os hospitais de Bertioga e Peru\u00edbe, e futuramente essa do Guaruj\u00e1, al\u00e9m da Maternidade S\u00e3o Vicente e do Centro de Especialidades de Cubat\u00e3o, refletem nosso compromisso em fortalecer a rede p\u00fablica de sa\u00fade, ampliando o acesso aos servi\u00e7os e garantindo um atendimento cada vez mais qualificado para a popula\u00e7\u00e3o\u201d, afirmou o secret\u00e1rio de Estado da Sa\u00fade, Eleuses Paiva.<\/p>\n<figure class=\"wp-block-image size-large\"><img data-recalc-dims=\"1\" loading=\"lazy\" decoding=\"async\" width=\"696\" height=\"464\" src=\"https:\/\/i0.wp.com\/www.agenciasp.sp.gov.br\/wp-content\/uploads\/2026\/06\/hospital-municpal-de-guaruja-1024x683.jpg?resize=696%2C464&#038;ssl=1\" alt=\"\" class=\"wp-image-153643 lazy\" srcset=\"https:\/\/www.agenciasp.sp.gov.br\/wp-content\/uploads\/2026\/06\/hospital-municpal-de-guaruja-1024x683.jpg 1024w, https:\/\/www.agenciasp.sp.gov.br\/wp-content\/uploads\/2026\/06\/hospital-municpal-de-guaruja-300x200.jpg 300w, https:\/\/www.agenciasp.sp.gov.br\/wp-content\/uploads\/2026\/06\/hospital-municpal-de-guaruja-768x512.jpg 768w, https:\/\/www.agenciasp.sp.gov.br\/wp-content\/uploads\/2026\/06\/hospital-municpal-de-guaruja-1536x1024.jpg 1536w, https:\/\/www.agenciasp.sp.gov.br\/wp-content\/uploads\/2026\/06\/hospital-municpal-de-guaruja-2048x1365.jpg 2048w, https:\/\/www.agenciasp.sp.gov.br\/wp-content\/uploads\/2026\/06\/hospital-municpal-de-guaruja-150x100.jpg 150w\" data-sizes=\"(max-width: 1024px) 100vw, 1024px\"\/><\/figure>\n<h2 class=\"wp-block-heading\">Caravana 3D<\/h2>\n<p class=\"wp-block-paragraph\">A Caravana 3D \u00e9 uma iniciativa do Governo de S\u00e3o Paulo que percorre as regi\u00f5es paulistas levando pol\u00edticas p\u00fablicas com foco nos tr\u00eas pilares da gest\u00e3o: desenvolvimento, dignidade e di\u00e1logo. A proposta \u00e9 fortalecer a articula\u00e7\u00e3o com os munic\u00edpios, promovendo entregas e investimentos que considerem as necessidades locais e contribuam para a melhoria da qualidade de vida da popula\u00e7\u00e3o. Antes da Baixada Santista, a a\u00e7\u00e3o passou pelas regi\u00f5es Central, Barretos, Registro, Bauru, regi\u00e3o do ABC, Ribeir\u00e3o Preto, Campinas, Vale do Para\u00edba, S\u00e3o Jos\u00e9 do Rio Preto, Ara\u00e7atuba, Mar\u00edlia, Sorocaba, Presidente Prudente e Itapeva.\u00a0<\/p>\n<p class=\"wp-block-paragraph\">A Caravana refor\u00e7a o compromisso do governo paulista com uma atua\u00e7\u00e3o mais pr\u00f3xima e integrada, baseada na escuta do cidad\u00e3o e no di\u00e1logo com lideran\u00e7as locais. Em cada etapa, s\u00e3o realizadas visitas aos munic\u00edpios e an\u00fancios de a\u00e7\u00f5es concretas nas \u00e1reas de sa\u00fade, educa\u00e7\u00e3o, habita\u00e7\u00e3o, infraestrutura e seguran\u00e7a.<\/p>\n<\/p><\/div>\n<p><br \/>\n<br \/><a href=\"https:\/\/www.agenciasp.sp.gov.br\/caravana-3d-governo-de-sp-anuncia-investimentos-para-implantacao-do-primeiro-hospital-municipal-de-guaruja\/\" rel=\"noopener\">Informa\u00e7\u00f5es GOV.SP<\/a><\/p>\n","protected":false},"excerpt":{"rendered":"<p>O Governo de S\u00e3o Paulo anunciou nesta sexta-feira (19), durante agenda da Caravana 3D na Baixada Santista, novos investimentos para a implanta\u00e7\u00e3o do primeiro Hospital Municipal de Guaruj\u00e1. Durante visita ao pr\u00e9dio da futura unidade, o governador Tarc\u00edsio de Freitas anunciou o repasse de R$ 15 milh\u00f5es realizado pela Secretaria de Estado da Sa\u00fade para [&hellip;]<\/p>\n","protected":false},"author":1,"featured_media":69638,"comment_status":"","ping_status":"open","sticky":false,"template":"","format":"standard","meta":{"_jetpack_newsletter_access":"","_jetpack_dont_email_post_to_subs":false,"_jetpack_newsletter_tier_id":0,"_jetpack_memberships_contains_paywalled_content":false,"_mbp_banners":[],"_jetpack_feature_clip_id":0,"_jetpack_memberships_contains_paid_content":false,"footnotes":"","jetpack_publicize_message":"","jetpack_publicize_feature_enabled":true,"jetpack_social_post_already_shared":true,"jetpack_social_options":{"image_generator_settings":{"template":"highway","default_image_id":0,"font":"","enabled":false},"version":2},"jetpack_post_was_ever_published":false},"categories":[21],"tags":[],"class_list":["post-69637","post","type-post","status-publish","format-standard","has-post-thumbnail","category-sp-news"],"jetpack_publicize_connections":[],"jetpack-related-posts":[],"jetpack_shortlink":"https:\/\/wp.me\/p7Eq1F-i7b","jetpack_sharing_enabled":true,"jetpack_featured_media_url":"https:\/\/i0.wp.com\/guialimeira.com.br\/news\/wp-content\/uploads\/2026\/06\/Caravana-3D-Governo-de-SP-anuncia-investimentos-para-implantacao-do.jpg?fit=1024%2C683&ssl=1","_links":{"self":[{"href":"https:\/\/guialimeira.com.br\/news\/wp-json\/wp\/v2\/posts\/69637","targetHints":{"allow":["GET"]}}],"collection":[{"href":"https:\/\/guialimeira.com.br\/news\/wp-json\/wp\/v2\/posts"}],"about":[{"href":"https:\/\/guialimeira.com.br\/news\/wp-json\/wp\/v2\/types\/post"}],"author":[{"embeddable":true,"href":"https:\/\/guialimeira.com.br\/news\/wp-json\/wp\/v2\/users\/1"}],"replies":[{"embeddable":true,"href":"https:\/\/guialimeira.com.br\/news\/wp-json\/wp\/v2\/comments?post=69637"}],"version-history":[{"count":0,"href":"https:\/\/guialimeira.com.br\/news\/wp-json\/wp\/v2\/posts\/69637\/revisions"}],"wp:featuredmedia":[{"embeddable":true,"href":"https:\/\/guialimeira.com.br\/news\/wp-json\/wp\/v2\/media\/69638"}],"wp:attachment":[{"href":"https:\/\/guialimeira.com.br\/news\/wp-json\/wp\/v2\/media?parent=69637"}],"wp:term":[{"taxonomy":"category","embeddable":true,"href":"https:\/\/guialimeira.com.br\/news\/wp-json\/wp\/v2\/categories?post=69637"},{"taxonomy":"post_tag","embeddable":true,"href":"https:\/\/guialimeira.com.br\/news\/wp-json\/wp\/v2\/tags?post=69637"}],"curies":[{"name":"wp","href":"https:\/\/api.w.org\/{rel}","templated":true}]}}