{"id":69630,"date":"2026-06-19T14:26:27","date_gmt":"2026-06-19T17:26:27","guid":{"rendered":"https:\/\/guialimeira.com.br\/copa-na-praca-toledo-barros-recebe-torcida-para-segundo-jogo-do-brasil-nesta-sexta-feira-19\/"},"modified":"2026-06-19T14:26:27","modified_gmt":"2026-06-19T17:26:27","slug":"copa-na-praca-toledo-barros-recebe-torcida-para-segundo-jogo-do-brasil-nesta-sexta-feira-19","status":"publish","type":"post","link":"https:\/\/guialimeira.com.br\/news\/copa-na-praca-toledo-barros-recebe-torcida-para-segundo-jogo-do-brasil-nesta-sexta-feira-19\/","title":{"rendered":"Copa na Pra\u00e7a: Toledo Barros recebe torcida para segundo jogo do Brasil nesta sexta-feira (19)"},"content":{"rendered":"<p> <br \/>\n<\/p>\n<div>\n                <main class=\"\">&#13;<br \/>\n                    &#13;<br \/>\n&#13;<br \/>\n&#13;<br \/>\n&#13;<br \/>\n&#13;<br \/>\n&#13;<br \/>\n    <img data-recalc-dims=\"1\" decoding=\"async\" src=\"https:\/\/i0.wp.com\/ecrie.com.br\/sistema\/conteudos\/imagem\/m_137_1_2_19062026142218.jpeg?w=696&#038;ssl=1\" alt=\"Copa na Pra\u00e7a: Toledo Barros recebe torcida para segundo jogo do Brasil nesta sexta-feira (19)\"\/>&#13;<br \/>\n&#13;<br \/>\n&#13;<\/p>\n<p style=\"text-align: justify;\">Depois de reunir mais de 2 mil pessoas na estreia da sele\u00e7\u00e3o brasileira, a Copa na Pra\u00e7a volta \u00e0 Toledo Barros nesta sexta-feira (19) para o segundo jogo do Brasil na competi\u00e7\u00e3o. A Prefeitura de Limeira preparou uma programa\u00e7\u00e3o especial a partir das 18h, com \u00e1rea de alimenta\u00e7\u00e3o, espa\u00e7o com mesas e cadeiras, troca de figurinhas, totens para fotos, atra\u00e7\u00f5es musicais e transmiss\u00e3o da partida em tel\u00e3o, \u00e0s 21h30.<\/p>\n<p>&#13;<\/p>\n<p style=\"text-align: justify;\">A partir das 20h30, a banda Armaz\u00e9m do Samba sobe ao palco para esquentar o clima e animar os torcedores antes do in\u00edcio do jogo. O evento \u00e9 gratuito e conta com estrutura preparada para receber o p\u00fablico, al\u00e9m de equipes de seguran\u00e7a, fiscaliza\u00e7\u00e3o e limpeza durante toda a programa\u00e7\u00e3o.<\/p>\n<p>&#13;<\/p>\n<p style=\"text-align: justify;\">\u201cA Copa na Pra\u00e7a \u00e9 mais um espa\u00e7o que a Prefeitura oferece para a popula\u00e7\u00e3o viver o futebol com seguran\u00e7a, estrutura e alegria, ao lado da fam\u00edlia e dos amigos\u201d, destacou o prefeito Murilo F\u00e9lix.<\/p>\n<p>&#13;<\/p>\n<p style=\"text-align: justify;\">Sucesso de p\u00fablico<\/p>\n<p>&#13;<\/p>\n<p style=\"text-align: justify;\">A estreia da sele\u00e7\u00e3o brasileira, no \u00faltimo s\u00e1bado (13), reuniu mais de 2 mil pessoas na Pra\u00e7a Toledo Barros, em um ambiente de anima\u00e7\u00e3o, seguran\u00e7a e confraterniza\u00e7\u00e3o entre as fam\u00edlias e os torcedores.<\/p>\n<p>&#13;<\/p>\n<p style=\"text-align: justify;\">\u201cA participa\u00e7\u00e3o expressiva da popula\u00e7\u00e3o mostrou que a Copa na Pra\u00e7a se consolidou como um espa\u00e7o de conviv\u00eancia, lazer e integra\u00e7\u00e3o. Nossa expectativa \u00e9 receber novamente um grande p\u00fablico para torcer junto pela sele\u00e7\u00e3o brasileira\u201d, afirmou o secret\u00e1rio de Turismo e Eventos, Thiago Martins.<\/p>\n<p>&#13;<\/p>\n<p style=\"text-align: justify;\">A Copa na Pra\u00e7a \u00e9 organizada pela Prefeitura de Limeira, por meio da Secretaria de Turismo e Eventos. A a\u00e7\u00e3o est\u00e1 alinhada ao ODS 11 (Cidades e Comunidades Sustent\u00e1veis) da Agenda 2030 da ONU, que incentiva a ocupa\u00e7\u00e3o qualificada, inclusiva e sustent\u00e1vel dos espa\u00e7os p\u00fablicos.<\/p>\n<p>&#13;<br \/>\n&#13;<br \/>\n&#13;<br \/>\n&#13;<\/p>\n<article class=\"conteudo-relacionado no-print\">&#13;<br \/>\n        &#13;<br \/>\n&#13;<br \/>\n        &#13;<br \/>\n    <\/article>\n<p>&#13;<br \/>\n&#13;<br \/>\n                <\/main><\/p><\/div>\n<p><br \/>\n<br \/><a href=\"https:\/\/limeira.sp.gov.br\/copa-na-praca-toledo-barros-recebe-torcida-para-segundo-jogo-do-brasil-nesta-sexta-feira-19\" rel=\"noopener\">Informa\u00e7\u00f5es da PML <\/a><\/p>\n","protected":false},"excerpt":{"rendered":"<p>&#13; &#13; &#13; &#13; &#13; &#13; &#13; &#13; &#13; &#13; Depois de reunir mais de 2 mil pessoas na estreia da sele\u00e7\u00e3o brasileira, a Copa na Pra\u00e7a volta \u00e0 Toledo Barros nesta sexta-feira (19) para o segundo jogo do Brasil na competi\u00e7\u00e3o. A Prefeitura de Limeira preparou uma programa\u00e7\u00e3o especial a partir das 18h, com [&hellip;]<\/p>\n","protected":false},"author":1,"featured_media":69631,"comment_status":"","ping_status":"open","sticky":false,"template":"","format":"standard","meta":{"_jetpack_newsletter_access":"","_jetpack_dont_email_post_to_subs":false,"_jetpack_newsletter_tier_id":0,"_jetpack_memberships_contains_paywalled_content":false,"_mbp_banners":[],"_jetpack_feature_clip_id":0,"_jetpack_memberships_contains_paid_content":false,"footnotes":"","jetpack_publicize_message":"","jetpack_publicize_feature_enabled":true,"jetpack_social_post_already_shared":true,"jetpack_social_options":{"image_generator_settings":{"template":"highway","default_image_id":0,"font":"","enabled":false},"version":2},"jetpack_post_was_ever_published":false},"categories":[16],"tags":[],"class_list":["post-69630","post","type-post","status-publish","format-standard","has-post-thumbnail","category-local"],"jetpack_publicize_connections":[],"jetpack-related-posts":[],"jetpack_shortlink":"https:\/\/wp.me\/p7Eq1F-i74","jetpack_sharing_enabled":true,"jetpack_featured_media_url":"https:\/\/i0.wp.com\/guialimeira.com.br\/news\/wp-content\/uploads\/2026\/06\/m_137_1_2_19062026142218.jpeg?fit=1024%2C576&ssl=1","_links":{"self":[{"href":"https:\/\/guialimeira.com.br\/news\/wp-json\/wp\/v2\/posts\/69630","targetHints":{"allow":["GET"]}}],"collection":[{"href":"https:\/\/guialimeira.com.br\/news\/wp-json\/wp\/v2\/posts"}],"about":[{"href":"https:\/\/guialimeira.com.br\/news\/wp-json\/wp\/v2\/types\/post"}],"author":[{"embeddable":true,"href":"https:\/\/guialimeira.com.br\/news\/wp-json\/wp\/v2\/users\/1"}],"replies":[{"embeddable":true,"href":"https:\/\/guialimeira.com.br\/news\/wp-json\/wp\/v2\/comments?post=69630"}],"version-history":[{"count":0,"href":"https:\/\/guialimeira.com.br\/news\/wp-json\/wp\/v2\/posts\/69630\/revisions"}],"wp:featuredmedia":[{"embeddable":true,"href":"https:\/\/guialimeira.com.br\/news\/wp-json\/wp\/v2\/media\/69631"}],"wp:attachment":[{"href":"https:\/\/guialimeira.com.br\/news\/wp-json\/wp\/v2\/media?parent=69630"}],"wp:term":[{"taxonomy":"category","embeddable":true,"href":"https:\/\/guialimeira.com.br\/news\/wp-json\/wp\/v2\/categories?post=69630"},{"taxonomy":"post_tag","embeddable":true,"href":"https:\/\/guialimeira.com.br\/news\/wp-json\/wp\/v2\/tags?post=69630"}],"curies":[{"name":"wp","href":"https:\/\/api.w.org\/{rel}","templated":true}]}}