{"id":69629,"date":"2026-06-19T14:14:13","date_gmt":"2026-06-19T17:14:13","guid":{"rendered":"https:\/\/guialimeira.com.br\/mutirao-de-combate-a-dengue-percorre-tres-bairros-neste-sabado-20-em-limeira\/"},"modified":"2026-06-19T14:14:13","modified_gmt":"2026-06-19T17:14:13","slug":"mutirao-de-combate-a-dengue-percorre-tres-bairros-neste-sabado-20-em-limeira","status":"publish","type":"post","link":"https:\/\/guialimeira.com.br\/news\/mutirao-de-combate-a-dengue-percorre-tres-bairros-neste-sabado-20-em-limeira\/","title":{"rendered":"Mutir\u00e3o de combate \u00e0 dengue percorre tr\u00eas bairros neste s\u00e1bado (20), em Limeira"},"content":{"rendered":"<p> <br \/>\n<\/p>\n<div id=\"\">&#13;<br \/>\n                    &#13;<br \/>\n&#13;<br \/>\n&#13;<br \/>\n&#13;<\/p>\n<header class=\"list-header\">&#13;<br \/>\n    &#13;<br \/>\n&#13;<\/p>\n<nav class=\"breadcrumbs__container no-print\">&#13;<br \/>\n    <a class=\"breadcrumbs__item\" href=\"https:\/\/limeira.sp.gov.br\/\" rel=\"noopener\">In\u00edcio<\/a>&#13;<br \/>\n&#13;<br \/>\n&#13;<br \/>\n&#13;<br \/>\n<\/nav>\n<p>&#13;<br \/>\n&#13;<br \/>\n    &#13;<br \/>\n&#13;<\/p>\n<p class=\"page-description\">&#13;<br \/>\n            Cerca de 90 agentes participar\u00e3o da a\u00e7\u00e3o no Jardim Nova Su\u00ed\u00e7a, Jardim Bar\u00e3o de Limeira e Vila Santa L\u00facia&#13;\n        <\/p>\n<p>&#13;<br \/>\n&#13;<br \/>\n    &#13;<br \/>\n<\/header>\n<p>&#13;<br \/>\n&#13;<br \/>\n    <img data-recalc-dims=\"1\" decoding=\"async\" src=\"https:\/\/i0.wp.com\/ecrie.com.br\/sistema\/conteudos\/imagem\/m_137_0_1_28042026143527.jpg?w=696&#038;ssl=1\" alt=\"Mutir\u00e3o de combate \u00e0 dengue percorre tr\u00eas bairros neste s\u00e1bado (20), em Limeira\"\/>&#13;<br \/>\n&#13;<br \/>\n&#13;<\/p>\n<p style=\"text-align: justify;\">A Prefeitura de Limeira realiza neste s\u00e1bado (20), mais um mutir\u00e3o de combate \u00e0 dengue nos bairros Jardim Nova Su\u00ed\u00e7a, Jardim Bar\u00e3o de Limeira e Vila Santa L\u00facia. A a\u00e7\u00e3o ocorrer\u00e1 das 7h30 \u00e0s 12h e contar\u00e1 com a participa\u00e7\u00e3o de aproximadamente 90 agentes.<\/p>\n<p>&#13;<\/p>\n<p style=\"text-align: justify;\">Durante o mutir\u00e3o, as equipes visitar\u00e3o im\u00f3veis para orientar moradores, identificar e eliminar poss\u00edveis criadouros do mosquito Aedes aegypti.<\/p>\n<p>&#13;<\/p>\n<p style=\"text-align: justify;\">Os agentes estar\u00e3o uniformizados e com crach\u00e1 de identifica\u00e7\u00e3o durante todo o trabalho de campo. A orienta\u00e7\u00e3o \u00e9 que os moradores recebam as equipes e colaborem com as vistorias, que s\u00e3o fundamentais para prevenir a prolifera\u00e7\u00e3o do mosquito.<\/p>\n<p>&#13;<\/p>\n<p style=\"text-align: justify;\">A iniciativa integra as a\u00e7\u00f5es no munic\u00edpio contra a dengue e refor\u00e7a a import\u00e2ncia da participa\u00e7\u00e3o da popula\u00e7\u00e3o na elimina\u00e7\u00e3o de recipientes que possam acumular \u00e1gua parada.<\/p>\n<p>&#13;<br \/>\n&#13;<br \/>\n&#13;<br \/>\n&#13;<\/p>\n<article class=\"conteudo-relacionado no-print\">&#13;<\/p>\n<header class=\"list-header\">&#13;<\/p>\n<h4>Conte\u00fados Relacionados<\/h4>\n<p>&#13;<br \/>\n        <\/header>\n<p>&#13;<br \/>\n&#13;<br \/>\n        &#13;<br \/>\n    <\/article>\n<p>&#13;<br \/>\n&#13;\n                <\/p><\/div>\n<p><br \/>\n<br \/><a href=\"https:\/\/limeira.sp.gov.br\/mutirao-de-combate-a-dengue-percorre-tres-bairros-neste-sabado-20-em-limeira\" rel=\"noopener\">Informa\u00e7\u00f5es da PML <\/a><\/p>\n","protected":false},"excerpt":{"rendered":"<p>&#13; &#13; &#13; &#13; &#13; &#13; &#13; &#13; &#13; In\u00edcio&#13; &#13; &#13; &#13; &#13; &#13; &#13; &#13; &#13; Cerca de 90 agentes participar\u00e3o da a\u00e7\u00e3o no Jardim Nova Su\u00ed\u00e7a, Jardim Bar\u00e3o de Limeira e Vila Santa L\u00facia&#13; &#13; &#13; &#13; &#13; &#13; &#13; &#13; &#13; A Prefeitura de Limeira realiza neste s\u00e1bado (20), mais um [&hellip;]<\/p>\n","protected":false},"author":1,"featured_media":63328,"comment_status":"","ping_status":"open","sticky":false,"template":"","format":"standard","meta":{"_jetpack_newsletter_access":"","_jetpack_dont_email_post_to_subs":false,"_jetpack_newsletter_tier_id":0,"_jetpack_memberships_contains_paywalled_content":false,"_mbp_banners":[],"_jetpack_feature_clip_id":0,"_jetpack_memberships_contains_paid_content":false,"footnotes":"","jetpack_publicize_message":"","jetpack_publicize_feature_enabled":true,"jetpack_social_post_already_shared":true,"jetpack_social_options":{"image_generator_settings":{"template":"highway","default_image_id":0,"font":"","enabled":false},"version":2},"jetpack_post_was_ever_published":false},"categories":[16],"tags":[],"class_list":["post-69629","post","type-post","status-publish","format-standard","has-post-thumbnail","category-local"],"jetpack_publicize_connections":[],"jetpack-related-posts":[],"jetpack_shortlink":"https:\/\/wp.me\/p7Eq1F-i73","jetpack_sharing_enabled":true,"jetpack_featured_media_url":"https:\/\/i0.wp.com\/guialimeira.com.br\/news\/wp-content\/uploads\/2026\/04\/m_137_0_1_28042026143527.jpg?fit=1024%2C681&ssl=1","_links":{"self":[{"href":"https:\/\/guialimeira.com.br\/news\/wp-json\/wp\/v2\/posts\/69629","targetHints":{"allow":["GET"]}}],"collection":[{"href":"https:\/\/guialimeira.com.br\/news\/wp-json\/wp\/v2\/posts"}],"about":[{"href":"https:\/\/guialimeira.com.br\/news\/wp-json\/wp\/v2\/types\/post"}],"author":[{"embeddable":true,"href":"https:\/\/guialimeira.com.br\/news\/wp-json\/wp\/v2\/users\/1"}],"replies":[{"embeddable":true,"href":"https:\/\/guialimeira.com.br\/news\/wp-json\/wp\/v2\/comments?post=69629"}],"version-history":[{"count":0,"href":"https:\/\/guialimeira.com.br\/news\/wp-json\/wp\/v2\/posts\/69629\/revisions"}],"wp:featuredmedia":[{"embeddable":true,"href":"https:\/\/guialimeira.com.br\/news\/wp-json\/wp\/v2\/media\/63328"}],"wp:attachment":[{"href":"https:\/\/guialimeira.com.br\/news\/wp-json\/wp\/v2\/media?parent=69629"}],"wp:term":[{"taxonomy":"category","embeddable":true,"href":"https:\/\/guialimeira.com.br\/news\/wp-json\/wp\/v2\/categories?post=69629"},{"taxonomy":"post_tag","embeddable":true,"href":"https:\/\/guialimeira.com.br\/news\/wp-json\/wp\/v2\/tags?post=69629"}],"curies":[{"name":"wp","href":"https:\/\/api.w.org\/{rel}","templated":true}]}}