{"id":69627,"date":"2026-06-19T14:10:21","date_gmt":"2026-06-19T17:10:21","guid":{"rendered":"https:\/\/guialimeira.com.br\/dia-do-cinema-brasileiro-cadeia-produtiva-local-audiovisual-ganha-destaque-com-fomento-do-sp-produz-em-bauru\/"},"modified":"2026-06-19T14:10:21","modified_gmt":"2026-06-19T17:10:21","slug":"dia-do-cinema-brasileiro-cadeia-produtiva-local-audiovisual-ganha-destaque-com-fomento-do-sp-produz-em-bauru","status":"publish","type":"post","link":"https:\/\/guialimeira.com.br\/news\/dia-do-cinema-brasileiro-cadeia-produtiva-local-audiovisual-ganha-destaque-com-fomento-do-sp-produz-em-bauru\/","title":{"rendered":"Dia do Cinema Brasileiro: Cadeia Produtiva Local Audiovisual ganha destaque com fomento do SP Produz em Bauru"},"content":{"rendered":"<p> <br \/>\n<\/p>\n<div>\n<p class=\"wp-block-paragraph\">Nesta sexta-feira (19) \u00e9 celebrado o Dia do Cinema Brasileiro. Recentemente, o setor audiovisual nacional tem ganhado destaque nas principais premia\u00e7\u00f5es internacionais e atra\u00eddo a aten\u00e7\u00e3o do mundo. Em Bauru, no interior paulista, a Cadeia Produtiva Local (CPL) Audiovisual recebeu fomento do programa <a href=\"https:\/\/www.spproduz.sp.gov.br\/\" target=\"_blank\" rel=\"noopener\">SP Produz <\/a>em 2024 e investiu na realiza\u00e7\u00e3o da 6\u00aa edi\u00e7\u00e3o do Festival Filma Bauru, que contou com 225 obras inscritas no ano passado, de 84 munic\u00edpios. Na mostra, foram exibidas 42 obras de cidades do interior e litoral do Estado.<\/p>\n<p class=\"wp-block-paragraph\">\u201cA ascens\u00e3o do cinema brasileiro e a valoriza\u00e7\u00e3o da cultura s\u00e3o mecanismos para ampliar a vis\u00e3o do Brasil no mundo ao dar visibilidade para hist\u00f3rias, sotaques e tradi\u00e7\u00f5es. Tem uma relev\u00e2ncia simb\u00f3lica de que somos uma na\u00e7\u00e3o criativa e potente e isso estimula v\u00e1rias outras cadeias ao despertar o interesse tamb\u00e9m para o turismo, a gastronomia, por exemplo. A cultura inteira ganha, at\u00e9 com impacto econ\u00f4mico sobre as obras\u201d, afirma Rene Lopez, coordenador do Filma Bauru e membro da governan\u00e7a da CPL Audiovisual de Bauru.<\/p>\n<p class=\"wp-block-paragraph\">O programa SP Produz, criado pela Secretaria de Desenvolvimento Econ\u00f4mico do Estado (SDE), tem como objetivo fortalecer as cadeias produtivas locais de S\u00e3o Paulo, estimular a auto-organiza\u00e7\u00e3o de aglomera\u00e7\u00f5es setoriais e promover o desenvolvimento regional. Para receber o fomento da SDE, as CPLs precisam apresentar projetos e serem formalmente reconhecidas. S\u00f3 assim podem participar dos editais, de acordo com o n\u00edvel de maturidade da CPL: em Desenvolvimento, Consolidada e Madura.<\/p>\n<figure class=\"wp-block-image size-large\"><img data-recalc-dims=\"1\" fetchpriority=\"high\" decoding=\"async\" width=\"696\" height=\"392\" src=\"https:\/\/i0.wp.com\/www.agenciasp.sp.gov.br\/wp-content\/uploads\/2026\/06\/WhatsApp-Image-2026-06-19-at-10.35.26-1-1024x576.jpeg?resize=696%2C392&#038;ssl=1\" alt=\"\" class=\"wp-image-153609 lazy\" srcset=\"https:\/\/www.agenciasp.sp.gov.br\/wp-content\/uploads\/2026\/06\/WhatsApp-Image-2026-06-19-at-10.35.26-1-1024x576.jpeg 1024w, https:\/\/www.agenciasp.sp.gov.br\/wp-content\/uploads\/2026\/06\/WhatsApp-Image-2026-06-19-at-10.35.26-1-300x169.jpeg 300w, https:\/\/www.agenciasp.sp.gov.br\/wp-content\/uploads\/2026\/06\/WhatsApp-Image-2026-06-19-at-10.35.26-1-768x432.jpeg 768w, https:\/\/www.agenciasp.sp.gov.br\/wp-content\/uploads\/2026\/06\/WhatsApp-Image-2026-06-19-at-10.35.26-1-1536x864.jpeg 1536w, https:\/\/www.agenciasp.sp.gov.br\/wp-content\/uploads\/2026\/06\/WhatsApp-Image-2026-06-19-at-10.35.26-1-150x84.jpeg 150w, https:\/\/www.agenciasp.sp.gov.br\/wp-content\/uploads\/2026\/06\/WhatsApp-Image-2026-06-19-at-10.35.26-1.jpeg 1600w\" data-sizes=\"(max-width: 1024px) 100vw, 1024px\"\/><figcaption class=\"wp-element-caption\">Atividades formativas fazem parte do festival Filma Bauru. Cr\u00e9dito: Denis Augusto<\/figcaption><\/figure>\n<p class=\"wp-block-paragraph\"><strong>LEIA TAMB\u00c9M: <\/strong><a href=\"https:\/\/www.agenciasp.sp.gov.br\/governo-de-sp-anuncia-fomento-inedito-a-salas-de-cinema-em-pacote-de-r-90-milhoes-do-proac\/\" rel=\"noopener\">Governo de SP anuncia fomento in\u00e9dito a Salas de Cinema em pacote de R$ 90 milh\u00f5es do ProAC<\/a><\/p>\n<p class=\"wp-block-paragraph\">De acordo com a subsecret\u00e1ria de Competitividade e Desenvolvimento Econ\u00f4mico e Regional, J\u00falia da Motta, o reconhecimento da CPL aumenta a competitividade do setor no mercado. \u201cO SP Produz auxilia na valoriza\u00e7\u00e3o de setores estrat\u00e9gicos e contribui para reduzir as desigualdades regionais. Com o fomento, as cadeias produtivas se fortalecem e ganham ainda mais visibilidade para crescer\u201d, ressalta.<\/p>\n<p class=\"wp-block-paragraph\">Bauru tem trajet\u00f3ria pioneira no audiovisual brasileiro, uma vez que foi a primeira cidade do interior a receber uma emissora de TV na d\u00e9cada de 1960. Atualmente, h\u00e1 um importante nicho de produ\u00e7\u00e3o na regi\u00e3o, com obras e profissionais premiados.<\/p>\n<p class=\"wp-block-paragraph\">A CPL Audiovisual \u00e9 gerida pela Funda\u00e7\u00e3o para o Desenvolvimento de Bauru (FunDeB). No munic\u00edpio, a Cinemateca Digital de Bauru tem um acervo de cerca de 250 obras catalogadas.<\/p>\n<p class=\"wp-block-paragraph\"><strong>LEIA TAMB\u00c9M: <\/strong><a href=\"https:\/\/www.agenciasp.sp.gov.br\/sp-programa-internacional-audiovisuais\/\" rel=\"noopener\">Governo de SP lan\u00e7a programa internacional para desenvolvimento de projetos audiovisuais<\/a><\/p>\n<h3 class=\"wp-block-heading\">Formaliza\u00e7\u00e3o<\/h3>\n<p class=\"wp-block-paragraph\">Em 2021, foi formado o Aglomerado Produtivo Local com produtores de audiovisual da regi\u00e3o de Bauru. O coletivo se reunia para fomentar o mercado e organizar o setor. A partir de 2023, foi criada a CPL Audiovisual, que re\u00fane 13 empresas que comp\u00f5em os elos da cadeia, entre micro e pequenas empresas e empreendedores individuais, produtoras e emissoras televisivas, al\u00e9m de quatro agentes de governan\u00e7a, como a Secretaria Municipal de Cultura de Bauru e o Sebrae.<\/p>\n<p class=\"wp-block-paragraph\">\u201cLevantamos a documenta\u00e7\u00e3o necess\u00e1ria para atuar de forma institucional, j\u00e1 que havia uma pol\u00edtica p\u00fablica que poderia auxiliar a fortalecer o setor audiovisual. Num primeiro momento, em parceria com a Secretaria, criamos a plataforma Conecta Audiovisual de Bauru, para cadastro de projetos em desenvolvimento\u201d, lembra Lopez.<\/p>\n<p class=\"wp-block-paragraph\">Ap\u00f3s o reconhecimento da CPL, a rede recebeu fomento do Estado em 2024 por meio do SP Produz. Com o recurso, foi criado o Laborat\u00f3rio de Desenvolvimento de Projetos de Bauru, com a contrata\u00e7\u00e3o de consultores para oferecer mentoria e orienta\u00e7\u00f5es pr\u00e1ticas aos profissionais em roteiro, produ\u00e7\u00e3o, dire\u00e7\u00e3o e p\u00f3s-produ\u00e7\u00e3o.<\/p>\n<h3 class=\"wp-block-heading\">Filma Bauru<\/h3>\n<p class=\"wp-block-paragraph\">Al\u00e9m da forma\u00e7\u00e3o t\u00e9cnica do laborat\u00f3rio, o fomento do SP Produz permitiu ao festival apostar em inclus\u00e3o e acessibilidade. Em 2025, as obras exibidas durante os cinco dias de evento contaram com int\u00e9rpretes de Libras, al\u00e9m da produ\u00e7\u00e3o vencedora do J\u00fari Popular receber uma vers\u00e3o do filme com audiodescri\u00e7\u00e3o.<\/p>\n<p class=\"wp-block-paragraph\">O Filma Bauru \u00e9 bienal, com obras de curta-metragem, anima\u00e7\u00e3o e document\u00e1rio que participam da competi\u00e7\u00e3o, mas outros formatos audiovisuais como videoclipes s\u00e3o exibidos na mostra. Segundo Rene Lopez, o evento re\u00fane profissionais com vasta experi\u00eancia e tem ainda um car\u00e1ter formativo.<\/p>\n<p class=\"wp-block-paragraph\">\u201cA ideia de formalizar a CPL foi pensando na potencializa\u00e7\u00e3o do setor audiovisual, com o objetivo de o setor ganhar mais ao viabilizar novas obras\u201d, conclui o produtor.<\/p>\n<h3 class=\"wp-block-heading\">Sobre a SDE<\/h3>\n<p class=\"wp-block-paragraph\">A <a href=\"https:\/\/www.desenvolvimentoeconomico.sp.gov.br\/DesenvolvimentoEconomico\" target=\"_blank\" rel=\"noopener\">Secretaria de Desenvolvimento Econ\u00f4mico (SDE)<\/a>, pasta do Governo do Estado de S\u00e3o Paulo, exerce papel fundamental para a reindustrializa\u00e7\u00e3o e atra\u00e7\u00e3o de investimentos com foco na gera\u00e7\u00e3o de emprego, renda e desenvolvimento regional. Al\u00e9m disso, conta com programas de capacita\u00e7\u00e3o profissional, a\u00e7\u00f5es de fomento ao empreendedorismo, que incluem linhas de microcr\u00e9dito do Banco do Povo. Tem como institui\u00e7\u00f5es vinculadas a InvestSP, a Desenvolve SP e a Junta Comercial do Estado de S\u00e3o Paulo (Jucesp).<\/p>\n<\/p><\/div>\n<p><br \/>\n<br \/><a href=\"https:\/\/www.agenciasp.sp.gov.br\/cpl-audiovisual-bauru-fomento-do-sp-produz\/\" rel=\"noopener\">Informa\u00e7\u00f5es GOV.SP<\/a><\/p>\n","protected":false},"excerpt":{"rendered":"<p>Nesta sexta-feira (19) \u00e9 celebrado o Dia do Cinema Brasileiro. Recentemente, o setor audiovisual nacional tem ganhado destaque nas principais premia\u00e7\u00f5es internacionais e atra\u00eddo a aten\u00e7\u00e3o do mundo. Em Bauru, no interior paulista, a Cadeia Produtiva Local (CPL) Audiovisual recebeu fomento do programa SP Produz em 2024 e investiu na realiza\u00e7\u00e3o da 6\u00aa edi\u00e7\u00e3o do [&hellip;]<\/p>\n","protected":false},"author":1,"featured_media":69628,"comment_status":"","ping_status":"open","sticky":false,"template":"","format":"standard","meta":{"_jetpack_newsletter_access":"","_jetpack_dont_email_post_to_subs":false,"_jetpack_newsletter_tier_id":0,"_jetpack_memberships_contains_paywalled_content":false,"_mbp_banners":[],"_jetpack_feature_clip_id":0,"_jetpack_memberships_contains_paid_content":false,"footnotes":"","jetpack_publicize_message":"","jetpack_publicize_feature_enabled":true,"jetpack_social_post_already_shared":true,"jetpack_social_options":{"image_generator_settings":{"template":"highway","default_image_id":0,"font":"","enabled":false},"version":2},"jetpack_post_was_ever_published":false},"categories":[21],"tags":[],"class_list":["post-69627","post","type-post","status-publish","format-standard","has-post-thumbnail","category-sp-news"],"jetpack_publicize_connections":[],"jetpack-related-posts":[],"jetpack_shortlink":"https:\/\/wp.me\/p7Eq1F-i71","jetpack_sharing_enabled":true,"jetpack_featured_media_url":"https:\/\/i0.wp.com\/guialimeira.com.br\/news\/wp-content\/uploads\/2026\/06\/Dia-do-Cinema-Brasileiro-Cadeia-Produtiva-Local-Audiovisual-ganha-destaque.jpeg?fit=1024%2C576&ssl=1","_links":{"self":[{"href":"https:\/\/guialimeira.com.br\/news\/wp-json\/wp\/v2\/posts\/69627","targetHints":{"allow":["GET"]}}],"collection":[{"href":"https:\/\/guialimeira.com.br\/news\/wp-json\/wp\/v2\/posts"}],"about":[{"href":"https:\/\/guialimeira.com.br\/news\/wp-json\/wp\/v2\/types\/post"}],"author":[{"embeddable":true,"href":"https:\/\/guialimeira.com.br\/news\/wp-json\/wp\/v2\/users\/1"}],"replies":[{"embeddable":true,"href":"https:\/\/guialimeira.com.br\/news\/wp-json\/wp\/v2\/comments?post=69627"}],"version-history":[{"count":0,"href":"https:\/\/guialimeira.com.br\/news\/wp-json\/wp\/v2\/posts\/69627\/revisions"}],"wp:featuredmedia":[{"embeddable":true,"href":"https:\/\/guialimeira.com.br\/news\/wp-json\/wp\/v2\/media\/69628"}],"wp:attachment":[{"href":"https:\/\/guialimeira.com.br\/news\/wp-json\/wp\/v2\/media?parent=69627"}],"wp:term":[{"taxonomy":"category","embeddable":true,"href":"https:\/\/guialimeira.com.br\/news\/wp-json\/wp\/v2\/categories?post=69627"},{"taxonomy":"post_tag","embeddable":true,"href":"https:\/\/guialimeira.com.br\/news\/wp-json\/wp\/v2\/tags?post=69627"}],"curies":[{"name":"wp","href":"https:\/\/api.w.org\/{rel}","templated":true}]}}