{"id":69625,"date":"2026-06-19T13:59:12","date_gmt":"2026-06-19T16:59:12","guid":{"rendered":"https:\/\/guialimeira.com.br\/2a-edicao-da-meia-maratona-da-inclusao-e-lancada-oficialmente\/"},"modified":"2026-06-19T13:59:12","modified_gmt":"2026-06-19T16:59:12","slug":"2a-edicao-da-meia-maratona-da-inclusao-e-lancada-oficialmente","status":"publish","type":"post","link":"https:\/\/guialimeira.com.br\/news\/2a-edicao-da-meia-maratona-da-inclusao-e-lancada-oficialmente\/","title":{"rendered":"2a. edi\u00e7\u00e3o da Meia Maratona da Inclus\u00e3o \u00e9 lan\u00e7ada oficialmente"},"content":{"rendered":"<p> <br \/>\n<\/p>\n<div data-id=\"626ab9d\" data-element_type=\"widget\" data-e-type=\"widget\" data-widget_type=\"theme-post-content.default\">\n<p class=\"wp-block-paragraph\">A Parceria Solid\u00e1ria, formada pela AINDA (Associa\u00e7\u00e3o Integrada de Deficientes e Amigos), ARIL (Associa\u00e7\u00e3o de Reabilita\u00e7\u00e3o Infantil Limeirense) e APAE (Associa\u00e7\u00e3o de Pais e Amigos dos Excepcionais), lan\u00e7ou oficialmente, na nesta quinta-feira (18), a segunda edi\u00e7\u00e3o da Meia Maratona da Inclus\u00e3o. O evento, realizado no anfiteatro da Faculdade S\u00e3o Leopoldo Mandic Limeira, reuniu autoridades, jornalistas, representantes de grupos de corrida, patrocinadores e apoiadores.<\/p>\n<p class=\"wp-block-paragraph\">A prova ser\u00e1 realizada no dia 8 de novembro, no Parque Cidade, com concentra\u00e7\u00e3o e aquecimento a partir das 5h30. A largada est\u00e1 marcada para as 6h e os participantes ter\u00e3o at\u00e9 tr\u00eas horas para concluir o percurso. Durante o lan\u00e7amento, foram apresentadas as novidades da edi\u00e7\u00e3o deste ano, entre elas uma altera\u00e7\u00e3o no trajeto.<\/p>\n<p class=\"wp-block-paragraph\">Assim como no ano passado, os participantes poder\u00e3o escolher entre caminhada de 5 quil\u00f4metros, corrida de 10 quil\u00f4metros, meia maratona de 21 quil\u00f4metros, Corrida Kids e a modalidade Pernas Amigas, uma proposta inclusiva de 5 quil\u00f4metros em que equipes de tr\u00eas a quatro atletas se revezam para auxiliar pessoas que necessitam de apoio durante o percurso.<\/p>\n<p class=\"wp-block-paragraph\">O atleta Carlos Antonio dos Santos, o \u201cBira\u201d, que representou os grupos de corrida parceiros do evento, explicou que o percurso ter\u00e1 menos subidas em compara\u00e7\u00e3o \u00e0 edi\u00e7\u00e3o anterior, mas continuar\u00e1 exigindo preparo f\u00edsico dos participantes. \u201cN\u00e3o \u00e9 uma prova f\u00e1cil. A orienta\u00e7\u00e3o \u00e9 dosar a energia na ida para n\u00e3o passar apuros na volta\u201d, destacou.<\/p>\n<p class=\"wp-block-paragraph\">Representando o poder executivo, o secret\u00e1rio municipal de Esporte e Lazer, Dimas Peruzza, destacou que a iniciativa vai muito al\u00e9m da promo\u00e7\u00e3o da atividade f\u00edsica. Segundo ele, a Meia Maratona da Inclus\u00e3o fortalece valores como cidadania e solidariedade, al\u00e9m de contribuir para a manuten\u00e7\u00e3o do trabalho desenvolvido pelas entidades organizadoras.<\/p>\n<p class=\"wp-block-paragraph\">Os presidentes das entidades Yuri de Lucca, da AINDA, Fulvio Drago, da APAE e C\u00e1ssio Nogueira, da ARIL, ressaltaram a import\u00e2ncia do evento para a cidade de Limeira. \u201cA primeira edi\u00e7\u00e3o foi um sucesso e n\u00e3o temos d\u00favidas de que vamos superar as expectativas este ano. Esse evento \u00e9 mais do que uma corrida, ele levanta a bandeira da inclus\u00e3o e mostra a import\u00e2ncia da solidariedade\u201d, afirmou Drago.<\/p>\n<p class=\"wp-block-paragraph\">Al\u00e9m do sucesso de p\u00fablico, a primeira edi\u00e7\u00e3o foi reconhecida pela Federa\u00e7\u00e3o Paulista de Atletismo com resultados expressivos das avalia\u00e7\u00f5es. Dos 52 itens avaliados, 47 alcan\u00e7aram pontua\u00e7\u00e3o entre bom e \u00f3timo, o que demonstra a qualidade do evento e o comprometimento de todos os envolvidos.<\/p>\n<p class=\"wp-block-paragraph\"><strong>INSCRI\u00c7\u00d5ES ABERTAS<\/strong><\/p>\n<p class=\"wp-block-paragraph\">As inscri\u00e7\u00f5es para a segunda edi\u00e7\u00e3o da Meia Maratona da Inclus\u00e3o j\u00e1 est\u00e3o abertas e podem ser realizadas por meio do link dispon\u00edvel na bio do Instagram @meiamaratonadainclusao.<\/p>\n<p class=\"wp-block-paragraph\">Os atletas poder\u00e3o optar por tr\u00eas tipos de kits. O Kit 1, no valor de R$ 97, inclui chip de cronometragem, medalha e kit de frutas. O Kit 2 custa R$ 124 e acrescenta a camiseta oficial do evento. J\u00e1 o Kit 3, por R$ 133, oferece camiseta, sacochila, chip, medalha e kit de frutas. Para a modalidade Pernas Amigas, o valor da inscri\u00e7\u00e3o \u00e9 de R$ 133 por atleta. A Corrida Kids ter\u00e1 inscri\u00e7\u00e3o de R$ 96 com kit completo. Idosos e pessoas com defici\u00eancia contam com valores especiais, que variam entre R$ 60 e R$ 96, conforme o kit escolhido.<\/p>\n<figure class=\"wp-block-image size-large\"><img data-recalc-dims=\"1\" data-attachment-id=\"6219\" data-permalink=\"https:\/\/guialimeira.com.br\/news\/tre-rj-absolve-claudio-castro-e-mantem-mandato-de-governador-do-rio\/governador_claudio_castro3-jpg\/\" data-orig-file=\"https:\/\/i0.wp.com\/guialimeira.com.br\/news\/wp-content\/uploads\/2024\/05\/governador_claudio_castro3.jpg?fit=1600%2C800&amp;ssl=1\" data-orig-size=\"1600,800\" data-comments-opened=\"1\" data-image-meta=\"{&quot;aperture&quot;:&quot;0&quot;,&quot;credit&quot;:&quot;&quot;,&quot;camera&quot;:&quot;&quot;,&quot;caption&quot;:&quot;&quot;,&quot;created_timestamp&quot;:&quot;0&quot;,&quot;copyright&quot;:&quot;&quot;,&quot;focal_length&quot;:&quot;0&quot;,&quot;iso&quot;:&quot;0&quot;,&quot;shutter_speed&quot;:&quot;0&quot;,&quot;title&quot;:&quot;&quot;,&quot;orientation&quot;:&quot;0&quot;}\" data-image-title=\"governador_claudio_castro3.jpg\" data-image-description=\"\" data-image-caption=\"\" data-large-file=\"https:\/\/i0.wp.com\/guialimeira.com.br\/news\/wp-content\/uploads\/2024\/05\/governador_claudio_castro3.jpg?fit=696%2C348&amp;ssl=1\" data-lazyloaded=\"1\" fetchpriority=\"high\" decoding=\"async\" width=\"696\" height=\"522\" src=\"https:\/\/i0.wp.com\/dinamuscomunicacao.com.br\/wp-content\/uploads\/2026\/06\/WhatsApp-Image-2026-06-18-at-16.18.13-1024x768.jpeg?resize=696%2C522&#038;ssl=1\" alt=\"\" class=\"wp-image-6219\" srcset=\"https:\/\/dinamuscomunicacao.com.br\/wp-content\/uploads\/2026\/06\/WhatsApp-Image-2026-06-18-at-16.18.13-1024x768.jpeg 1024w, https:\/\/dinamuscomunicacao.com.br\/wp-content\/uploads\/2026\/06\/WhatsApp-Image-2026-06-18-at-16.18.13-300x225.jpeg 300w, https:\/\/dinamuscomunicacao.com.br\/wp-content\/uploads\/2026\/06\/WhatsApp-Image-2026-06-18-at-16.18.13-768x576.jpeg 768w, https:\/\/dinamuscomunicacao.com.br\/wp-content\/uploads\/2026\/06\/WhatsApp-Image-2026-06-18-at-16.18.13-1536x1152.jpeg 1536w, https:\/\/dinamuscomunicacao.com.br\/wp-content\/uploads\/2026\/06\/WhatsApp-Image-2026-06-18-at-16.18.13.jpeg 1600w\" data-sizes=\"(max-width: 1024px) 100vw, 1024px\"\/><\/figure>\n<\/div>\n<p><br \/>\n<br \/><a href=\"https:\/\/dinamuscomunicacao.com.br\/segunda-edicao-da-meia-maratona-da-inclusao-e-lancada-oficialmente\/\" rel=\"noopener\"> Informa\u00e7\u00f5es: D\u00ednamus Comunica\u00e7\u00e3o <\/a><\/p>\n","protected":false},"excerpt":{"rendered":"<p>A Parceria Solid\u00e1ria, formada pela AINDA (Associa\u00e7\u00e3o Integrada de Deficientes e Amigos), ARIL (Associa\u00e7\u00e3o de Reabilita\u00e7\u00e3o Infantil Limeirense) e APAE (Associa\u00e7\u00e3o de Pais e Amigos dos Excepcionais), lan\u00e7ou oficialmente, na nesta quinta-feira (18), a segunda edi\u00e7\u00e3o da Meia Maratona da Inclus\u00e3o. O evento, realizado no anfiteatro da Faculdade S\u00e3o Leopoldo Mandic Limeira, reuniu autoridades, jornalistas, [&hellip;]<\/p>\n","protected":false},"author":1,"featured_media":69626,"comment_status":"","ping_status":"open","sticky":false,"template":"","format":"standard","meta":{"_jetpack_newsletter_access":"","_jetpack_dont_email_post_to_subs":false,"_jetpack_newsletter_tier_id":0,"_jetpack_memberships_contains_paywalled_content":false,"_mbp_banners":[],"_jetpack_feature_clip_id":0,"_jetpack_memberships_contains_paid_content":false,"footnotes":"","jetpack_publicize_message":"","jetpack_publicize_feature_enabled":true,"jetpack_social_post_already_shared":true,"jetpack_social_options":{"image_generator_settings":{"template":"highway","default_image_id":0,"font":"","enabled":false},"version":2},"jetpack_post_was_ever_published":false},"categories":[16],"tags":[],"class_list":["post-69625","post","type-post","status-publish","format-standard","has-post-thumbnail","category-local"],"jetpack_publicize_connections":[],"jetpack-related-posts":[],"jetpack_shortlink":"https:\/\/wp.me\/p7Eq1F-i6Z","jetpack_sharing_enabled":true,"jetpack_featured_media_url":"https:\/\/i0.wp.com\/guialimeira.com.br\/news\/wp-content\/uploads\/2026\/06\/WhatsApp-Image-2026-06-18-at-16.18.13-1.jpeg?fit=1600%2C1200&ssl=1","_links":{"self":[{"href":"https:\/\/guialimeira.com.br\/news\/wp-json\/wp\/v2\/posts\/69625","targetHints":{"allow":["GET"]}}],"collection":[{"href":"https:\/\/guialimeira.com.br\/news\/wp-json\/wp\/v2\/posts"}],"about":[{"href":"https:\/\/guialimeira.com.br\/news\/wp-json\/wp\/v2\/types\/post"}],"author":[{"embeddable":true,"href":"https:\/\/guialimeira.com.br\/news\/wp-json\/wp\/v2\/users\/1"}],"replies":[{"embeddable":true,"href":"https:\/\/guialimeira.com.br\/news\/wp-json\/wp\/v2\/comments?post=69625"}],"version-history":[{"count":0,"href":"https:\/\/guialimeira.com.br\/news\/wp-json\/wp\/v2\/posts\/69625\/revisions"}],"wp:featuredmedia":[{"embeddable":true,"href":"https:\/\/guialimeira.com.br\/news\/wp-json\/wp\/v2\/media\/69626"}],"wp:attachment":[{"href":"https:\/\/guialimeira.com.br\/news\/wp-json\/wp\/v2\/media?parent=69625"}],"wp:term":[{"taxonomy":"category","embeddable":true,"href":"https:\/\/guialimeira.com.br\/news\/wp-json\/wp\/v2\/categories?post=69625"},{"taxonomy":"post_tag","embeddable":true,"href":"https:\/\/guialimeira.com.br\/news\/wp-json\/wp\/v2\/tags?post=69625"}],"curies":[{"name":"wp","href":"https:\/\/api.w.org\/{rel}","templated":true}]}}