{"id":69619,"date":"2026-06-19T13:09:16","date_gmt":"2026-06-19T16:09:16","guid":{"rendered":"https:\/\/guialimeira.com.br\/governo-de-sp-aperfeicoa-metodologia-de-seguranca-hidrica-e-amplia-prevencao\/"},"modified":"2026-06-19T13:09:16","modified_gmt":"2026-06-19T16:09:16","slug":"governo-de-sp-aperfeicoa-metodologia-de-seguranca-hidrica-e-amplia-prevencao","status":"publish","type":"post","link":"https:\/\/guialimeira.com.br\/news\/governo-de-sp-aperfeicoa-metodologia-de-seguranca-hidrica-e-amplia-prevencao\/","title":{"rendered":"Governo de SP aperfei\u00e7oa metodologia de seguran\u00e7a h\u00eddrica e amplia preven\u00e7\u00e3o"},"content":{"rendered":"<p> <br \/>\n<br \/><img data-recalc-dims=\"1\" decoding=\"async\" src=\"https:\/\/i0.wp.com\/www.agenciasp.sp.gov.br\/wp-content\/uploads\/2023\/11\/WhatsApp-Image-2026-02-03-at-14.42.56.jpeg?w=696&#038;ssl=1\" \/><\/p>\n<div>\n<p class=\"wp-block-paragraph\">O Governo de S\u00e3o Paulo anunciou, nesta sexta-feira (19), o aperfei\u00e7oamento da metodologia de monitoramento da seguran\u00e7a h\u00eddrica da Regi\u00e3o Metropolitana de S\u00e3o Paulo (RMSP). A atualiza\u00e7\u00e3o era prevista na delibera\u00e7\u00e3o do ano passado e considera as contribui\u00e7\u00f5es da consulta p\u00fablica, as atualiza\u00e7\u00f5es nas proje\u00e7\u00f5es hidrol\u00f3gicas e a experi\u00eancia acumulada do primeiro ano de aplica\u00e7\u00e3o. A nova metodologia ser\u00e1 publicada em delibera\u00e7\u00e3o da Ag\u00eancia Reguladora de Servi\u00e7os P\u00fablicos do Estado de S\u00e3o Paulo (Arsesp) na pr\u00f3xima segunda-feira (22), e \u00e9 resultado de um trabalho integrado com a Ag\u00eancia de \u00c1guas do Estado de S\u00e3o Paulo (SP \u00c1guas) no \u00e2mbito do Comit\u00ea de Integra\u00e7\u00e3o das Ag\u00eancias para a Seguran\u00e7a H\u00eddrica.<\/p>\n<p class=\"wp-block-paragraph\"><strong>LEIA TAMB\u00c9M:<\/strong> <a href=\"https:\/\/www.agenciasp.sp.gov.br\/nova-tecnologia-em-sp-reduz-em-mais-de-1h30-resposta-a-ocorrencias-na-rede-de-abastecimento\/\" rel=\"noopener\">Nova tecnologia em SP reduz em mais de 1h30 resposta a ocorr\u00eancias na rede de abastecimento<\/a><\/p>\n<h3 class=\"wp-block-heading\">A metodologia incorpora tr\u00eas pontos principais<\/h3>\n<ul class=\"wp-block-list\">\n<li>Uma base de dados mais ampla, que considera a s\u00e9rie hist\u00f3rica do comportamento hidrol\u00f3gico dos \u00faltimos 15 anos \u2013 este per\u00edodo tamb\u00e9m contempla eventos clim\u00e1ticos relevantes, como El Ni\u00f1o e La Ni\u00f1a, inclusive diante da previs\u00e3o de ocorr\u00eancia desses fen\u00f4menos nos pr\u00f3ximos meses; <\/li>\n<li>O monitoramento simult\u00e2neo do Sistema Integrado Metropolitano (SIM) e do Sistema Cantareira, que passa a ter uma curva pr\u00f3pria; <\/li>\n<li>E a altera\u00e7\u00e3o na forma de an\u00fancio da faixa vigente, que passa a ser definida em reuni\u00e3o mensal do Comit\u00ea de Integra\u00e7\u00e3o das Ag\u00eancias, com emiss\u00e3o de nota t\u00e9cnica no \u00faltimo dia do m\u00eas em an\u00e1lise.\u00a0<\/li>\n<\/ul>\n<p class=\"wp-block-paragraph\">\u201cEstamos apresentando aqui hoje uma evolu\u00e7\u00e3o importante a partir de todo um trabalho de gest\u00e3o h\u00eddrica planejado, transparente e estruturado, que est\u00e1 inserido na estrat\u00e9gia clim\u00e1tica do Estado estabelecida desde 2023. Agora teremos uma base de dados ainda mais robusta, com um olhar especial sobre o Cantareira por causa do comportamento particular que temos observado nesse sistema, e esses aprimoramentos v\u00eam para ampliar ainda mais a nossa capacidade de preven\u00e7\u00e3o e resposta r\u00e1pida \u00e0s mudan\u00e7as clim\u00e1ticas, conferindo mais resili\u00eancia h\u00eddrica aos paulistas\u201d, enfatizou a secret\u00e1ria de Meio Ambiente, Infraestrutura e Log\u00edstica, Nat\u00e1lia Resende.<\/p>\n<p class=\"wp-block-paragraph\">Ela destacou a relev\u00e2ncia da metodologia de gest\u00e3o h\u00eddrica no estado de S\u00e3o Paulo, que foi fundamental para garantir a preserva\u00e7\u00e3o do Sistema Integrado Metropolitano em 2025, ano com baixo volume de chuvas. \u201cNossas reuni\u00f5es s\u00e3o semanais e ao longo de todo esse per\u00edodo temos analisado a situa\u00e7\u00e3o h\u00eddrica continuamente, atuando sempre com base em preven\u00e7\u00e3o e conting\u00eancia\u201d, disse ela. A GDN, uma das medidas adotadas para a preserva\u00e7\u00e3o dos reservat\u00f3rios desde 28 de agosto de 2025, economizou mais de 158 bilh\u00f5es de litros, volume equivalente ao consumo mensal de aproximadamente 27,65 milh\u00f5es de pessoas, mais que a popula\u00e7\u00e3o da Regi\u00e3o Metropolitana.\u00a0<\/p>\n<h3 class=\"wp-block-heading\">Curva do Cantareira<\/h3>\n<p class=\"wp-block-paragraph\">De acordo com a diretora-presidente da SP \u00c1guas, Camila Viana, o Sistema Cantareira\u00a0 tem um comportamento diferente do restante do Sistema Integrado, com um per\u00edodo chuvoso que come\u00e7a depois do restante do SIM e vai at\u00e9 o final de maio. Al\u00e9m disso, em 2025\/2026, o Cantareira apresentou um volume de chuvas muito abaixo da m\u00e9dia (62% da m\u00e9dia hidrol\u00f3gica em 2025\/2026, ante 90% em 2024\/2025), o que justifica a necessidade de um acompanhamento mais individualizado. \u201cA inclus\u00e3o de uma curva espec\u00edfica de conting\u00eancia do Cantareira nos d\u00e1 mais seguran\u00e7a de que estamos enxergando o cen\u00e1rio completo, ampliando nossa capacidade de antecipar tend\u00eancias importantes no comportamento hidrol\u00f3gico\u201d, disse.\u00a0<\/p>\n<h3 class=\"wp-block-heading\">Faixas de atua\u00e7\u00e3o<\/h3>\n<p class=\"wp-block-paragraph\">O diretor-presidente da Arsesp, Diego Domingues, explicou que as faixas de atua\u00e7\u00e3o que orientam a evolu\u00e7\u00e3o das medidas de conting\u00eancia seguem as mesmas. Elas v\u00e3o de 1 a 7 e estabelecem o Regime Diferenciado de Abastecimento (RDA), a gest\u00e3o de demanda noturna de 8, 10, 12, 14 e 16 horas, e o rod\u00edzio entre regi\u00f5es, respectivamente. Em todas as faixas tamb\u00e9m h\u00e1 medidas previstas de comunica\u00e7\u00e3o e suporte \u00e0 popula\u00e7\u00e3o.\u00a0<\/p>\n<p class=\"wp-block-paragraph\"><strong>LEIA TAMB\u00c9M: <\/strong><a href=\"https:\/\/www.agenciasp.sp.gov.br\/governo-de-sp-lanca-premio-inedito-para-reconhecer-municipios-paulistas-por-eficiencia-em-obras-de-saneamento-e-seguranca-hidrica\/\" rel=\"noopener\">Governo de SP lan\u00e7a pr\u00eamio in\u00e9dito para reconhecer munic\u00edpios paulistas por efici\u00eancia em obras de saneamento e seguran\u00e7a h\u00eddrica<\/a><\/p>\n<p class=\"wp-block-paragraph\">\u201cO que muda \u00e9 que, em vez de adotarmos o prazo de 7 dias para avan\u00e7armos de faixa, e 14 dias para voltarmos \u00e0 faixa anterior, passaremos a avaliar mensalmente o cen\u00e1rio no Comit\u00ea de Integra\u00e7\u00e3o das Ag\u00eancias\u201d, explicou Diego. A nova periodicidade segue a adotada pela Ag\u00eancia Nacional de \u00c1guas e Saneamento B\u00e1sico (ANA) e pela SP \u00c1guas para o Sistema Cantareira.\u00a0<\/p>\n<p class=\"wp-block-paragraph\">Ao todo, foram 192 manifesta\u00e7\u00f5es apresentadas por concession\u00e1rias, \u00f3rg\u00e3os p\u00fablicos, entidades da sociedade civil e cidad\u00e3os interessados. Dessas, 89 resultaram em aperfei\u00e7oamentos no texto final da metodologia, refor\u00e7ando o car\u00e1ter participativo e transparente do processo regulat\u00f3rio.<\/p>\n<h3 class=\"wp-block-heading\">Obras de resili\u00eancia\u00a0<\/h3>\n<p class=\"wp-block-paragraph\">Al\u00e9m do trabalho de gest\u00e3o h\u00eddrica desenvolvido no \u00e2mbito do Comit\u00ea Integrado e do Conselho Estadual de Mudan\u00e7as Clim\u00e1ticas, sob gest\u00e3o da Semil, o Governo de S\u00e3o Paulo apresentou durante a coletiva as obras de resili\u00eancia que v\u00e3o trazer \u00e1gua nova para o Sistema e ampliar a seguran\u00e7a h\u00eddrica do Estado de S\u00e3o Paulo.\u00a0<\/p>\n<p class=\"wp-block-paragraph\">Entre as entregas j\u00e1 realizadas at\u00e9 o fim de 2025 pela Sabesp, est\u00e3o a Transfer\u00eancia Itapanha\u00fa, com acr\u00e9scimo de 2 mil litros por segundo de \u00e1gua bruta e investimento de R$ 161 milh\u00f5es, e a Transfer\u00eancia Guaratuba, com aumento de 200 litros por segundo e aporte de R$ 10 milh\u00f5es. Tamb\u00e9m est\u00e3o sendo investidos R$ 525 milh\u00f5es na implanta\u00e7\u00e3o de 31 reservat\u00f3rios em 24 centros de reserva\u00e7\u00e3o da Regi\u00e3o Metropolitana de S\u00e3o Paulo, aumentando em 202.500 metros c\u00fabicos essa capacidade. Essas obras se somam a outras iniciativas j\u00e1 em opera\u00e7\u00e3o que contribuem para ampliar a oferta h\u00eddrica, como as interliga\u00e7\u00f5es entre sistemas produtores da Regi\u00e3o Metropolitana de S\u00e3o Paulo, as amplia\u00e7\u00f5es realizadas nos sistemas Cantareira e Alto Tiet\u00ea, al\u00e9m do Aquapolo, refer\u00eancia em re\u00faso de \u00e1gua para fins industriais.<\/p>\n<p class=\"wp-block-paragraph\">At\u00e9 dezembro de 2026, est\u00e3o previstos o tratamento por membrana na ETA Rio Grande, com ganho de 500 litros por segundo e investimento de R$ 95 milh\u00f5es, e o retrofit da ETA Baixo Cotia, com amplia\u00e7\u00e3o de mil litros por segundo e aporte de R$ 357 milh\u00f5es. Para 2027 est\u00e1 programada a conclus\u00e3o da Transposi\u00e7\u00e3o Billings-Taia\u00e7upeba, que adicionar\u00e1 4 mil litros por segundo de \u00e1gua bruta, com investimento de R$ 1,4 bilh\u00e3o.\u00a0<\/p>\n<p class=\"wp-block-paragraph\">No programa de resili\u00eancia h\u00eddrica do Governo de S\u00e3o Paulo para todas as regi\u00f5es, que soma mais de R$ 25 bilh\u00f5es em investimentos, est\u00e3o obras emblem\u00e1ticas em andamento como as barragens Pedreira e Duas Pontes e o Sistema Adutor Regional (SAR) dos rios Piracicaba, Capivari e Jundia\u00ed e o desassoreamento e revitaliza\u00e7\u00e3o de 479 cursos d\u00b4\u00e1gua por meio do Programa Rios Vivos.<\/p>\n<\/p><\/div>\n<p><br \/>\n<br \/><a href=\"https:\/\/www.agenciasp.sp.gov.br\/governo-de-sp-aperfeicoa-metodologia-de-seguranca-hidrica-e-amplia-prevencao\/\" rel=\"noopener\">Informa\u00e7\u00f5es GOV.SP<\/a><\/p>\n","protected":false},"excerpt":{"rendered":"<p>O Governo de S\u00e3o Paulo anunciou, nesta sexta-feira (19), o aperfei\u00e7oamento da metodologia de monitoramento da seguran\u00e7a h\u00eddrica da Regi\u00e3o Metropolitana de S\u00e3o Paulo (RMSP). A atualiza\u00e7\u00e3o era prevista na delibera\u00e7\u00e3o do ano passado e considera as contribui\u00e7\u00f5es da consulta p\u00fablica, as atualiza\u00e7\u00f5es nas proje\u00e7\u00f5es hidrol\u00f3gicas e a experi\u00eancia acumulada do primeiro ano de aplica\u00e7\u00e3o. [&hellip;]<\/p>\n","protected":false},"author":1,"featured_media":57788,"comment_status":"","ping_status":"open","sticky":false,"template":"","format":"standard","meta":{"_jetpack_newsletter_access":"","_jetpack_dont_email_post_to_subs":false,"_jetpack_newsletter_tier_id":0,"_jetpack_memberships_contains_paywalled_content":false,"_mbp_banners":[],"_jetpack_feature_clip_id":0,"_jetpack_memberships_contains_paid_content":false,"footnotes":"","jetpack_publicize_message":"","jetpack_publicize_feature_enabled":true,"jetpack_social_post_already_shared":true,"jetpack_social_options":{"image_generator_settings":{"template":"highway","default_image_id":0,"font":"","enabled":false},"version":2},"jetpack_post_was_ever_published":false},"categories":[21],"tags":[],"class_list":["post-69619","post","type-post","status-publish","format-standard","has-post-thumbnail","category-sp-news"],"jetpack_publicize_connections":[],"jetpack-related-posts":[],"jetpack_shortlink":"https:\/\/wp.me\/p7Eq1F-i6T","jetpack_sharing_enabled":true,"jetpack_featured_media_url":"https:\/\/i0.wp.com\/guialimeira.com.br\/news\/wp-content\/uploads\/2026\/03\/Arsesp-mantem-reducao-da-pressao-em-10-horas-para-preservar.jpeg?fit=1600%2C900&ssl=1","_links":{"self":[{"href":"https:\/\/guialimeira.com.br\/news\/wp-json\/wp\/v2\/posts\/69619","targetHints":{"allow":["GET"]}}],"collection":[{"href":"https:\/\/guialimeira.com.br\/news\/wp-json\/wp\/v2\/posts"}],"about":[{"href":"https:\/\/guialimeira.com.br\/news\/wp-json\/wp\/v2\/types\/post"}],"author":[{"embeddable":true,"href":"https:\/\/guialimeira.com.br\/news\/wp-json\/wp\/v2\/users\/1"}],"replies":[{"embeddable":true,"href":"https:\/\/guialimeira.com.br\/news\/wp-json\/wp\/v2\/comments?post=69619"}],"version-history":[{"count":0,"href":"https:\/\/guialimeira.com.br\/news\/wp-json\/wp\/v2\/posts\/69619\/revisions"}],"wp:featuredmedia":[{"embeddable":true,"href":"https:\/\/guialimeira.com.br\/news\/wp-json\/wp\/v2\/media\/57788"}],"wp:attachment":[{"href":"https:\/\/guialimeira.com.br\/news\/wp-json\/wp\/v2\/media?parent=69619"}],"wp:term":[{"taxonomy":"category","embeddable":true,"href":"https:\/\/guialimeira.com.br\/news\/wp-json\/wp\/v2\/categories?post=69619"},{"taxonomy":"post_tag","embeddable":true,"href":"https:\/\/guialimeira.com.br\/news\/wp-json\/wp\/v2\/tags?post=69619"}],"curies":[{"name":"wp","href":"https:\/\/api.w.org\/{rel}","templated":true}]}}