{"id":6961,"date":"2024-05-29T19:07:55","date_gmt":"2024-05-29T22:07:55","guid":{"rendered":"https:\/\/guialimeira.com.br\/2024\/05\/29\/festival-ecodanca-acontece-neste-sabado-1o\/"},"modified":"2024-05-29T19:07:55","modified_gmt":"2024-05-29T22:07:55","slug":"festival-ecodanca-acontece-neste-sabado-1o","status":"publish","type":"post","link":"https:\/\/guialimeira.com.br\/news\/festival-ecodanca-acontece-neste-sabado-1o\/","title":{"rendered":"Festival Ecodan\u00e7a acontece neste s\u00e1bado (1\u00ba)"},"content":{"rendered":"<p> <br \/>\n<\/p>\n<div>\n            <main class=\"\">&#13;<br \/>\n                &#13;<br \/>\n&#13;<br \/>\n&#13;<br \/>\n&#13;<br \/>\n    <img data-recalc-dims=\"1\" decoding=\"async\" src=\"https:\/\/i0.wp.com\/ecrie.com.br\/sistema\/conteudos\/imagem\/m_137_0_1_29052024144003.jpeg?w=696&#038;ssl=1\" alt=\"Festival Ecodan\u00e7a acontece neste s\u00e1bado (1\u00ba)\"\/>&#13;<br \/>\n&#13;<\/p>\n<p dir=\"ltr\" style=\"text-align: justify;\">Neste s\u00e1bado (1\u00ba), acontece o 16\u00ba Festival Ecodan\u00e7a, no Teatro Vit\u00f3ria Emiliano Bernardo da Silva, \u00e0s 12h. O projeto \u00e9 contemplado com recursos da Lei Paulo Gustavo do Minist\u00e9rio da Cultura do Governo Federal do Brasil e Prefeitura de Limeira, por meio da Secretaria de Cultura.<\/p>\n<p>&#13;<\/p>\n<p dir=\"ltr\" style=\"text-align: justify;\">O festival traz uma mostra competitiva que integra dan\u00e7a e ecologia, visando promover a conscientiza\u00e7\u00e3o ambiental por meio da express\u00e3o art\u00edstica. Ao unir esses dois elementos, se busca sensibilizar o p\u00fablico para as quest\u00f5es e desafios ambientais, incentivando a reflex\u00e3o e a a\u00e7\u00e3o sustent\u00e1vel.\u00a0<\/p>\n<p>&#13;<\/p>\n<p dir=\"ltr\" style=\"text-align: justify;\">A dan\u00e7a, como forma de comunica\u00e7\u00e3o universal, permite transmitir mensagens poderosas sobre a import\u00e2ncia da preserva\u00e7\u00e3o do meio ambiente, enquanto a competi\u00e7\u00e3o estimula a excel\u00eancia e o comprometimento dos participantes. Dessa forma, se visa contribuir para a constru\u00e7\u00e3o de um futuro mais consciente e respons\u00e1vel com o nosso planeta.<\/p>\n<p>&#13;<\/p>\n<p dir=\"ltr\" style=\"text-align: justify;\">O Teatro Vit\u00f3ria fica na Pra\u00e7a Toledo de Barros, s\/n &#8211; Centro.<\/p>\n<p>&#13;<br \/>\n&#13;<br \/>\n&#13;<br \/>\n&#13;<\/p>\n<aside class=\"list-related no-print\">&#13;<br \/>\n        &#13;<br \/>\n&#13;<\/p>\n<article class=\"list-item noticias \">&#13;<br \/>\n                    <a class=\"list-item__img\" href=\"https:\/\/limeira.sp.gov.br\/imprensa\/noticias\/cultura\/festa-junina-municipal-e-verso-e-voz-sao-destaques-da-programacao-cultural-do-mes\" tabindex=\"-1\" aria-hidden=\"true\" rel=\"noopener\">&#13;<br \/>\n                        <img data-recalc-dims=\"1\" decoding=\"async\" src=\"https:\/\/i0.wp.com\/ecrie.com.br\/sistema\/conteudos\/imagem\/m_137_0_1_30042024141915.jpeg?w=696&#038;ssl=1\" alt=\"Festa Junina Municipal e Verso e Voz s\u00e3o destaques da programa\u00e7\u00e3o cultural do m\u00eas\"\/>&#13;<br \/>\n                    <\/a>&#13;<br \/>\n&#13;<br \/>\n                &#13;<br \/>\n            <\/article>\n<p>&#13;<\/p>\n<article class=\"list-item noticias \">&#13;<br \/>\n                    <a class=\"list-item__img\" href=\"https:\/\/limeira.sp.gov.br\/imprensa\/noticias\/cultura\/teatro-vitoria-recebe-patrulha-canina-neste-domingo-2\" tabindex=\"-1\" aria-hidden=\"true\" rel=\"noopener\">&#13;<br \/>\n                        <img data-recalc-dims=\"1\" decoding=\"async\" src=\"https:\/\/i0.wp.com\/ecrie.com.br\/sistema\/conteudos\/imagem\/m_137_0_1_29052024144402.jpeg?w=696&#038;ssl=1\" alt=\"Teatro Vit\u00f3ria recebe Patrulha Canina neste domingo (2)\"\/>&#13;<br \/>\n                    <\/a>&#13;<br \/>\n&#13;<br \/>\n                &#13;<br \/>\n            <\/article>\n<p>&#13;<\/p>\n<article class=\"list-item noticias \">&#13;<br \/>\n                    <a class=\"list-item__img\" href=\"https:\/\/limeira.sp.gov.br\/imprensa\/noticias\/cultura\/retreta-com-banda-henrique-marques-e-neste-domingo-2\" tabindex=\"-1\" aria-hidden=\"true\" rel=\"noopener\">&#13;<br \/>\n                        <img data-recalc-dims=\"1\" decoding=\"async\" src=\"https:\/\/i0.wp.com\/ecrie.com.br\/sistema\/conteudos\/imagem\/m_137_0_1_22032024140354.jpeg?w=696&#038;ssl=1\" alt=\"Retreta com Banda Henrique Marques \u00e9 neste domingo (2)\"\/>&#13;<br \/>\n                    <\/a>&#13;<br \/>\n&#13;<br \/>\n                &#13;<br \/>\n            <\/article>\n<p>&#13;<br \/>\n    <\/aside>\n<p>&#13;<br \/>\n&#13;<br \/>\n            <\/main><\/p><\/div>\n<p><br \/>\n<br \/><a href=\"https:\/\/limeira.sp.gov.br\/festival-ecodanca-acontece-neste-sabado-1\" rel=\"noopener\">Informa\u00e7\u00f5es da PML <\/a><\/p>\n","protected":false},"excerpt":{"rendered":"<p>&#13; &#13; &#13; &#13; &#13; &#13; &#13; Neste s\u00e1bado (1\u00ba), acontece o 16\u00ba Festival Ecodan\u00e7a, no Teatro Vit\u00f3ria Emiliano Bernardo da Silva, \u00e0s 12h. O projeto \u00e9 contemplado com recursos da Lei Paulo Gustavo do Minist\u00e9rio da Cultura do Governo Federal do Brasil e Prefeitura de Limeira, por meio da Secretaria de Cultura. &#13; O [&hellip;]<\/p>\n","protected":false},"author":1,"featured_media":6962,"comment_status":"open","ping_status":"open","sticky":false,"template":"","format":"standard","meta":{"_jetpack_newsletter_access":"","_jetpack_dont_email_post_to_subs":false,"_jetpack_newsletter_tier_id":0,"_jetpack_memberships_contains_paywalled_content":false,"_mbp_banners":[],"_jetpack_feature_clip_id":0,"_jetpack_memberships_contains_paid_content":false,"footnotes":"","jetpack_publicize_message":"","jetpack_publicize_feature_enabled":true,"jetpack_social_post_already_shared":true,"jetpack_social_options":{"image_generator_settings":{"template":"highway","default_image_id":0,"font":"","enabled":false},"version":2},"jetpack_post_was_ever_published":false},"categories":[16],"tags":[],"class_list":["post-6961","post","type-post","status-publish","format-standard","has-post-thumbnail","category-local"],"jetpack_publicize_connections":[],"jetpack-related-posts":[],"jetpack_shortlink":"https:\/\/wp.me\/p7Eq1F-1Oh","jetpack_sharing_enabled":true,"jetpack_featured_media_url":"https:\/\/i0.wp.com\/guialimeira.com.br\/news\/wp-content\/uploads\/2024\/05\/m_137_0_1_29052024144003.jpeg?fit=888%2C894&ssl=1","_links":{"self":[{"href":"https:\/\/guialimeira.com.br\/news\/wp-json\/wp\/v2\/posts\/6961","targetHints":{"allow":["GET"]}}],"collection":[{"href":"https:\/\/guialimeira.com.br\/news\/wp-json\/wp\/v2\/posts"}],"about":[{"href":"https:\/\/guialimeira.com.br\/news\/wp-json\/wp\/v2\/types\/post"}],"author":[{"embeddable":true,"href":"https:\/\/guialimeira.com.br\/news\/wp-json\/wp\/v2\/users\/1"}],"replies":[{"embeddable":true,"href":"https:\/\/guialimeira.com.br\/news\/wp-json\/wp\/v2\/comments?post=6961"}],"version-history":[{"count":0,"href":"https:\/\/guialimeira.com.br\/news\/wp-json\/wp\/v2\/posts\/6961\/revisions"}],"wp:featuredmedia":[{"embeddable":true,"href":"https:\/\/guialimeira.com.br\/news\/wp-json\/wp\/v2\/media\/6962"}],"wp:attachment":[{"href":"https:\/\/guialimeira.com.br\/news\/wp-json\/wp\/v2\/media?parent=6961"}],"wp:term":[{"taxonomy":"category","embeddable":true,"href":"https:\/\/guialimeira.com.br\/news\/wp-json\/wp\/v2\/categories?post=6961"},{"taxonomy":"post_tag","embeddable":true,"href":"https:\/\/guialimeira.com.br\/news\/wp-json\/wp\/v2\/tags?post=6961"}],"curies":[{"name":"wp","href":"https:\/\/api.w.org\/{rel}","templated":true}]}}