{"id":69605,"date":"2026-06-19T11:28:14","date_gmt":"2026-06-19T14:28:14","guid":{"rendered":"https:\/\/guialimeira.com.br\/operacao-so-cacareco-atende-seis-bairros-na-proxima-semana-em-limeira\/"},"modified":"2026-06-19T11:28:14","modified_gmt":"2026-06-19T14:28:14","slug":"operacao-so-cacareco-atende-seis-bairros-na-proxima-semana-em-limeira","status":"publish","type":"post","link":"https:\/\/guialimeira.com.br\/news\/operacao-so-cacareco-atende-seis-bairros-na-proxima-semana-em-limeira\/","title":{"rendered":"Opera\u00e7\u00e3o S\u00f3 Cacareco atende seis bairros na pr\u00f3xima semana em Limeira"},"content":{"rendered":"<p> <br \/>\n<br \/><img data-recalc-dims=\"1\" decoding=\"async\" src=\"https:\/\/i0.wp.com\/ecrie.com.br\/sistema\/conteudos\/imagem\/m_137_0_1_08052026113246.jpeg?w=696&#038;ssl=1\" \/><\/p>\n<p style=\"text-align: justify\">A Opera&ccedil;&atilde;o S&oacute; Cacareco percorrer&aacute; seis bairros de Limeira entre os dias 22 e 26 de junho para recolher materiais inserv&iacute;veis descartados pela popula&ccedil;&atilde;o. A iniciativa contemplar&aacute; o Jardim Palmeiras, Jardim do Lago, Jardim Lago Azul, Jardim S&atilde;o Louren&ccedil;o, Residencial Alto do Lago e Residencial Morada das Ac&aacute;cias.<\/p>\n<p style=\"text-align: justify\">Ser&atilde;o recolhidos itens como m&oacute;veis velhos, colch&otilde;es, sof&aacute;s e outros objetos sem utilidade. A a&ccedil;&atilde;o contribui para a limpeza urbana e para o combate &agrave; dengue, ao eliminar poss&iacute;veis criadouros do mosquito Aedes aegypti.<\/p>\n<p style=\"text-align: justify\">Os moradores dos bairros atendidos devem disponibilizar os materiais na cal&ccedil;ada, na v&eacute;spera da coleta, facilitando o trabalho das equipes respons&aacute;veis. Os objetos devem ser colocados em frente &agrave;s resid&ecirc;ncias antes da passagem dos caminh&otilde;es.<\/p>\n<p style=\"text-align: justify\"><strong>Confira o cronograma:<\/strong><\/p>\n<p style=\"text-align: justify\">22\/06 (segunda-feira)<br \/>* Jardim Palmeiras<\/p>\n<p style=\"text-align: justify\">23\/06 (ter&ccedil;a-feira)<br \/>* Jardim do Lago<\/p>\n<p style=\"text-align: justify\">24\/06 (quarta-feira)<br \/>* Jardim Lago Azul<br \/>* Jardim S&atilde;o Louren&ccedil;o (parte de baixo)<\/p>\n<p style=\"text-align: justify\">25\/06 (quinta-feira)<br \/>* Jardim S&atilde;o Louren&ccedil;o (parte de cima)<\/p>\n<p style=\"text-align: justify\">26\/06 (sexta-feira)<br \/>* Residencial Alto do Lago<br \/>* Residencial Morada das Ac&aacute;cias<\/p>\n<p><br \/>\n<br \/><a href=\"https:\/\/limeira.sp.gov.br\/operacao-so-cacareco-atende-seis-bairros-na-proxima-semana-em-limeira\" rel=\"noopener\">Informa\u00e7\u00f5es da PML <\/a><\/p>\n","protected":false},"excerpt":{"rendered":"<p>A Opera&ccedil;&atilde;o S&oacute; Cacareco percorrer&aacute; seis bairros de Limeira entre os dias 22 e 26 de junho para recolher materiais inserv&iacute;veis descartados pela popula&ccedil;&atilde;o. A iniciativa contemplar&aacute; o Jardim Palmeiras, Jardim do Lago, Jardim Lago Azul, Jardim S&atilde;o Louren&ccedil;o, Residencial Alto do Lago e Residencial Morada das Ac&aacute;cias. Ser&atilde;o recolhidos itens como m&oacute;veis velhos, colch&otilde;es, [&hellip;]<\/p>\n","protected":false},"author":1,"featured_media":64762,"comment_status":"","ping_status":"open","sticky":false,"template":"","format":"standard","meta":{"_jetpack_newsletter_access":"","_jetpack_dont_email_post_to_subs":false,"_jetpack_newsletter_tier_id":0,"_jetpack_memberships_contains_paywalled_content":false,"_mbp_banners":[],"_jetpack_feature_clip_id":0,"_jetpack_memberships_contains_paid_content":false,"footnotes":"","jetpack_publicize_message":"","jetpack_publicize_feature_enabled":true,"jetpack_social_post_already_shared":true,"jetpack_social_options":{"image_generator_settings":{"template":"highway","default_image_id":0,"font":"","enabled":false},"version":2},"jetpack_post_was_ever_published":false},"categories":[16],"tags":[],"class_list":["post-69605","post","type-post","status-publish","format-standard","has-post-thumbnail","category-local"],"jetpack_publicize_connections":[],"jetpack-related-posts":[],"jetpack_shortlink":"https:\/\/wp.me\/p7Eq1F-i6F","jetpack_sharing_enabled":true,"jetpack_featured_media_url":"https:\/\/i0.wp.com\/guialimeira.com.br\/news\/wp-content\/uploads\/2026\/05\/m_137_0_1_08052026113246.jpeg?fit=896%2C508&ssl=1","_links":{"self":[{"href":"https:\/\/guialimeira.com.br\/news\/wp-json\/wp\/v2\/posts\/69605","targetHints":{"allow":["GET"]}}],"collection":[{"href":"https:\/\/guialimeira.com.br\/news\/wp-json\/wp\/v2\/posts"}],"about":[{"href":"https:\/\/guialimeira.com.br\/news\/wp-json\/wp\/v2\/types\/post"}],"author":[{"embeddable":true,"href":"https:\/\/guialimeira.com.br\/news\/wp-json\/wp\/v2\/users\/1"}],"replies":[{"embeddable":true,"href":"https:\/\/guialimeira.com.br\/news\/wp-json\/wp\/v2\/comments?post=69605"}],"version-history":[{"count":0,"href":"https:\/\/guialimeira.com.br\/news\/wp-json\/wp\/v2\/posts\/69605\/revisions"}],"wp:featuredmedia":[{"embeddable":true,"href":"https:\/\/guialimeira.com.br\/news\/wp-json\/wp\/v2\/media\/64762"}],"wp:attachment":[{"href":"https:\/\/guialimeira.com.br\/news\/wp-json\/wp\/v2\/media?parent=69605"}],"wp:term":[{"taxonomy":"category","embeddable":true,"href":"https:\/\/guialimeira.com.br\/news\/wp-json\/wp\/v2\/categories?post=69605"},{"taxonomy":"post_tag","embeddable":true,"href":"https:\/\/guialimeira.com.br\/news\/wp-json\/wp\/v2\/tags?post=69605"}],"curies":[{"name":"wp","href":"https:\/\/api.w.org\/{rel}","templated":true}]}}