{"id":69603,"date":"2026-06-19T11:06:11","date_gmt":"2026-06-19T14:06:11","guid":{"rendered":"https:\/\/guialimeira.com.br\/governo-de-sp-assina-autorizacao-para-viabilizar-instalacao-de-unidade-do-centro-tea-paulista-na-baixada-santista\/"},"modified":"2026-06-19T11:06:11","modified_gmt":"2026-06-19T14:06:11","slug":"governo-de-sp-assina-autorizacao-para-viabilizar-instalacao-de-unidade-do-centro-tea-paulista-na-baixada-santista","status":"publish","type":"post","link":"https:\/\/guialimeira.com.br\/news\/governo-de-sp-assina-autorizacao-para-viabilizar-instalacao-de-unidade-do-centro-tea-paulista-na-baixada-santista\/","title":{"rendered":"Governo de SP assina autoriza\u00e7\u00e3o para viabilizar instala\u00e7\u00e3o de unidade do Centro TEA Paulista na Baixada Santista"},"content":{"rendered":"<p> <br \/>\n<\/p>\n<div>\n<p class=\"wp-block-paragraph\">O governador de S\u00e3o Paulo, Tarc\u00edsio de Freitas, assinou nesta quinta-feira (18) uma autoriza\u00e7\u00e3o para que a Secretaria de Estado dos Direitos da Pessoa com Defici\u00eancia (SEDPcD) adote as provid\u00eancias necess\u00e1rias \u00e0 realiza\u00e7\u00e3o de estudos para a implanta\u00e7\u00e3o de uma unidade do <a href=\"https:\/\/www.agenciasp.sp.gov.br\/sp-encerra-ano-com-mais-de-130-mil-carteiras-de-identificacao-emitidas-para-pessoas-com-tea\/\" rel=\"noopener\">Centro TEA Paulista<\/a> e do Centro de Cidadania da Pessoa com Defici\u00eancia, no munic\u00edpio de S\u00e3o Vicente.<\/p>\n<p class=\"wp-block-paragraph\">O an\u00fancio foi feito durante a Caravana 3D, realizada no Parque Balne\u00e1rio Hotel, em Santos, na iniciativa da atual gest\u00e3o para fortalecer a articula\u00e7\u00e3o com os munic\u00edpios. O projeto ainda est\u00e1 na fase de estudos e an\u00e1lises de terrenos para abrigar o Centro TEA Paulista e o Centro de Cidadania da Pessoa com Defici\u00eancia na Baixada Santista, regi\u00e3o que abrange nove munic\u00edpios: Bertioga, Cubat\u00e3o, Guaruj\u00e1, Itanha\u00e9m, Monguag\u00e1, Peru\u00edbe, Praia Grande, Santos e S\u00e3o Vicente.<\/p>\n<p class=\"wp-block-paragraph\"><strong>LEIA TAMB\u00c9M: <\/strong><a href=\"https:\/\/www.agenciasp.sp.gov.br\/centro-tea-paulista-sala-multissensorial-fortalece-terapias-e-promove-bem-estar-para-pessoas-com-autismo\/\" rel=\"noopener\"><strong>Centro TEA Paulista: sala multissensorial fortalece terapias e promove bem-estar para pessoas com autismo<\/strong><\/a><\/p>\n<p class=\"wp-block-paragraph\">Segundo dados do IBGE, a regi\u00e3o tem mais de 126 mil pessoas com defici\u00eancia.<\/p>\n<figure class=\"wp-block-image size-large\"><img data-recalc-dims=\"1\" fetchpriority=\"high\" decoding=\"async\" width=\"696\" height=\"464\" src=\"https:\/\/i0.wp.com\/www.agenciasp.sp.gov.br\/wp-content\/uploads\/2026\/06\/IMG_20260619_004527-0.jpg-1024x683.jpeg?resize=696%2C464&#038;ssl=1\" alt=\"\" class=\"wp-image-153434 lazy\" srcset=\"https:\/\/www.agenciasp.sp.gov.br\/wp-content\/uploads\/2026\/06\/IMG_20260619_004527-0.jpg-1024x683.jpeg 1024w, https:\/\/www.agenciasp.sp.gov.br\/wp-content\/uploads\/2026\/06\/IMG_20260619_004527-0.jpg-300x200.jpeg 300w, https:\/\/www.agenciasp.sp.gov.br\/wp-content\/uploads\/2026\/06\/IMG_20260619_004527-0.jpg-768x512.jpeg 768w, https:\/\/www.agenciasp.sp.gov.br\/wp-content\/uploads\/2026\/06\/IMG_20260619_004527-0.jpg-1536x1024.jpeg 1536w, https:\/\/www.agenciasp.sp.gov.br\/wp-content\/uploads\/2026\/06\/IMG_20260619_004527-0.jpg-2048x1365.jpeg 2048w, https:\/\/www.agenciasp.sp.gov.br\/wp-content\/uploads\/2026\/06\/IMG_20260619_004527-0.jpg-150x100.jpeg 150w\" data-sizes=\"(max-width: 1024px) 100vw, 1024px\"\/><\/figure>\n<p class=\"wp-block-paragraph\">Este \u00e9 mais um importante avan\u00e7o na amplia\u00e7\u00e3o da rede estadual de equipamentos voltados ao atendimento de pessoas com Transtorno do Espectro Autista (TEA) e demais defici\u00eancias e suas fam\u00edlias. Faz parte do compromisso do governador Tarcisio de Freitas em levar as unidades de atendimento para todas as 16 regi\u00f5es administrativas do estado de S\u00e3o Paulo, garantindo que o servi\u00e7o especializado esteja cada vez mais pr\u00f3ximo das fam\u00edlias.<\/p>\n<p class=\"wp-block-paragraph\">\u201cGarantir os direitos e promover o acolhimento das pessoas com TEA e m\u00e3es at\u00edpicas exige a\u00e7\u00f5es integradas e presentes em todo o territ\u00f3rio paulista, com a\u00e7\u00f5es concretas que fazem diferen\u00e7a na vida das pessoas\u201d, destacou o secret\u00e1rio Marcos da Costa.<\/p>\n<p class=\"wp-block-paragraph\">A primeira unidade do Centro TEA Paulista e do Centro de Cidadania da Pessoa com Defici\u00eancia foi inaugurada h\u00e1 um ano na capital paulista.<\/p>\n<p class=\"wp-block-paragraph\">A <a href=\"https:\/\/www.agenciasp.sp.gov.br\/centro-tea-paulista-projeto-se-expande-com-instalacao-da-primeira-unidade-no-interior-de-sp\/\" rel=\"noopener\">segunda unidade ser\u00e1 inaugurada nesta segunda-feira (22) em Bauru<\/a>, para atender a popula\u00e7\u00e3o dos 39 munic\u00edpios daquela regi\u00e3o.<\/p>\n<p class=\"wp-block-paragraph\">O Centro TEA Paulista foi desenvolvido com um prop\u00f3sito bem definido: garantir que pessoas autistas, m\u00e3es at\u00edpicas e familiares encontrem um ambiente preparado para acolher, orientar e desenvolver potencialidades. Tamb\u00e9m foi pensado para promover autonomia, desenvolvimento e qualidade de vida \u00e0s fam\u00edlias.<\/p>\n<p class=\"wp-block-paragraph\">O equipamento disp\u00f5e de atendimento terap\u00eautico individual e em grupo, acolhimento psicol\u00f3gico, suporte emocional, orienta\u00e7\u00e3o sobre benef\u00edcios e direitos da pessoa com TEA, oficinas esportivas integrativas, atividades de arteterapia e forma\u00e7\u00e3o para profissionais e cuidadores. A estrutura conta tamb\u00e9m com salas sensoriais, biblioteca especializada e quadra poliesportiva multiuso.<\/p>\n<p class=\"wp-block-paragraph\"><strong>LEIA TAMB\u00c9M: <a href=\"https:\/\/www.agenciasp.sp.gov.br\/centro-tea-paulista-completa-1-ano\/\" rel=\"noopener\">Centro TEA Paulista completa um ano como refer\u00eancia no cuidado e atendimento \u00e0s pessoas autistas<\/a><\/strong><\/p>\n<p class=\"wp-block-paragraph\">A cria\u00e7\u00e3o do Centro TEA Paulista integra as a\u00e7\u00f5es do Plano Estadual Integrado para Pessoas com Transtorno do Espectro do Autismo (PEIPTEA), iniciativa que articula pol\u00edticas p\u00fablicas da Secretaria de Estado dos Direitos da Pessoa com Defici\u00eancia com as Secretarias da Sa\u00fade, da Educa\u00e7\u00e3o e de Desenvolvimento Social. O objetivo \u00e9 ampliar a qualidade e a capilaridade do atendimento \u00e0 popula\u00e7\u00e3o com TEA em todo o estado de S\u00e3o Paulo.<\/p>\n<h3 class=\"wp-block-heading\">Sobre o Centro TEA Paulista e o Centro de Cidadania da Pessoa com Defici\u00eancia<\/h3>\n<p class=\"wp-block-paragraph\">O Centro TEA Paulista foi inaugurado na cidade de S\u00e3o Paulo em junho de 2025. O equipamento localizado na Vila Leopoldina, zona oeste da Capital, j\u00e1 realizou mais de 8 mil atendimentos. Funciona como espa\u00e7o completo de acolhimento, atendimento e inclus\u00e3o de pessoas com TEA, pessoas com defici\u00eancia e seus familiares, e tamb\u00e9m como base para articula\u00e7\u00e3o com os 645 munic\u00edpios paulistas. Desde janeiro de 2026, o servi\u00e7o conta com atendimento 24 horas pelo telefone (11) 3116-7406.<\/p>\n<p class=\"wp-block-paragraph\">Dentro do Centro TEA Paulista funciona o Centro de Cidadania da Pessoa com Defici\u00eancia, que oferece atendimentos presenciais por demanda espont\u00e2nea ou encaminhamentos da rede, com orienta\u00e7\u00e3o sobre benef\u00edcios, programas sociais e direitos, al\u00e9m de apoio psicol\u00f3gico, jur\u00eddico e social.<\/p>\n<p class=\"wp-block-paragraph\">Mais informa\u00e7\u00f5es: <a href=\"https:\/\/www.pessoacomdeficiencia.sp.gov.br\/sec_deficiencia\/centro_tea_paulista\" target=\"_blank\" rel=\"noopener\">https:\/\/www.pessoacomdeficiencia.sp.gov.br\/sec_deficiencia\/centro_tea_paulista<\/a><\/p>\n<\/p><\/div>\n<p><br \/>\n<br \/><a href=\"https:\/\/www.agenciasp.sp.gov.br\/governo-de-sp-assina-autorizacao-para-viabilizar-instalacao-de-unidade-do-centro-tea-paulista-na-baixada-santista\/\" rel=\"noopener\">Informa\u00e7\u00f5es GOV.SP<\/a><\/p>\n","protected":false},"excerpt":{"rendered":"<p>O governador de S\u00e3o Paulo, Tarc\u00edsio de Freitas, assinou nesta quinta-feira (18) uma autoriza\u00e7\u00e3o para que a Secretaria de Estado dos Direitos da Pessoa com Defici\u00eancia (SEDPcD) adote as provid\u00eancias necess\u00e1rias \u00e0 realiza\u00e7\u00e3o de estudos para a implanta\u00e7\u00e3o de uma unidade do Centro TEA Paulista e do Centro de Cidadania da Pessoa com Defici\u00eancia, no [&hellip;]<\/p>\n","protected":false},"author":1,"featured_media":69604,"comment_status":"","ping_status":"open","sticky":false,"template":"","format":"standard","meta":{"_jetpack_newsletter_access":"","_jetpack_dont_email_post_to_subs":false,"_jetpack_newsletter_tier_id":0,"_jetpack_memberships_contains_paywalled_content":false,"_mbp_banners":[],"_jetpack_feature_clip_id":0,"_jetpack_memberships_contains_paid_content":false,"footnotes":"","jetpack_publicize_message":"","jetpack_publicize_feature_enabled":true,"jetpack_social_post_already_shared":true,"jetpack_social_options":{"image_generator_settings":{"template":"highway","default_image_id":0,"font":"","enabled":false},"version":2},"jetpack_post_was_ever_published":false},"categories":[21],"tags":[],"class_list":["post-69603","post","type-post","status-publish","format-standard","has-post-thumbnail","category-sp-news"],"jetpack_publicize_connections":[],"jetpack-related-posts":[],"jetpack_shortlink":"https:\/\/wp.me\/p7Eq1F-i6D","jetpack_sharing_enabled":true,"jetpack_featured_media_url":"https:\/\/i0.wp.com\/guialimeira.com.br\/news\/wp-content\/uploads\/2026\/06\/Governo-de-SP-assina-autorizacao-para-viabilizar-instalacao-de-unidade.jpeg?fit=1024%2C683&ssl=1","_links":{"self":[{"href":"https:\/\/guialimeira.com.br\/news\/wp-json\/wp\/v2\/posts\/69603","targetHints":{"allow":["GET"]}}],"collection":[{"href":"https:\/\/guialimeira.com.br\/news\/wp-json\/wp\/v2\/posts"}],"about":[{"href":"https:\/\/guialimeira.com.br\/news\/wp-json\/wp\/v2\/types\/post"}],"author":[{"embeddable":true,"href":"https:\/\/guialimeira.com.br\/news\/wp-json\/wp\/v2\/users\/1"}],"replies":[{"embeddable":true,"href":"https:\/\/guialimeira.com.br\/news\/wp-json\/wp\/v2\/comments?post=69603"}],"version-history":[{"count":0,"href":"https:\/\/guialimeira.com.br\/news\/wp-json\/wp\/v2\/posts\/69603\/revisions"}],"wp:featuredmedia":[{"embeddable":true,"href":"https:\/\/guialimeira.com.br\/news\/wp-json\/wp\/v2\/media\/69604"}],"wp:attachment":[{"href":"https:\/\/guialimeira.com.br\/news\/wp-json\/wp\/v2\/media?parent=69603"}],"wp:term":[{"taxonomy":"category","embeddable":true,"href":"https:\/\/guialimeira.com.br\/news\/wp-json\/wp\/v2\/categories?post=69603"},{"taxonomy":"post_tag","embeddable":true,"href":"https:\/\/guialimeira.com.br\/news\/wp-json\/wp\/v2\/tags?post=69603"}],"curies":[{"name":"wp","href":"https:\/\/api.w.org\/{rel}","templated":true}]}}