{"id":69587,"date":"2026-06-19T09:06:16","date_gmt":"2026-06-19T12:06:16","guid":{"rendered":"https:\/\/guialimeira.com.br\/limeira-fortalece-educacao-inclusiva-com-atendimento-pedagogico-hospitalar-e-domiciliar\/"},"modified":"2026-06-19T09:06:16","modified_gmt":"2026-06-19T12:06:16","slug":"limeira-fortalece-educacao-inclusiva-com-atendimento-pedagogico-hospitalar-e-domiciliar","status":"publish","type":"post","link":"https:\/\/guialimeira.com.br\/news\/limeira-fortalece-educacao-inclusiva-com-atendimento-pedagogico-hospitalar-e-domiciliar\/","title":{"rendered":"Limeira fortalece educa\u00e7\u00e3o inclusiva com atendimento pedag\u00f3gico hospitalar e domiciliar"},"content":{"rendered":"<p> <br \/>\n<\/p>\n<div>\n                <main class=\"\">&#13;<br \/>\n                    &#13;<br \/>\n&#13;<br \/>\n&#13;<br \/>\n&#13;<br \/>\n&#13;<br \/>\n&#13;<br \/>\n    <img data-recalc-dims=\"1\" decoding=\"async\" src=\"https:\/\/i0.wp.com\/ecrie.com.br\/sistema\/conteudos\/imagem\/m_137_0_1_19062026090356.jpg?w=696&#038;ssl=1\" alt=\"Limeira fortalece educa\u00e7\u00e3o inclusiva com atendimento pedag\u00f3gico hospitalar e domiciliar\"\/>&#13;<br \/>\n&#13;<br \/>\n&#13;<\/p>\n<p>A Prefeitura de Limeira, por meio da Secretaria Municipal de Educa\u00e7\u00e3o, publicou a Resolu\u00e7\u00e3o SME n\u00ba 10\/2026, que regulamenta o Atendimento Educacional em Ambiente Hospitalar e Domiciliar na Rede Municipal de Ensino. A iniciativa tem como objetivo assegurar a continuidade da aprendizagem dos estudantes que, por motivo de sa\u00fade, estejam impossibilitados de frequentar as aulas presencialmente.\u00a0<\/p>\n<p>&#13;<\/p>\n<p>A nova normativa organiza o funcionamento da Classe Hospitalar, destinada aos alunos internados em unidades de sa\u00fade, e do Atendimento Pedag\u00f3gico Domiciliar (APD), voltado aos estudantes que precisam permanecer afastados da escola durante tratamentos m\u00e9dicos prolongados.\u00a0<\/p>\n<p>&#13;<\/p>\n<p>O atendimento contempla crian\u00e7as matriculadas na Educa\u00e7\u00e3o Infantil e nos anos iniciais do Ensino Fundamental da rede municipal. No caso do APD, o servi\u00e7o tamb\u00e9m poder\u00e1 ser ofertado a estudantes da Educa\u00e7\u00e3o de Jovens e Adultos (EJA), mediante an\u00e1lise e cumprimento dos crit\u00e9rios estabelecidos pela resolu\u00e7\u00e3o.<\/p>\n<p>&#13;<\/p>\n<p>Entre os principais objetivos da medida est\u00e3o a garantia do direito \u00e0 educa\u00e7\u00e3o, a manuten\u00e7\u00e3o do v\u00ednculo do estudante com a escola e a redu\u00e7\u00e3o dos impactos pedag\u00f3gicos causados pelo afastamento tempor\u00e1rio das atividades presenciais.<\/p>\n<p>&#13;<\/p>\n<p>O secret\u00e1rio municipal de Educa\u00e7\u00e3o, Ant\u00f4nio Montesano Neto, destacou que a regulamenta\u00e7\u00e3o fortalece a pol\u00edtica de inclus\u00e3o e acolhimento da rede municipal. \u201cEstamos assegurando que nenhum estudante tenha seu processo de aprendizagem interrompido em raz\u00e3o de um tratamento de sa\u00fade. A escola deve estar presente em todos os momentos, oferecendo apoio, acolhimento e oportunidades para que cada aluno continue seu desenvolvimento\u201d, afirmou.<\/p>\n<p>&#13;<\/p>\n<p>A resolu\u00e7\u00e3o tamb\u00e9m define as atribui\u00e7\u00f5es das equipes escolares, dos professores e dos setores da Secretaria de Educa\u00e7\u00e3o respons\u00e1veis pelo acompanhamento dos atendimentos, al\u00e9m de estabelecer protocolos para a prote\u00e7\u00e3o e o sigilo das informa\u00e7\u00f5es m\u00e9dicas dos estudantes, em conformidade com a Lei Geral de Prote\u00e7\u00e3o de Dados (LGPD).<\/p>\n<p>&#13;<\/p>\n<p>\u00a0<\/p>\n<p>&#13;<br \/>\n&#13;<br \/>\n&#13;<br \/>\n&#13;<\/p>\n<article class=\"conteudo-relacionado no-print\">&#13;<br \/>\n        &#13;<br \/>\n&#13;<br \/>\n        &#13;<br \/>\n    <\/article>\n<p>&#13;<br \/>\n&#13;<br \/>\n                <\/main><\/p><\/div>\n<p><br \/>\n<br \/><a href=\"https:\/\/limeira.sp.gov.br\/limeira-fortalece-educacao-inclusiva-com-atendimento-pedagogico-hospitalar-e-domiciliar\" rel=\"noopener\">Informa\u00e7\u00f5es da PML <\/a><\/p>\n","protected":false},"excerpt":{"rendered":"<p>&#13; &#13; &#13; &#13; &#13; &#13; &#13; &#13; &#13; &#13; A Prefeitura de Limeira, por meio da Secretaria Municipal de Educa\u00e7\u00e3o, publicou a Resolu\u00e7\u00e3o SME n\u00ba 10\/2026, que regulamenta o Atendimento Educacional em Ambiente Hospitalar e Domiciliar na Rede Municipal de Ensino. A iniciativa tem como objetivo assegurar a continuidade da aprendizagem dos estudantes que, [&hellip;]<\/p>\n","protected":false},"author":1,"featured_media":69588,"comment_status":"","ping_status":"open","sticky":false,"template":"","format":"standard","meta":{"_jetpack_newsletter_access":"","_jetpack_dont_email_post_to_subs":false,"_jetpack_newsletter_tier_id":0,"_jetpack_memberships_contains_paywalled_content":false,"_mbp_banners":[],"_jetpack_feature_clip_id":0,"_jetpack_memberships_contains_paid_content":false,"footnotes":"","jetpack_publicize_message":"","jetpack_publicize_feature_enabled":true,"jetpack_social_post_already_shared":true,"jetpack_social_options":{"image_generator_settings":{"template":"highway","default_image_id":0,"font":"","enabled":false},"version":2},"jetpack_post_was_ever_published":false},"categories":[16],"tags":[],"class_list":["post-69587","post","type-post","status-publish","format-standard","has-post-thumbnail","category-local"],"jetpack_publicize_connections":[],"jetpack-related-posts":[],"jetpack_shortlink":"https:\/\/wp.me\/p7Eq1F-i6n","jetpack_sharing_enabled":true,"jetpack_featured_media_url":"https:\/\/i0.wp.com\/guialimeira.com.br\/news\/wp-content\/uploads\/2026\/06\/m_137_0_1_19062026090356.jpg?fit=1024%2C682&ssl=1","_links":{"self":[{"href":"https:\/\/guialimeira.com.br\/news\/wp-json\/wp\/v2\/posts\/69587","targetHints":{"allow":["GET"]}}],"collection":[{"href":"https:\/\/guialimeira.com.br\/news\/wp-json\/wp\/v2\/posts"}],"about":[{"href":"https:\/\/guialimeira.com.br\/news\/wp-json\/wp\/v2\/types\/post"}],"author":[{"embeddable":true,"href":"https:\/\/guialimeira.com.br\/news\/wp-json\/wp\/v2\/users\/1"}],"replies":[{"embeddable":true,"href":"https:\/\/guialimeira.com.br\/news\/wp-json\/wp\/v2\/comments?post=69587"}],"version-history":[{"count":0,"href":"https:\/\/guialimeira.com.br\/news\/wp-json\/wp\/v2\/posts\/69587\/revisions"}],"wp:featuredmedia":[{"embeddable":true,"href":"https:\/\/guialimeira.com.br\/news\/wp-json\/wp\/v2\/media\/69588"}],"wp:attachment":[{"href":"https:\/\/guialimeira.com.br\/news\/wp-json\/wp\/v2\/media?parent=69587"}],"wp:term":[{"taxonomy":"category","embeddable":true,"href":"https:\/\/guialimeira.com.br\/news\/wp-json\/wp\/v2\/categories?post=69587"},{"taxonomy":"post_tag","embeddable":true,"href":"https:\/\/guialimeira.com.br\/news\/wp-json\/wp\/v2\/tags?post=69587"}],"curies":[{"name":"wp","href":"https:\/\/api.w.org\/{rel}","templated":true}]}}