{"id":69585,"date":"2026-06-19T09:04:12","date_gmt":"2026-06-19T12:04:12","guid":{"rendered":"https:\/\/guialimeira.com.br\/el-nino-traz-inverno-com-mais-chuva-em-sao-paulo\/"},"modified":"2026-06-19T09:04:12","modified_gmt":"2026-06-19T12:04:12","slug":"el-nino-traz-inverno-com-mais-chuva-em-sao-paulo","status":"publish","type":"post","link":"https:\/\/guialimeira.com.br\/news\/el-nino-traz-inverno-com-mais-chuva-em-sao-paulo\/","title":{"rendered":"El Ni\u00f1o traz inverno com mais chuva em S\u00e3o Paulo"},"content":{"rendered":"<p> <br \/>\n<br \/><img data-recalc-dims=\"1\" decoding=\"async\" src=\"https:\/\/i0.wp.com\/www.agenciasp.sp.gov.br\/wp-content\/uploads\/2025\/09\/Imagem-do-WhatsApp-de-2025-09-23-as-09.49.32_c0fc3133-scaled.jpg?w=696&#038;ssl=1\" \/><\/p>\n<div>\n<p class=\"wp-block-paragraph\">De acordo com a Defesa Civil, o inverno de 2026 ter\u00e1 caracter\u00edsticas da esta\u00e7\u00e3o, com tempo seco e massas de ar frio. O diferencial deste ano, no entanto, \u00e9 a influ\u00eancia do fen\u00f4meno El Ni\u00f1o, que poder\u00e1 favorecer o aumento da umidade e da frequ\u00eancia de chuvas, especialmente entre agosto e setembro.<\/p>\n<p class=\"wp-block-paragraph\">As temperaturas devem permanecer pr\u00f3ximas da m\u00e9dia na maior parte do estado. No entanto, os dias mais quentes para a \u00e9poca do ano tendem a ser mais frequentes, principalmente no interior paulista, onde as tardes poder\u00e3o registrar temperaturas elevadas e umidade relativa do ar reduzida.<\/p>\n<p class=\"wp-block-paragraph\">Entre julho e agosto, massas de ar frio podem provocar quedas de temperatura, com possibilidade de geadas no sul e leste do estado. Apesar disso, os epis\u00f3dios de frio intenso dever\u00e3o ocorrer de forma passageira, sem longos per\u00edodos consecutivos de baixas temperaturas.<\/p>\n<p class=\"wp-block-paragraph\"><strong>LEIA TAMB\u00c9M: <\/strong><a href=\"https:\/\/www.agenciasp.sp.gov.br\/inverno-comeca-neste-domingo-veja-como-doar-para-a-campanha-do-agasalho-de-sp\/\" rel=\"noopener\">Inverno come\u00e7a neste domingo (21); veja como doar para a Campanha do Agasalho de SP<\/a><\/p>\n<h3 class=\"wp-block-heading\">El Ni\u00f1o no inverno de S\u00e3o Paulo<\/h3>\n<p class=\"wp-block-paragraph\">A influ\u00eancia do El Ni\u00f1o dever\u00e1 se tornar mais evidente na reta final do inverno em S\u00e3o Paulo. A tend\u00eancia \u00e9 de aumento da umidade e maior frequ\u00eancia de chuvas, especialmente nas regi\u00f5es sul e leste do estado, incluindo a Regi\u00e3o Metropolitana de S\u00e3o Paulo, o Vale do Ribeira e \u00e1reas pr\u00f3ximas \u00e0 divisa com o Paran\u00e1.<\/p>\n<p class=\"wp-block-paragraph\">Mesmo assim, os volumes acumulados de chuva dever\u00e3o permanecer pr\u00f3ximos da m\u00e9dia hist\u00f3rica para o per\u00edodo.<\/p>\n<p class=\"wp-block-paragraph\">A Defesa Civil refor\u00e7a que o inverno continuar\u00e1 exigindo aten\u00e7\u00e3o tanto para os impactos do frio quanto para os efeitos da baixa umidade do ar, especialmente entre crian\u00e7as, idosos, pessoas em situa\u00e7\u00e3o de vulnerabilidade e animais dom\u00e9sticos.<\/p>\n<blockquote class=\"wp-block-quote is-layout-flow wp-block-quote-is-layout-flow\">\n<p class=\"wp-block-paragraph\">\u201cEstamos iniciando um per\u00edodo que exigir\u00e1 aten\u00e7\u00e3o tanto para os impactos do frio quanto para os riscos associados \u00e0 baixa umidade do ar e aos <a href=\"https:\/\/www.agenciasp.sp.gov.br\/sp-reforca-prevencao-de-queimaduras-durante-o-inverno-e-ferias-escolares-com-treinamento-para-profissionais-de-saude\/\" rel=\"noopener\">inc\u00eandios florestais<\/a>. Por isso, o Governo de S\u00e3o Paulo vem refor\u00e7ando a prepara\u00e7\u00e3o dos munic\u00edpios, investindo em tecnologia, monitoramento, capacita\u00e7\u00e3o e equipamentos por meio da Opera\u00e7\u00e3o SP Sem Fogo. A popula\u00e7\u00e3o tamb\u00e9m tem um papel fundamental nesse processo, acompanhando os alertas da Defesa Civil e adotando atitudes preventivas que ajudam a proteger vidas, o meio ambiente e o patrim\u00f4nio\u201d, ressalta o Tenente Coronel Adriano Baruffaldi, Diretor da Defesa Civil do Estado de S\u00e3o Paulo.<\/p>\n<\/blockquote>\n<p class=\"wp-block-paragraph\">A popula\u00e7\u00e3o deve acompanhar os alertas meteorol\u00f3gicos emitidos pelos canais oficiais da Defesa Civil. Em caso de emerg\u00eancia, o atendimento pode ser solicitado pelo telefone 199 ou pelo Corpo de Bombeiros, no telefone 193. Tamb\u00e9m \u00e9 poss\u00edvel receber alertas gratuitos por SMS enviando o CEP da localidade para o n\u00famero 40199.<\/p>\n<\/p><\/div>\n<p><br \/>\n<br \/><a href=\"https:\/\/www.agenciasp.sp.gov.br\/el-nino-inverno-chuva-sao-paulo\/\" rel=\"noopener\">Informa\u00e7\u00f5es GOV.SP<\/a><\/p>\n","protected":false},"excerpt":{"rendered":"<p>De acordo com a Defesa Civil, o inverno de 2026 ter\u00e1 caracter\u00edsticas da esta\u00e7\u00e3o, com tempo seco e massas de ar frio. O diferencial deste ano, no entanto, \u00e9 a influ\u00eancia do fen\u00f4meno El Ni\u00f1o, que poder\u00e1 favorecer o aumento da umidade e da frequ\u00eancia de chuvas, especialmente entre agosto e setembro. As temperaturas devem [&hellip;]<\/p>\n","protected":false},"author":1,"featured_media":69586,"comment_status":"","ping_status":"open","sticky":false,"template":"","format":"standard","meta":{"_jetpack_newsletter_access":"","_jetpack_dont_email_post_to_subs":false,"_jetpack_newsletter_tier_id":0,"_jetpack_memberships_contains_paywalled_content":false,"_mbp_banners":[],"_jetpack_feature_clip_id":0,"_jetpack_memberships_contains_paid_content":false,"footnotes":"","jetpack_publicize_message":"","jetpack_publicize_feature_enabled":true,"jetpack_social_post_already_shared":true,"jetpack_social_options":{"image_generator_settings":{"template":"highway","default_image_id":0,"font":"","enabled":false},"version":2},"jetpack_post_was_ever_published":false},"categories":[21],"tags":[],"class_list":["post-69585","post","type-post","status-publish","format-standard","has-post-thumbnail","category-sp-news"],"jetpack_publicize_connections":[],"jetpack-related-posts":[],"jetpack_shortlink":"https:\/\/wp.me\/p7Eq1F-i6l","jetpack_sharing_enabled":true,"jetpack_featured_media_url":"https:\/\/i0.wp.com\/guialimeira.com.br\/news\/wp-content\/uploads\/2026\/06\/El-Nino-traz-inverno-com-mais-chuva-em-Sao-Paulo.jpg?fit=2560%2C1706&ssl=1","_links":{"self":[{"href":"https:\/\/guialimeira.com.br\/news\/wp-json\/wp\/v2\/posts\/69585","targetHints":{"allow":["GET"]}}],"collection":[{"href":"https:\/\/guialimeira.com.br\/news\/wp-json\/wp\/v2\/posts"}],"about":[{"href":"https:\/\/guialimeira.com.br\/news\/wp-json\/wp\/v2\/types\/post"}],"author":[{"embeddable":true,"href":"https:\/\/guialimeira.com.br\/news\/wp-json\/wp\/v2\/users\/1"}],"replies":[{"embeddable":true,"href":"https:\/\/guialimeira.com.br\/news\/wp-json\/wp\/v2\/comments?post=69585"}],"version-history":[{"count":0,"href":"https:\/\/guialimeira.com.br\/news\/wp-json\/wp\/v2\/posts\/69585\/revisions"}],"wp:featuredmedia":[{"embeddable":true,"href":"https:\/\/guialimeira.com.br\/news\/wp-json\/wp\/v2\/media\/69586"}],"wp:attachment":[{"href":"https:\/\/guialimeira.com.br\/news\/wp-json\/wp\/v2\/media?parent=69585"}],"wp:term":[{"taxonomy":"category","embeddable":true,"href":"https:\/\/guialimeira.com.br\/news\/wp-json\/wp\/v2\/categories?post=69585"},{"taxonomy":"post_tag","embeddable":true,"href":"https:\/\/guialimeira.com.br\/news\/wp-json\/wp\/v2\/tags?post=69585"}],"curies":[{"name":"wp","href":"https:\/\/api.w.org\/{rel}","templated":true}]}}