{"id":69584,"date":"2026-06-19T09:01:10","date_gmt":"2026-06-19T12:01:10","guid":{"rendered":"https:\/\/guialimeira.com.br\/inscricoes-abertas-para-a-mostra-municipal-de-teatro-de-limeira-2026\/"},"modified":"2026-06-19T09:01:10","modified_gmt":"2026-06-19T12:01:10","slug":"inscricoes-abertas-para-a-mostra-municipal-de-teatro-de-limeira-2026","status":"publish","type":"post","link":"https:\/\/guialimeira.com.br\/news\/inscricoes-abertas-para-a-mostra-municipal-de-teatro-de-limeira-2026\/","title":{"rendered":"Inscri\u00e7\u00f5es abertas para a Mostra Municipal de Teatro de Limeira 2026"},"content":{"rendered":"<p> <br \/>\n<\/p>\n<div>\n                <main class=\"\">&#13;<br \/>\n                    &#13;<br \/>\n&#13;<br \/>\n&#13;<br \/>\n&#13;<br \/>\n&#13;<br \/>\n&#13;<br \/>\n    <img data-recalc-dims=\"1\" decoding=\"async\" src=\"https:\/\/i0.wp.com\/ecrie.com.br\/sistema\/conteudos\/imagem\/m_137_0_1_03102025090402.png?w=696&#038;ssl=1\" alt=\"Inscri\u00e7\u00f5es abertas para a Mostra Municipal de Teatro de Limeira 2026\"\/>&#13;<br \/>\n&#13;<br \/>\n&#13;<\/p>\n<p data-path-to-node=\"2\">A Prefeitura de Limeira abriu o per\u00edodo de inscri\u00e7\u00f5es para a nova edi\u00e7\u00e3o da Mostra Municipal de Teatro de Limeira 2026. O evento, que visa valorizar, incentivar e promover o interc\u00e2mbio da produ\u00e7\u00e3o teatral local, acontece entre os dias 26 de julho e 7 de agosto. Os grupos e companhias com sede na cidade que desejam participar t\u00eam at\u00e9 o dia 5 de julho para submeter suas propostas de forma totalmente online.<\/p>\n<p>&#13;<\/p>\n<p data-path-to-node=\"3\">Para facilitar o processo, o formul\u00e1rio de cadastro, os anexos obrigat\u00f3rios do regulamento e os links para emiss\u00e3o das certid\u00f5es negativas exigidas foram reunidos diretamente pela organiza\u00e7\u00e3o.<\/p>\n<p>&#13;<\/p>\n<h3 data-path-to-node=\"5\"><strong data-path-to-node=\"5\" data-index-in-node=\"0\">Links Importantes e Formul\u00e1rios<\/strong><\/h3>\n<p>&#13;<br \/>\n&#13;<\/p>\n<h4 data-path-to-node=\"7\"><strong data-path-to-node=\"7\" data-index-in-node=\"0\">Emiss\u00e3o de Certid\u00f5es Obrigat\u00f3rias (Pessoa F\u00edsica e Jur\u00eddica):<\/strong><\/h4>\n<p>&#13;<br \/>\n&#13;<\/p>\n<h4 data-path-to-node=\"9\"><strong data-path-to-node=\"9\" data-index-in-node=\"0\">Exclusivas para Pessoa Jur\u00eddica (CNPJ):<\/strong><\/h4>\n<p>&#13;<br \/>\n&#13;<\/p>\n<h3 data-path-to-node=\"12\"><strong data-path-to-node=\"12\" data-index-in-node=\"0\">Regras de Participa\u00e7\u00e3o e Premia\u00e7\u00e3o<\/strong><\/h3>\n<p>&#13;<\/p>\n<p data-path-to-node=\"13\">A Mostra n\u00e3o possui car\u00e1ter competitivo ou estudantil e contemplar\u00e1 at\u00e9 8 espet\u00e1culos habilitados, divididos nas categorias Teatro Adulto e Teatro Infantil (pe\u00e7as de rua ou espa\u00e7os alternativos devem se adaptar a uma delas). Os espet\u00e1culos precisam ter tempo m\u00ednimo de 40 minutos e ser in\u00e9ditos em mostras municipais anteriores.<\/p>\n<p>&#13;<\/p>\n<p data-path-to-node=\"14\">Podem participar coletivos teatrais com sede em Limeira e no m\u00ednimo um ano de atua\u00e7\u00e3o comprovada. A ficha t\u00e9cnica deve conter, pelo menos, 50% mais um de integrantes residentes no munic\u00edpio, al\u00e9m de ao menos um profissional com DRT ou Atestado de Capacidade T\u00e9cnica ativo. Este profissional ser\u00e1 o respons\u00e1vel por ministrar uma contrapartida obrigat\u00f3ria (oficina ou workshop de no m\u00ednimo 45 minutos) para a popula\u00e7\u00e3o ou para a Rede de Ensino local, programada para ocorrer entre 21 de julho e 6 de agosto.<\/p>\n<p>&#13;<\/p>\n<p data-path-to-node=\"15\">Como incentivo e reconhecimento, cada um dos grupos selecionados receber\u00e1 uma premia\u00e7\u00e3o no valor de R$ 8.700,00 (oito mil e setecentos reais), paga em parcela \u00fanica. Em conformidade com a Lei n\u00ba 14.903\/2024, o valor ser\u00e1 depositado integralmente na conta banc\u00e1ria do respons\u00e1vel, sem reten\u00e7\u00e3o na fonte e totalmente isento de incid\u00eancias tribut\u00e1rias.<\/p>\n<p>&#13;<\/p>\n<p data-path-to-node=\"16\">A divulga\u00e7\u00e3o dos selecionados ocorrer\u00e1 no Di\u00e1rio Oficial do Munic\u00edpio, e a solenidade de encerramento, com entrega de certificados, est\u00e1 agendada para a noite de 7 de agosto.<\/p>\n<p>&#13;<\/p>\n<p data-path-to-node=\"18\"><strong data-path-to-node=\"18\" data-index-in-node=\"0\">Servi\u00e7o:<\/strong><\/p>\n<p>&#13;<\/p>\n<ul data-path-to-node=\"19\">&#13;<\/p>\n<li>&#13;\n<p data-path-to-node=\"19,0,0\"><strong data-path-to-node=\"19,0,0\" data-index-in-node=\"0\">Evento:<\/strong> Inscri\u00e7\u00f5es para a Mostra Municipal de Teatro de Limeira 2026<\/p>\n<p>&#13;\n<\/li>\n<p>&#13;<\/p>\n<li>&#13;\n<p data-path-to-node=\"19,1,0\"><strong data-path-to-node=\"19,1,0\" data-index-in-node=\"0\">Prazo:<\/strong> At\u00e9 05 de julho de 2026<\/p>\n<p>&#13;\n<\/li>\n<p>&#13;<\/p>\n<li>&#13;\n<p data-path-to-node=\"19,2,0\"><strong data-path-to-node=\"19,2,0\" data-index-in-node=\"0\">Formato:<\/strong> Online (via formul\u00e1rio eletr\u00f4nico)<\/p>\n<p>&#13;\n<\/li>\n<p>&#13;<\/p>\n<li>&#13;\n<p data-path-to-node=\"19,3,0\"><strong data-path-to-node=\"19,3,0\" data-index-in-node=\"0\">Per\u00edodo da Mostra:<\/strong> De 26 de julho a 07 de agosto de 2026<\/p>\n<p>&#13;\n<\/li>\n<p>&#13;<\/p>\n<li>&#13;\n<p data-path-to-node=\"19,4,0\"><strong data-path-to-node=\"19,4,0\" data-index-in-node=\"0\">Premia\u00e7\u00e3o:<\/strong> R$ 8.700,00 por grupo selecionado<\/p>\n<p>&#13;\n<\/li>\n<p>&#13;<\/p>\n<li>&#13;\n<p data-path-to-node=\"19,5,0\"><strong data-path-to-node=\"19,5,0\" data-index-in-node=\"0\">Realiza\u00e7\u00e3o:<\/strong> Prefeitura de Limeira<\/p>\n<p>&#13;\n<\/li>\n<p>&#13;\n<\/ul>\n<p>&#13;<br \/>\n&#13;<br \/>\n&#13;<br \/>\n&#13;<\/p>\n<article class=\"conteudo-relacionado no-print\">&#13;<br \/>\n        &#13;<br \/>\n&#13;<br \/>\n        &#13;<br \/>\n    <\/article>\n<p>&#13;<br \/>\n&#13;<br \/>\n                <\/main><\/p><\/div>\n<p><br \/>\n<br \/><a href=\"https:\/\/limeira.sp.gov.br\/inscricoes-abertas-para-a-mostra-municipal-de-teatro-de-limeira-2026\" rel=\"noopener\">Informa\u00e7\u00f5es da PML <\/a><\/p>\n","protected":false},"excerpt":{"rendered":"<p>&#13; &#13; &#13; &#13; &#13; &#13; &#13; &#13; &#13; &#13; A Prefeitura de Limeira abriu o per\u00edodo de inscri\u00e7\u00f5es para a nova edi\u00e7\u00e3o da Mostra Municipal de Teatro de Limeira 2026. O evento, que visa valorizar, incentivar e promover o interc\u00e2mbio da produ\u00e7\u00e3o teatral local, acontece entre os dias 26 de julho e 7 de [&hellip;]<\/p>\n","protected":false},"author":1,"featured_media":46836,"comment_status":"","ping_status":"open","sticky":false,"template":"","format":"standard","meta":{"_jetpack_newsletter_access":"","_jetpack_dont_email_post_to_subs":false,"_jetpack_newsletter_tier_id":0,"_jetpack_memberships_contains_paywalled_content":false,"_mbp_banners":[],"_jetpack_feature_clip_id":0,"_jetpack_memberships_contains_paid_content":false,"footnotes":"","jetpack_publicize_message":"","jetpack_publicize_feature_enabled":true,"jetpack_social_post_already_shared":true,"jetpack_social_options":{"image_generator_settings":{"template":"highway","default_image_id":0,"font":"","enabled":false},"version":2},"jetpack_post_was_ever_published":false},"categories":[16],"tags":[],"class_list":["post-69584","post","type-post","status-publish","format-standard","has-post-thumbnail","category-local"],"jetpack_publicize_connections":[],"jetpack-related-posts":[],"jetpack_shortlink":"https:\/\/wp.me\/p7Eq1F-i6k","jetpack_sharing_enabled":true,"jetpack_featured_media_url":"https:\/\/i0.wp.com\/guialimeira.com.br\/news\/wp-content\/uploads\/2025\/10\/m_137_0_1_03102025090402.png?fit=900%2C600&ssl=1","_links":{"self":[{"href":"https:\/\/guialimeira.com.br\/news\/wp-json\/wp\/v2\/posts\/69584","targetHints":{"allow":["GET"]}}],"collection":[{"href":"https:\/\/guialimeira.com.br\/news\/wp-json\/wp\/v2\/posts"}],"about":[{"href":"https:\/\/guialimeira.com.br\/news\/wp-json\/wp\/v2\/types\/post"}],"author":[{"embeddable":true,"href":"https:\/\/guialimeira.com.br\/news\/wp-json\/wp\/v2\/users\/1"}],"replies":[{"embeddable":true,"href":"https:\/\/guialimeira.com.br\/news\/wp-json\/wp\/v2\/comments?post=69584"}],"version-history":[{"count":0,"href":"https:\/\/guialimeira.com.br\/news\/wp-json\/wp\/v2\/posts\/69584\/revisions"}],"wp:featuredmedia":[{"embeddable":true,"href":"https:\/\/guialimeira.com.br\/news\/wp-json\/wp\/v2\/media\/46836"}],"wp:attachment":[{"href":"https:\/\/guialimeira.com.br\/news\/wp-json\/wp\/v2\/media?parent=69584"}],"wp:term":[{"taxonomy":"category","embeddable":true,"href":"https:\/\/guialimeira.com.br\/news\/wp-json\/wp\/v2\/categories?post=69584"},{"taxonomy":"post_tag","embeddable":true,"href":"https:\/\/guialimeira.com.br\/news\/wp-json\/wp\/v2\/tags?post=69584"}],"curies":[{"name":"wp","href":"https:\/\/api.w.org\/{rel}","templated":true}]}}