{"id":69582,"date":"2026-06-19T08:56:02","date_gmt":"2026-06-19T11:56:02","guid":{"rendered":"https:\/\/guialimeira.com.br\/prefeitura-estuda-reduzir-imposto-para-contadores-e-reabrir-programa-para-agilizar-atendimento-as-empresas\/"},"modified":"2026-06-19T08:56:02","modified_gmt":"2026-06-19T11:56:02","slug":"prefeitura-estuda-reduzir-imposto-para-contadores-e-reabrir-programa-para-agilizar-atendimento-as-empresas","status":"publish","type":"post","link":"https:\/\/guialimeira.com.br\/news\/prefeitura-estuda-reduzir-imposto-para-contadores-e-reabrir-programa-para-agilizar-atendimento-as-empresas\/","title":{"rendered":"Prefeitura estuda reduzir imposto para contadores e reabrir programa para agilizar atendimento \u00e0s empresas"},"content":{"rendered":"<p> <br \/>\n<\/p>\n<div>\n                <main class=\"\">&#13;<br \/>\n                    &#13;<br \/>\n&#13;<br \/>\n&#13;<br \/>\n&#13;<br \/>\n&#13;<br \/>\n&#13;<br \/>\n    <img data-recalc-dims=\"1\" decoding=\"async\" src=\"https:\/\/i0.wp.com\/ecrie.com.br\/sistema\/conteudos\/imagem\/m_137_0_1_19062026085401.jpg?w=696&#038;ssl=1\" alt=\"Prefeitura estuda reduzir imposto para contadores e reabrir programa para agilizar atendimento \u00e0s empresas\"\/>&#13;<br \/>\n&#13;<br \/>\n&#13;<\/p>\n<p>O prefeito de Limeira, Murilo F\u00e9lix, recebeu na quarta-feira (17) a Associa\u00e7\u00e3o Profissional das Empresas Cont\u00e1beis e Contabilistas de Limeira (APECL) para discutir a\u00e7\u00f5es que tornem mais \u00e1gil o atendimento \u00e0s empresas e fortale\u00e7am o ambiente de neg\u00f3cios no munic\u00edpio. Participaram tamb\u00e9m da reuni\u00e3o o secret\u00e1rio de Desenvolvimento Econ\u00f4mico, Daniel Bonatti, e o secret\u00e1rio adjunto de Assuntos Jur\u00eddicos, Jonathan Fernandes.<\/p>\n<p>Entre os principais assuntos tratados esteve a reabertura do programa Empresa F\u00e1cil, que reunia em um \u00fanico local os servi\u00e7os necess\u00e1rios para abertura, altera\u00e7\u00e3o e regulariza\u00e7\u00e3o de empresas. A proposta \u00e9 reduzir a burocracia e facilitar o trabalho de empres\u00e1rios e contadores. Outro tema discutido foi a de redu\u00e7\u00e3o de impostos para os contadores, medida que ser\u00e1 analisada pela Prefeitura.<\/p>\n<p>Durante a reuni\u00e3o, Murilo F\u00e9lix destacou que o objetivo da administra\u00e7\u00e3o \u00e9 agilizar os servi\u00e7os voltados ao setor produtivo e garantir mais rapidez nos atendimentos. \u201cQueremos tornar todos os processos mais \u00e1geis. O contador \u00e9 quem ajuda a empresa a funcionar e gerar empregos. Ele n\u00e3o pode ficar esperando no balc\u00e3o, tem que ter prioridade. Tudo o que depender da Prefeitura ter\u00e1 aten\u00e7\u00e3o especial para acelerar os atendimentos, seja para um MEI ou para uma empresa de grande porte\u201d, afirmou o prefeito.<\/p>\n<p>Murilo tamb\u00e9m ressaltou que a reabertura do Empresa F\u00e1cil faz parte desse trabalho de moderniza\u00e7\u00e3o. \u201cO Empresa F\u00e1cil j\u00e1 mostrou que funciona. Nossa inten\u00e7\u00e3o \u00e9 retomar esse servi\u00e7o para concentrar atendimentos e tornar os processos mais r\u00e1pidos para quem quer abrir, regularizar ou ampliar seu neg\u00f3cio\u201d, disse.<\/p>\n<p>O secret\u00e1rio de Desenvolvimento Econ\u00f4mico, Daniel Bonatti, afirmou que a retomada do programa est\u00e1 entre as prioridades da pasta. \u201cVamos trabalhar para reabrir o Empresa F\u00e1cil e oferecer um atendimento mais r\u00e1pido e eficiente para contadores e empres\u00e1rios\u201d, destacou.<\/p>\n<p>A presidente da APECL, Dion\u00e9ia Cristina Vinco de Figueiredo, avaliou positivamente o encontro. \u201cSa\u00edmos da reuni\u00e3o muito satisfeitos. Encontramos uma gest\u00e3o aberta ao di\u00e1logo e disposta a buscar solu\u00e7\u00f5es para melhorar o trabalho dos contadores e o atendimento aos empres\u00e1rios da cidade\u201d, afirmou.<\/p>\n<p>&#13;<br \/>\n&#13;<br \/>\n&#13;<br \/>\n&#13;<\/p>\n<article class=\"conteudo-relacionado no-print\">&#13;<br \/>\n        &#13;<br \/>\n&#13;<br \/>\n        &#13;<br \/>\n    <\/article>\n<p>&#13;<br \/>\n&#13;<br \/>\n                <\/main><\/p><\/div>\n<p><br \/>\n<br \/><a href=\"https:\/\/limeira.sp.gov.br\/prefeitura-estuda-reduzir-imposto-para-contadores-e-reabrir-programa-para-agilizar-atendimento-as-empresas\" rel=\"noopener\">Informa\u00e7\u00f5es da PML <\/a><\/p>\n","protected":false},"excerpt":{"rendered":"<p>&#13; &#13; &#13; &#13; &#13; &#13; &#13; &#13; &#13; &#13; O prefeito de Limeira, Murilo F\u00e9lix, recebeu na quarta-feira (17) a Associa\u00e7\u00e3o Profissional das Empresas Cont\u00e1beis e Contabilistas de Limeira (APECL) para discutir a\u00e7\u00f5es que tornem mais \u00e1gil o atendimento \u00e0s empresas e fortale\u00e7am o ambiente de neg\u00f3cios no munic\u00edpio. Participaram tamb\u00e9m da reuni\u00e3o o [&hellip;]<\/p>\n","protected":false},"author":1,"featured_media":69583,"comment_status":"","ping_status":"open","sticky":false,"template":"","format":"standard","meta":{"_jetpack_newsletter_access":"","_jetpack_dont_email_post_to_subs":false,"_jetpack_newsletter_tier_id":0,"_jetpack_memberships_contains_paywalled_content":false,"_mbp_banners":[],"_jetpack_feature_clip_id":0,"_jetpack_memberships_contains_paid_content":false,"footnotes":"","jetpack_publicize_message":"","jetpack_publicize_feature_enabled":true,"jetpack_social_post_already_shared":true,"jetpack_social_options":{"image_generator_settings":{"template":"highway","default_image_id":0,"font":"","enabled":false},"version":2},"jetpack_post_was_ever_published":false},"categories":[16],"tags":[],"class_list":["post-69582","post","type-post","status-publish","format-standard","has-post-thumbnail","category-local"],"jetpack_publicize_connections":[],"jetpack-related-posts":[],"jetpack_shortlink":"https:\/\/wp.me\/p7Eq1F-i6i","jetpack_sharing_enabled":true,"jetpack_featured_media_url":"https:\/\/i0.wp.com\/guialimeira.com.br\/news\/wp-content\/uploads\/2026\/06\/m_137_0_1_19062026085401.jpg?fit=1024%2C576&ssl=1","_links":{"self":[{"href":"https:\/\/guialimeira.com.br\/news\/wp-json\/wp\/v2\/posts\/69582","targetHints":{"allow":["GET"]}}],"collection":[{"href":"https:\/\/guialimeira.com.br\/news\/wp-json\/wp\/v2\/posts"}],"about":[{"href":"https:\/\/guialimeira.com.br\/news\/wp-json\/wp\/v2\/types\/post"}],"author":[{"embeddable":true,"href":"https:\/\/guialimeira.com.br\/news\/wp-json\/wp\/v2\/users\/1"}],"replies":[{"embeddable":true,"href":"https:\/\/guialimeira.com.br\/news\/wp-json\/wp\/v2\/comments?post=69582"}],"version-history":[{"count":0,"href":"https:\/\/guialimeira.com.br\/news\/wp-json\/wp\/v2\/posts\/69582\/revisions"}],"wp:featuredmedia":[{"embeddable":true,"href":"https:\/\/guialimeira.com.br\/news\/wp-json\/wp\/v2\/media\/69583"}],"wp:attachment":[{"href":"https:\/\/guialimeira.com.br\/news\/wp-json\/wp\/v2\/media?parent=69582"}],"wp:term":[{"taxonomy":"category","embeddable":true,"href":"https:\/\/guialimeira.com.br\/news\/wp-json\/wp\/v2\/categories?post=69582"},{"taxonomy":"post_tag","embeddable":true,"href":"https:\/\/guialimeira.com.br\/news\/wp-json\/wp\/v2\/tags?post=69582"}],"curies":[{"name":"wp","href":"https:\/\/api.w.org\/{rel}","templated":true}]}}