{"id":69578,"date":"2026-06-19T08:03:09","date_gmt":"2026-06-19T11:03:09","guid":{"rendered":"https:\/\/guialimeira.com.br\/inverno-comeca-neste-domingo-21-veja-como-doar-para-a-campanha-do-agasalho-de-sp\/"},"modified":"2026-06-19T08:03:09","modified_gmt":"2026-06-19T11:03:09","slug":"inverno-comeca-neste-domingo-21-veja-como-doar-para-a-campanha-do-agasalho-de-sp","status":"publish","type":"post","link":"https:\/\/guialimeira.com.br\/news\/inverno-comeca-neste-domingo-21-veja-como-doar-para-a-campanha-do-agasalho-de-sp\/","title":{"rendered":"Inverno come\u00e7a neste domingo (21); veja como doar para a Campanha do Agasalho de SP"},"content":{"rendered":"<p> <br \/>\n<br \/><img data-recalc-dims=\"1\" decoding=\"async\" src=\"https:\/\/i0.wp.com\/www.agenciasp.sp.gov.br\/wp-content\/uploads\/2025\/09\/Campanha-do-Agasalho-2025.jpg?w=696&#038;ssl=1\" \/><\/p>\n<div>\n<p class=\"wp-block-paragraph\">Com a chegada do inverno neste domingo (21), o Governo de S\u00e3o Paulo refor\u00e7a o chamado \u00e0 popula\u00e7\u00e3o para participar da Campanha do Agasalho 2026. A iniciativa arrecada roupas, cobertores e acess\u00f3rios destinados a pessoas em situa\u00e7\u00e3o de vulnerabilidade social em todas as regi\u00f5es do estado.<\/p>\n<p class=\"wp-block-paragraph\">Podem ser doados roupas, cobertores, meias, toucas, cachec\u00f3is e cal\u00e7ados, desde que estejam em bom estado de conserva\u00e7\u00e3o. Ap\u00f3s a arrecada\u00e7\u00e3o, os itens passam por triagem e s\u00e3o distribu\u00eddos de forma cont\u00ednua ao longo da campanha.<\/p>\n<p class=\"wp-block-paragraph\"><strong>LEIA TAMB\u00c9M: <a href=\"https:\/\/www.agenciasp.sp.gov.br\/campanha-do-agasalho-2026-arrecada-doacoes-em-unidades-da-usp-na-capital\/\" data-type=\"link\" data-id=\"https:\/\/www.agenciasp.sp.gov.br\/campanha-do-agasalho-2026-arrecada-doacoes-em-unidades-da-usp-na-capital\/\" rel=\"noopener\">Campanha do Agasalho 2026 arrecada doa\u00e7\u00f5es em unidades da USP na capital<\/a><\/strong><\/p>\n<p class=\"wp-block-paragraph\">Na capital paulista, as doa\u00e7\u00f5es s\u00e3o encaminhadas a entidades assistenciais cadastradas, respons\u00e1veis pelo atendimento direto \u00e0 popula\u00e7\u00e3o. Parte dos itens tamb\u00e9m \u00e9 mantida em estoque estrat\u00e9gico para respostas r\u00e1pidas em situa\u00e7\u00f5es emergenciais.<\/p>\n<p class=\"wp-block-paragraph\">No interior e litoral, a distribui\u00e7\u00e3o ocorre por meio da rede municipal de assist\u00eancia social, que identifica as demandas locais e direciona os materiais conforme a necessidade de cada cidade.<\/p>\n<h3 class=\"wp-block-heading\">Como doar<\/h3>\n<p class=\"wp-block-paragraph\">Quem quiser contribuir com roupas, acess\u00f3rios de inverno ou cobertores deve entregar pe\u00e7as limpas e em bom estado em um dos pontos oficiais de arrecada\u00e7\u00e3o da campanha espalhados pelo estado.\u00a0<\/p>\n<p class=\"wp-block-paragraph\">Al\u00e9m da entrega de itens f\u00edsicos, a campanha de 2026 tamb\u00e9m recebe doa\u00e7\u00f5es financeiras por meio da chave Pix <a href=\"https:\/\/www.agenciasp.sp.gov.br\/inverno-comeca-neste-domingo-veja-como-doar-para-a-campanha-do-agasalho-de-sp\/mailto:doacoesfussp@sp.gov.br\" rel=\"noopener\">doacoesfussp@sp.gov.br<\/a>.<\/p>\n<p class=\"wp-block-paragraph\">Todo o valor arrecadado ser\u00e1 destinado integralmente \u00e0 compra de cobertores, ampliando a capacidade de atendimento da a\u00e7\u00e3o solid\u00e1ria.<\/p>\n<p class=\"wp-block-paragraph\"><strong>LEIA TAMB\u00c9M: <\/strong><a href=\"https:\/\/www.agenciasp.sp.gov.br\/da-doacao-a-entrega-como-a-campanha-do-agasalho-distribui-itens-em-todo-o-estado\/\" rel=\"noopener\"><strong>Da doa\u00e7\u00e3o \u00e0 entrega: como a Campanha do Agasalho distribui itens em todo o estado<\/strong><\/a><\/p>\n<h3 class=\"wp-block-heading\">Onde entregar<\/h3>\n<p class=\"wp-block-paragraph\">A Campanha do Agasalho conta neste ano com uma ampla rede de arrecada\u00e7\u00e3o em todas as regi\u00f5es paulistas. Ao todo, s\u00e3o centenas de pontos de coleta distribu\u00eddos pelo estado, incluindo unidades f\u00edsicas do <a href=\"https:\/\/www.poupatempo.sp.gov.br\/\" target=\"_blank\" rel=\"noopener\">Poupatempo<\/a> e postos mantidos pelos Fundos Sociais Municipais.<\/p>\n<p class=\"wp-block-paragraph\">Na capital, tamb\u00e9m \u00e9 poss\u00edvel doar na esta\u00e7\u00e3o Esta\u00e7\u00e3o S\u00e9 do metr\u00f4 e em todas as 17 esta\u00e7\u00f5es da Linha 7-Rubi da CPTM.<\/p>\n<p class=\"wp-block-paragraph\">Outra op\u00e7\u00e3o \u00e9 realizar a entrega diretamente no Centro de Distribui\u00e7\u00e3o do Fundo Social de S\u00e3o Paulo, respons\u00e1vel pela triagem e encaminhamento dos itens arrecadados. O espa\u00e7o fica na Rua Marechal M\u00e1rio Guedes, n\u00ba 301, no Jaguar\u00e9, zona oeste da capital, com funcionamento de segunda a sexta-feira, das 8h \u00e0s 16h.<\/p>\n<p class=\"wp-block-paragraph\">Os endere\u00e7os completos dos postos de arrecada\u00e7\u00e3o podem ser consultados nos canais oficiais da campanha (<a href=\"https:\/\/www.campanhadoagasalho.sp.gov.br\/\" target=\"_blank\" rel=\"noopener\">https:\/\/www.campanhadoagasalho.sp.gov.br\/<\/a>).\u00a0<\/p>\n<h3 class=\"wp-block-heading\">Crit\u00e9rios t\u00e9cnicos orientam distribui\u00e7\u00e3o<\/h3>\n<p class=\"wp-block-paragraph\">A destina\u00e7\u00e3o dos itens arrecadados segue crit\u00e9rios t\u00e9cnicos adotados para garantir que as doa\u00e7\u00f5es cheguem de forma r\u00e1pida e eficiente a quem mais precisa. Entre os fatores analisados est\u00e3o a intensidade do frio em cada regi\u00e3o, o n\u00famero de fam\u00edlias em situa\u00e7\u00e3o de vulnerabilidade cadastradas nos servi\u00e7os sociais e a demanda apresentada pelos munic\u00edpios.<\/p>\n<p class=\"wp-block-paragraph\">Tamb\u00e9m s\u00e3o considerados eventos emergenciais, como <a href=\"https:\/\/www.agenciasp.sp.gov.br\/defesa-civil-orientacoes-enchentes\/\" rel=\"noopener\">enchentes<\/a>, inc\u00eandios e ocorr\u00eancias clim\u00e1ticas severas, que exigem resposta imediata e envio priorit\u00e1rio de roupas e cobertores.<\/p>\n<p class=\"wp-block-paragraph\">Outro ponto avaliado \u00e9 o volume de arrecada\u00e7\u00e3o dispon\u00edvel e o estado de conserva\u00e7\u00e3o das pe\u00e7as recebidas. Antes da entrega, os itens passam por triagem e separa\u00e7\u00e3o, permitindo melhor organiza\u00e7\u00e3o por tipo de produto, tamanho e condi\u00e7\u00e3o de uso, assim evitando desperd\u00edcios e assegurando que os materiais arrecadados cheguem nas pessoas expostas \u00e0s baixas temperaturas.<\/p>\n<\/p><\/div>\n<p><br \/>\n<br \/><a href=\"https:\/\/www.agenciasp.sp.gov.br\/inverno-comeca-neste-domingo-veja-como-doar-para-a-campanha-do-agasalho-de-sp\/\" rel=\"noopener\">Informa\u00e7\u00f5es GOV.SP<\/a><\/p>\n","protected":false},"excerpt":{"rendered":"<p>Com a chegada do inverno neste domingo (21), o Governo de S\u00e3o Paulo refor\u00e7a o chamado \u00e0 popula\u00e7\u00e3o para participar da Campanha do Agasalho 2026. A iniciativa arrecada roupas, cobertores e acess\u00f3rios destinados a pessoas em situa\u00e7\u00e3o de vulnerabilidade social em todas as regi\u00f5es do estado. Podem ser doados roupas, cobertores, meias, toucas, cachec\u00f3is e [&hellip;]<\/p>\n","protected":false},"author":1,"featured_media":46394,"comment_status":"","ping_status":"open","sticky":false,"template":"","format":"standard","meta":{"_jetpack_newsletter_access":"","_jetpack_dont_email_post_to_subs":false,"_jetpack_newsletter_tier_id":0,"_jetpack_memberships_contains_paywalled_content":false,"_mbp_banners":[],"_jetpack_feature_clip_id":0,"_jetpack_memberships_contains_paid_content":false,"footnotes":"","jetpack_publicize_message":"","jetpack_publicize_feature_enabled":true,"jetpack_social_post_already_shared":true,"jetpack_social_options":{"image_generator_settings":{"template":"highway","default_image_id":0,"font":"","enabled":false},"version":2},"jetpack_post_was_ever_published":false},"categories":[21],"tags":[],"class_list":["post-69578","post","type-post","status-publish","format-standard","has-post-thumbnail","category-sp-news"],"jetpack_publicize_connections":[],"jetpack-related-posts":[],"jetpack_shortlink":"https:\/\/wp.me\/p7Eq1F-i6e","jetpack_sharing_enabled":true,"jetpack_featured_media_url":"https:\/\/i0.wp.com\/guialimeira.com.br\/news\/wp-content\/uploads\/2025\/09\/mais-de-103-mil-cobertores-distribuidos-e-14-milhoes-de.jpg?fit=1600%2C1066&ssl=1","_links":{"self":[{"href":"https:\/\/guialimeira.com.br\/news\/wp-json\/wp\/v2\/posts\/69578","targetHints":{"allow":["GET"]}}],"collection":[{"href":"https:\/\/guialimeira.com.br\/news\/wp-json\/wp\/v2\/posts"}],"about":[{"href":"https:\/\/guialimeira.com.br\/news\/wp-json\/wp\/v2\/types\/post"}],"author":[{"embeddable":true,"href":"https:\/\/guialimeira.com.br\/news\/wp-json\/wp\/v2\/users\/1"}],"replies":[{"embeddable":true,"href":"https:\/\/guialimeira.com.br\/news\/wp-json\/wp\/v2\/comments?post=69578"}],"version-history":[{"count":0,"href":"https:\/\/guialimeira.com.br\/news\/wp-json\/wp\/v2\/posts\/69578\/revisions"}],"wp:featuredmedia":[{"embeddable":true,"href":"https:\/\/guialimeira.com.br\/news\/wp-json\/wp\/v2\/media\/46394"}],"wp:attachment":[{"href":"https:\/\/guialimeira.com.br\/news\/wp-json\/wp\/v2\/media?parent=69578"}],"wp:term":[{"taxonomy":"category","embeddable":true,"href":"https:\/\/guialimeira.com.br\/news\/wp-json\/wp\/v2\/categories?post=69578"},{"taxonomy":"post_tag","embeddable":true,"href":"https:\/\/guialimeira.com.br\/news\/wp-json\/wp\/v2\/tags?post=69578"}],"curies":[{"name":"wp","href":"https:\/\/api.w.org\/{rel}","templated":true}]}}