{"id":69573,"date":"2026-06-19T07:01:07","date_gmt":"2026-06-19T10:01:07","guid":{"rendered":"https:\/\/guialimeira.com.br\/como-novo-reservatorio-mambu-branco-aumenta-abastecimento-de-agua-na-baixada-santista\/"},"modified":"2026-06-19T07:01:07","modified_gmt":"2026-06-19T10:01:07","slug":"como-novo-reservatorio-mambu-branco-aumenta-abastecimento-de-agua-na-baixada-santista","status":"publish","type":"post","link":"https:\/\/guialimeira.com.br\/news\/como-novo-reservatorio-mambu-branco-aumenta-abastecimento-de-agua-na-baixada-santista\/","title":{"rendered":"Como novo reservat\u00f3rio Mambu-Branco aumenta abastecimento de \u00e1gua na Baixada Santista"},"content":{"rendered":"<p> <br \/>\n<\/p>\n<div>\n<p class=\"wp-block-paragraph\"><a href=\"https:\/\/www.agenciasp.sp.gov.br\/caravana-3d-governo-de-sp-amplia-abastecimento-de-agua-para-12-milhao-de-moradores-da-baixada-santista\/\" rel=\"noopener\">O Governo de S\u00e3o Paulo entregou durante a Caravana 3D, na quinta-feira (18), dois novos reservat\u00f3rios de \u00e1gua tratada em Itanha\u00e9m<\/a>, com investimento de R$ 84,6 milh\u00f5es da Sabesp que amplia a seguran\u00e7a h\u00eddrica da regi\u00e3o. As estruturas s\u00e3o os primeiros do sistema Mambu-Branco \u2014 com capacidade para armazenar 20 milh\u00f5es de litros, parte de um projeto que chegar\u00e1 a 40 milh\u00f5es, e j\u00e1 beneficiam diretamente cerca de 1,2 milh\u00e3o de moradores de cinco cidades, incluindo Praia Grande, S\u00e3o Vicente e Peru\u00edbe.<\/p>\n<h3 class=\"wp-block-heading\">Como o sistema ajuda no abastecimento<\/h3>\n<p class=\"wp-block-paragraph\">Na pr\u00e1tica, <a href=\"https:\/\/www.agenciasp.sp.gov.br\/reservacao-da-eta-mambu-branco-vai-quadruplicar-na-baixada-santista\/\" rel=\"noopener\">o centro de reserva\u00e7\u00e3o funciona como um estoque estrat\u00e9gico de \u00e1gua tratada<\/a>, que auxilia a Baixada em \u00e9pocas de pico de consumo, como a alta temporada de turismo registrada no Ver\u00e3o. Os 40 milh\u00f5es de litros equivalem ao volume de 16 piscinas ol\u00edmpicas. Depois de passar pela Esta\u00e7\u00e3o de Tratamento de \u00c1gua (ETA) Mambu-Branco, a \u00e1gua \u00e9 armazenada nos reservat\u00f3rios e, a partir dali, abastece outros reservat\u00f3rios e redes de distribui\u00e7\u00e3o da Baixada Santista.<\/p>\n<p class=\"wp-block-paragraph\">Com isso, a regi\u00e3o passa a contar com uma reserva maior para atender momentos de pico de consumo e para dar suporte \u00e0 opera\u00e7\u00e3o caso haja alguma intermit\u00eancia na produ\u00e7\u00e3o ou na distribui\u00e7\u00e3o de \u00e1gua.<\/p>\n<p class=\"wp-block-paragraph\">Para al\u00e9m do novo centro de reserva\u00e7\u00e3o, nos \u00faltimos anos, <a href=\"https:\/\/www.agenciasp.sp.gov.br\/investimentos-em-saneamento-na-baixada-santista-crescem-cinco-vezes-e-alcancam-r-980-por-pessoa-ao-ano\/\" rel=\"noopener\">a Sabesp j\u00e1 havia executado melhorias estruturais na regi\u00e3o<\/a>, como a amplia\u00e7\u00e3o da capta\u00e7\u00e3o, obras na esta\u00e7\u00e3o de tratamento, instala\u00e7\u00e3o de adutoras e esta\u00e7\u00f5es de bombeamento.<\/p>\n<h3 class=\"wp-block-heading\">Quatro reservat\u00f3rios de grande porte<\/h3>\n<p class=\"wp-block-paragraph\">Cada reservat\u00f3rio tem 56 metros de di\u00e2metro, 5 metros de altura e capacidade \u00fatil para 10 mil metros c\u00fabicos de \u00e1gua tratada, equivalente a quatro piscinas ol\u00edmpicas. Para sustentar cada reservat\u00f3rio, foram utilizadas funda\u00e7\u00f5es profundas, com estacas de concreto pr\u00e9-moldado e profundidade m\u00e9dia de 40 metros.\u00a0<\/p>\n<p class=\"wp-block-paragraph\">As solu\u00e7\u00f5es t\u00e9cnicas foram necess\u00e1rias por causa das condi\u00e7\u00f5es do solo e da localiza\u00e7\u00e3o do empreendimento, em \u00e1rea afastada da regi\u00e3o urbana. As pr\u00f3ximas entregas parciais est\u00e3o previstas para agosto e outubro de 2026.<\/p>\n<figure class=\"wp-block-image size-large\"><img data-recalc-dims=\"1\" fetchpriority=\"high\" decoding=\"async\" width=\"696\" height=\"464\" src=\"https:\/\/i0.wp.com\/www.agenciasp.sp.gov.br\/wp-content\/uploads\/2026\/06\/55343183846_38b9f4865a_k-1024x683.jpg?resize=696%2C464&#038;ssl=1\" alt=\"\" class=\"wp-image-153185 lazy\" srcset=\"https:\/\/www.agenciasp.sp.gov.br\/wp-content\/uploads\/2026\/06\/55343183846_38b9f4865a_k-1024x683.jpg 1024w, https:\/\/www.agenciasp.sp.gov.br\/wp-content\/uploads\/2026\/06\/55343183846_38b9f4865a_k-300x200.jpg 300w, https:\/\/www.agenciasp.sp.gov.br\/wp-content\/uploads\/2026\/06\/55343183846_38b9f4865a_k-768x512.jpg 768w, https:\/\/www.agenciasp.sp.gov.br\/wp-content\/uploads\/2026\/06\/55343183846_38b9f4865a_k-1536x1024.jpg 1536w, https:\/\/www.agenciasp.sp.gov.br\/wp-content\/uploads\/2026\/06\/55343183846_38b9f4865a_k-150x100.jpg 150w, https:\/\/www.agenciasp.sp.gov.br\/wp-content\/uploads\/2026\/06\/55343183846_38b9f4865a_k.jpg 2048w\" data-sizes=\"(max-width: 1024px) 100vw, 1024px\"\/><figcaption class=\"wp-element-caption\">Sistema Mambu-Branco ter\u00e1 quatro reservat\u00f3rios de \u00e1gua. Foto: Paulo Guereta\/Governo de S\u00e3o Paulo<\/figcaption><\/figure>\n<h3 class=\"wp-block-heading\">Maior reserva de \u00e1gua para a Baixada<\/h3>\n<p class=\"wp-block-paragraph\">A implanta\u00e7\u00e3o do Centro de Reserva\u00e7\u00e3o Mambu-Branco integra o planejamento da Sabesp para ampliar a capacidade de reserva\u00e7\u00e3o de \u00e1gua tratada na Baixada Santista. At\u00e9 2029, a companhia prev\u00ea a constru\u00e7\u00e3o de 23 novos reservat\u00f3rios na regi\u00e3o, com acr\u00e9scimo total de mais 130 milh\u00f5es de litros de capacidade.<\/p>\n<p class=\"wp-block-paragraph\"><a href=\"https:\/\/www.agenciasp.sp.gov.br\/baixada-santista-vai-receber-tres-vezes-mais-investimentos-ate-2029-em-obras-estruturantes\/\" rel=\"noopener\">No mesmo per\u00edodo, est\u00e3o previstos R$ 8 bilh\u00f5es em melhorias no fornecimento de \u00e1gua e na coleta e tratamento de esgoto na Baixada Santista<\/a>. As obras fazem parte do pacote de investimentos acelerado ap\u00f3s a desestatiza\u00e7\u00e3o da companhia, realizada pelo Governo de S\u00e3o Paulo em 2024.<\/p>\n<p class=\"wp-block-paragraph\">Com o novo centro, o sistema Mambu-Branco passa a ter mais capacidade para responder \u00e0 varia\u00e7\u00e3o de demanda e refor\u00e7ar o abastecimento em uma regi\u00e3o marcada por grande aumento populacional em per\u00edodos de alta temporada. A amplia\u00e7\u00e3o da reserva\u00e7\u00e3o \u00e9 uma das formas de reduzir riscos operacionais e garantir mais previsibilidade no fornecimento de \u00e1gua \u00e0 popula\u00e7\u00e3o.<\/p>\n<\/p><\/div>\n<p><br \/>\n<br \/><a href=\"https:\/\/www.agenciasp.sp.gov.br\/novo-reservatorio-mambu-branco-agua-baixada-santista\/\" rel=\"noopener\">Informa\u00e7\u00f5es GOV.SP<\/a><\/p>\n","protected":false},"excerpt":{"rendered":"<p>O Governo de S\u00e3o Paulo entregou durante a Caravana 3D, na quinta-feira (18), dois novos reservat\u00f3rios de \u00e1gua tratada em Itanha\u00e9m, com investimento de R$ 84,6 milh\u00f5es da Sabesp que amplia a seguran\u00e7a h\u00eddrica da regi\u00e3o. As estruturas s\u00e3o os primeiros do sistema Mambu-Branco \u2014 com capacidade para armazenar 20 milh\u00f5es de litros, parte de [&hellip;]<\/p>\n","protected":false},"author":1,"featured_media":69574,"comment_status":"","ping_status":"open","sticky":false,"template":"","format":"standard","meta":{"_jetpack_newsletter_access":"","_jetpack_dont_email_post_to_subs":false,"_jetpack_newsletter_tier_id":0,"_jetpack_memberships_contains_paywalled_content":false,"_mbp_banners":[],"_jetpack_feature_clip_id":0,"_jetpack_memberships_contains_paid_content":false,"footnotes":"","jetpack_publicize_message":"","jetpack_publicize_feature_enabled":true,"jetpack_social_post_already_shared":true,"jetpack_social_options":{"image_generator_settings":{"template":"highway","default_image_id":0,"font":"","enabled":false},"version":2},"jetpack_post_was_ever_published":false},"categories":[21],"tags":[],"class_list":["post-69573","post","type-post","status-publish","format-standard","has-post-thumbnail","category-sp-news"],"jetpack_publicize_connections":[],"jetpack-related-posts":[],"jetpack_shortlink":"https:\/\/wp.me\/p7Eq1F-i69","jetpack_sharing_enabled":true,"jetpack_featured_media_url":"https:\/\/i0.wp.com\/guialimeira.com.br\/news\/wp-content\/uploads\/2026\/06\/Como-novo-reservatorio-Mambu-Branco-aumenta-abastecimento-de-agua-na-Baixada.jpg?fit=1024%2C683&ssl=1","_links":{"self":[{"href":"https:\/\/guialimeira.com.br\/news\/wp-json\/wp\/v2\/posts\/69573","targetHints":{"allow":["GET"]}}],"collection":[{"href":"https:\/\/guialimeira.com.br\/news\/wp-json\/wp\/v2\/posts"}],"about":[{"href":"https:\/\/guialimeira.com.br\/news\/wp-json\/wp\/v2\/types\/post"}],"author":[{"embeddable":true,"href":"https:\/\/guialimeira.com.br\/news\/wp-json\/wp\/v2\/users\/1"}],"replies":[{"embeddable":true,"href":"https:\/\/guialimeira.com.br\/news\/wp-json\/wp\/v2\/comments?post=69573"}],"version-history":[{"count":0,"href":"https:\/\/guialimeira.com.br\/news\/wp-json\/wp\/v2\/posts\/69573\/revisions"}],"wp:featuredmedia":[{"embeddable":true,"href":"https:\/\/guialimeira.com.br\/news\/wp-json\/wp\/v2\/media\/69574"}],"wp:attachment":[{"href":"https:\/\/guialimeira.com.br\/news\/wp-json\/wp\/v2\/media?parent=69573"}],"wp:term":[{"taxonomy":"category","embeddable":true,"href":"https:\/\/guialimeira.com.br\/news\/wp-json\/wp\/v2\/categories?post=69573"},{"taxonomy":"post_tag","embeddable":true,"href":"https:\/\/guialimeira.com.br\/news\/wp-json\/wp\/v2\/tags?post=69573"}],"curies":[{"name":"wp","href":"https:\/\/api.w.org\/{rel}","templated":true}]}}