{"id":69563,"date":"2026-06-19T02:57:22","date_gmt":"2026-06-19T05:57:22","guid":{"rendered":"https:\/\/guialimeira.com.br\/estudantes-da-famema-terao-bolsa-para-atuar-em-atividades-de-monitoria\/"},"modified":"2026-06-19T02:57:22","modified_gmt":"2026-06-19T05:57:22","slug":"estudantes-da-famema-terao-bolsa-para-atuar-em-atividades-de-monitoria","status":"publish","type":"post","link":"https:\/\/guialimeira.com.br\/news\/estudantes-da-famema-terao-bolsa-para-atuar-em-atividades-de-monitoria\/","title":{"rendered":"Estudantes da Famema ter\u00e3o bolsa para atuar em atividades de monitoria"},"content":{"rendered":"<p> <br \/>\n<br \/><img data-recalc-dims=\"1\" decoding=\"async\" src=\"https:\/\/i0.wp.com\/www.agenciasp.sp.gov.br\/wp-content\/uploads\/2026\/06\/WhatsApp-Image-2026-06-18-at-15.31.16.jpeg?w=696&#038;ssl=1\" \/><\/p>\n<div>\n<p class=\"wp-block-paragraph\">O Governo do Estado de S\u00e3o Paulo sancionou a Lei n\u00ba 18.494\/2026, que cria o Programa Bolsa Monitoria, voltado aos estudantes de gradua\u00e7\u00e3o da Faculdade de Medicina de Mar\u00edlia (Famema), institui\u00e7\u00e3o vinculada \u00e0 Secretaria de Ci\u00eancia, Tecnologia e Inova\u00e7\u00e3o do Estado de S\u00e3o Paulo (SCTI).<\/p>\n<p class=\"wp-block-paragraph\">\u201cCom este novo programa, buscamos ampliar as experi\u00eancias formativas dos estudantes, abrindo caminhos que possam lev\u00e1-los n\u00e3o apenas ao exerc\u00edcio de suas profiss\u00f5es, mas tamb\u00e9m \u00e0 atua\u00e7\u00e3o na pesquisa e na carreira docente\u201d, afirma o secret\u00e1rio Vahan Agopyan.<\/p>\n<p class=\"wp-block-paragraph\">O programa prev\u00ea a concess\u00e3o de aux\u00edlio financeiro aos estudantes selecionados para atuar como monitores em diferentes \u00e1reas acad\u00eamicas da institui\u00e7\u00e3o. Entre as atribui\u00e7\u00f5es est\u00e3o auxiliar os docentes na prepara\u00e7\u00e3o e execu\u00e7\u00e3o de atividades de ensino, pesquisa e extens\u00e3o, colaborar no esclarecimento de d\u00favidas de estudantes dos cursos de gradua\u00e7\u00e3o e apoiar outras atividades acad\u00eamicas vinculadas ao programa de monitoria.<\/p>\n<p class=\"wp-block-paragraph\">\u201cH\u00e1 uma d\u00e9cada, buscamos esse importante benef\u00edcio para os nossos estudantes. Essa concess\u00e3o s\u00f3 foi poss\u00edvel pela uni\u00e3o de for\u00e7as da Famema junto ao Governo do Estado, que comprovadamente vem mostrando sua import\u00e2ncia mediante a obten\u00e7\u00e3o de nota m\u00e1xima no Enamed 2025, se colocando como a quarta melhor Faculdade de Medicina do Estado e sexta melhor do pa\u00eds, feito conquistado pelos nossos estudantes se estendendo para a pr\u00f3pria comunidade Famema\u201d, enfatiza o diretor geral da faculdade, Spencer Luiz Marques Pay\u00e3o.<\/p>\n<p class=\"wp-block-paragraph\">Para permanecer no programa, os estudantes dever\u00e3o manter frequ\u00eancia m\u00ednima mensal de 90% nas atividades desenvolvidas. A bolsa ter\u00e1 dura\u00e7\u00e3o de um ano letivo, sem possibilidade de prorroga\u00e7\u00e3o, e seu valor ser\u00e1 definido por decreto, podendo alcan\u00e7ar o mesmo patamar das bolsas de inicia\u00e7\u00e3o cient\u00edfica concedidas pela Funda\u00e7\u00e3o de Amparo \u00e0 Pesquisa do Estado de S\u00e3o Paulo (Fapesp).<\/p>\n<\/p><\/div>\n<p><br \/>\n<br \/><a href=\"https:\/\/www.agenciasp.sp.gov.br\/estudantes-da-famema-terao-bolsa-para-atuar-em-atividades-de-monitoria\/\" rel=\"noopener\">Informa\u00e7\u00f5es GOV.SP<\/a><\/p>\n","protected":false},"excerpt":{"rendered":"<p>O Governo do Estado de S\u00e3o Paulo sancionou a Lei n\u00ba 18.494\/2026, que cria o Programa Bolsa Monitoria, voltado aos estudantes de gradua\u00e7\u00e3o da Faculdade de Medicina de Mar\u00edlia (Famema), institui\u00e7\u00e3o vinculada \u00e0 Secretaria de Ci\u00eancia, Tecnologia e Inova\u00e7\u00e3o do Estado de S\u00e3o Paulo (SCTI). \u201cCom este novo programa, buscamos ampliar as experi\u00eancias formativas dos [&hellip;]<\/p>\n","protected":false},"author":1,"featured_media":69564,"comment_status":"","ping_status":"open","sticky":false,"template":"","format":"standard","meta":{"_jetpack_newsletter_access":"","_jetpack_dont_email_post_to_subs":false,"_jetpack_newsletter_tier_id":0,"_jetpack_memberships_contains_paywalled_content":false,"_mbp_banners":[],"_jetpack_feature_clip_id":0,"_jetpack_memberships_contains_paid_content":false,"footnotes":"","jetpack_publicize_message":"","jetpack_publicize_feature_enabled":true,"jetpack_social_post_already_shared":true,"jetpack_social_options":{"image_generator_settings":{"template":"highway","default_image_id":0,"font":"","enabled":false},"version":2},"jetpack_post_was_ever_published":false},"categories":[21],"tags":[],"class_list":["post-69563","post","type-post","status-publish","format-standard","has-post-thumbnail","category-sp-news"],"jetpack_publicize_connections":[],"jetpack-related-posts":[],"jetpack_shortlink":"https:\/\/wp.me\/p7Eq1F-i5Z","jetpack_sharing_enabled":true,"jetpack_featured_media_url":"https:\/\/i0.wp.com\/guialimeira.com.br\/news\/wp-content\/uploads\/2026\/06\/Estudantes-da-Famema-terao-bolsa-para-atuar-em-atividades-de.jpeg?fit=1600%2C932&ssl=1","_links":{"self":[{"href":"https:\/\/guialimeira.com.br\/news\/wp-json\/wp\/v2\/posts\/69563","targetHints":{"allow":["GET"]}}],"collection":[{"href":"https:\/\/guialimeira.com.br\/news\/wp-json\/wp\/v2\/posts"}],"about":[{"href":"https:\/\/guialimeira.com.br\/news\/wp-json\/wp\/v2\/types\/post"}],"author":[{"embeddable":true,"href":"https:\/\/guialimeira.com.br\/news\/wp-json\/wp\/v2\/users\/1"}],"replies":[{"embeddable":true,"href":"https:\/\/guialimeira.com.br\/news\/wp-json\/wp\/v2\/comments?post=69563"}],"version-history":[{"count":0,"href":"https:\/\/guialimeira.com.br\/news\/wp-json\/wp\/v2\/posts\/69563\/revisions"}],"wp:featuredmedia":[{"embeddable":true,"href":"https:\/\/guialimeira.com.br\/news\/wp-json\/wp\/v2\/media\/69564"}],"wp:attachment":[{"href":"https:\/\/guialimeira.com.br\/news\/wp-json\/wp\/v2\/media?parent=69563"}],"wp:term":[{"taxonomy":"category","embeddable":true,"href":"https:\/\/guialimeira.com.br\/news\/wp-json\/wp\/v2\/categories?post=69563"},{"taxonomy":"post_tag","embeddable":true,"href":"https:\/\/guialimeira.com.br\/news\/wp-json\/wp\/v2\/tags?post=69563"}],"curies":[{"name":"wp","href":"https:\/\/api.w.org\/{rel}","templated":true}]}}