{"id":6956,"date":"2024-05-29T19:04:03","date_gmt":"2024-05-29T22:04:03","guid":{"rendered":"https:\/\/guialimeira.com.br\/2024\/05\/29\/governador-assina-concessao-do-trem-intercidades-campinas-e-capital\/"},"modified":"2024-05-29T19:04:03","modified_gmt":"2024-05-29T22:04:03","slug":"governador-assina-concessao-do-trem-intercidades-campinas-e-capital","status":"publish","type":"post","link":"https:\/\/guialimeira.com.br\/news\/governador-assina-concessao-do-trem-intercidades-campinas-e-capital\/","title":{"rendered":"Governador assina concess\u00e3o do Trem Intercidades Campinas e capital"},"content":{"rendered":"<p> <br \/>\n<\/p>\n<div id=\"\">&#13;<\/p>\n<figure id=\"attachment_5893600\" style=\"width: 100%;max-width: 2048px\" class=\"wp-caption alignnone\"><img data-recalc-dims=\"1\" decoding=\"async\" loading=\"lazy\" class=\"wp-image-5893600 size-full\" src=\"https:\/\/i0.wp.com\/www.saopaulo.sp.gov.br\/wp-content\/uploads\/2024\/05\/53755345023_b3d61cc29b_k.jpg?resize=696%2C464&#038;ssl=1\" alt=\"\" width=\"696\" height=\"464\" srcset=\"https:\/\/www.saopaulo.sp.gov.br\/wp-content\/uploads\/2024\/05\/53755345023_b3d61cc29b_k.jpg 2048w, https:\/\/www.saopaulo.sp.gov.br\/wp-content\/uploads\/2024\/05\/53755345023_b3d61cc29b_k-300x200.jpg 300w, https:\/\/www.saopaulo.sp.gov.br\/wp-content\/uploads\/2024\/05\/53755345023_b3d61cc29b_k-1024x683.jpg 1024w, https:\/\/www.saopaulo.sp.gov.br\/wp-content\/uploads\/2024\/05\/53755345023_b3d61cc29b_k-768x512.jpg 768w, https:\/\/www.saopaulo.sp.gov.br\/wp-content\/uploads\/2024\/05\/53755345023_b3d61cc29b_k-1536x1024.jpg 1536w\" sizes=\"auto, (max-width: 2048px) 100vw, 2048px\"\/><figcaption class=\"wp-caption-text\">Governador Tarc\u00edsio de Freitas autorizou nesta quarta-feira (29), em Campinas, a assinatura do contrato de concess\u00e3o do Trem Intercidades (TIC) Eixo Norte, que vai ligar a maior metr\u00f3pole do interior paulista \u00e0 capital<\/figcaption><\/figure>\n<p>O governador Tarc\u00edsio de Freitas autorizou nesta quarta-feira (29), em Campinas, a assinatura do contrato de concess\u00e3o do Trem Intercidades (TIC) Eixo Norte, que vai ligar a maior metr\u00f3pole do interior paulista \u00e0 capital. <a href=\"https:\/\/www.saopaulo.sp.gov.br\/spnoticias\/ultimas-noticias\/consorcio-c2-mobilidade-sobre-trilhos-vence-leilao-do-trem-intercidades-eixo-norte\/\" target=\"_blank\" rel=\"noopener noreferrer\">Vencedor de leil\u00e3o na B3 em fevereiro<\/a> deste ano, o Cons\u00f3rcio C2 Mobilidade sobre Trilhos (TIC Trens) ser\u00e1 respons\u00e1vel pelo projeto or\u00e7ado em R$ 14,2 bilh\u00f5es.<\/p>\n<p>\u201cHoje \u00e9 dia de celebrar o legado do <a href=\"https:\/\/www.saopaulo.sp.gov.br\/spnoticias\/ultimas-noticias\/trem-intercidades-a-campinas-fara-em-64-minutos-viagem-de-3h-com-transporte-coletivo\/\" target=\"_blank\" rel=\"noopener noreferrer\">Trem Intercidades Campinas-S\u00e3o Paulo<\/a>, que \u00e9 um dos projetos mais importantes desta gest\u00e3o. A gente assina o contrato e inicia um per\u00edodo de transi\u00e7\u00e3o pr\u00e9-operacional com o come\u00e7o das obras em 2026, em 2029 vamos ter o servi\u00e7o intermetropolitano do trem parador funcionando. E depois, em 2031, vamos ter o trem expresso com uma s\u00f3 parada em Jundia\u00ed. Vamos encurtar o tempo de trajeto trazendo conforto, melhorando a mobilidade e diminuindo as emiss\u00f5es com todos os benef\u00edcios que podemos ter em um projeto dessa magnitude\u201d, afirmou Tarc\u00edsio.<\/p>\n<p>A cerim\u00f4nia reuniu secret\u00e1rios estaduais, deputados, prefeitos e vereadores, al\u00e9m de executivos brasileiros e chineses do cons\u00f3rcio que vai implementar, operar e manter os tr\u00eas servi\u00e7os da concess\u00e3o do TIC Eixo Norte ao longo de 30 anos. A estimativa \u00e9 de 672 mil passageiros transportados por dia quando o sistema estiver em plena capacidade.<\/p>\n<p>O TIC ser\u00e1 o servi\u00e7o expresso em 101 km de trilhos entre S\u00e3o Paulo e Campinas, com parada em Jundia\u00ed, o empreendimento engloba ainda a implanta\u00e7\u00e3o do Trem Intermetropolitano (TIM) entre Campinas e Jundia\u00ed e a concess\u00e3o da Linha 7-Rubi, atualmente operada pela Companhia Paulista de Trens Metropolitanos (CPTM) na liga\u00e7\u00e3o de Jundia\u00ed at\u00e9 a capital.<\/p>\n<p>O TIC Eixo Norte ir\u00e1 beneficiar cerca de 15 milh\u00f5es de pessoas em 11 munic\u00edpios e gerar mais de 10,5 mil empregos, entre diretos, indiretos e induzidos.<\/p>\n<figure id=\"attachment_5893605\" style=\"width: 100%;max-width: 2048px\" class=\"wp-caption alignnone\"><img data-recalc-dims=\"1\" decoding=\"async\" loading=\"lazy\" class=\"wp-image-5893605 size-full\" src=\"https:\/\/i0.wp.com\/www.saopaulo.sp.gov.br\/wp-content\/uploads\/2024\/05\/53755362573_4eab8cce08_k.jpg?resize=696%2C386&#038;ssl=1\" alt=\"\" width=\"696\" height=\"386\" srcset=\"https:\/\/www.saopaulo.sp.gov.br\/wp-content\/uploads\/2024\/05\/53755362573_4eab8cce08_k.jpg 2048w, https:\/\/www.saopaulo.sp.gov.br\/wp-content\/uploads\/2024\/05\/53755362573_4eab8cce08_k-300x167.jpg 300w, https:\/\/www.saopaulo.sp.gov.br\/wp-content\/uploads\/2024\/05\/53755362573_4eab8cce08_k-1024x569.jpg 1024w, https:\/\/www.saopaulo.sp.gov.br\/wp-content\/uploads\/2024\/05\/53755362573_4eab8cce08_k-768x426.jpg 768w, https:\/\/www.saopaulo.sp.gov.br\/wp-content\/uploads\/2024\/05\/53755362573_4eab8cce08_k-1536x853.jpg 1536w\" sizes=\"auto, (max-width: 2048px) 100vw, 2048px\"\/><figcaption class=\"wp-caption-text\">Trem Intercidades (TIC) Eixo Norte Esta\u00e7\u00e3o de trem Campinas<\/figcaption><\/figure>\n<h3>Pr\u00f3ximos passos<\/h3>\n<p>A assinatura do contrato de concess\u00e3o d\u00e1 in\u00edcio \u00e0 fase preliminar do projeto, que acontece entre junho e novembro deste ano. Nessa etapa, a concession\u00e1ria vai apresentar os planos de financiamento, desapropria\u00e7\u00e3o, reassentamento e se prepara para o in\u00edcio da transi\u00e7\u00e3o operacional com quadros da CPTM.<\/p>\n<p>As a\u00e7\u00f5es pr\u00e9vias \u00e0s obras dos tr\u00eas servi\u00e7os do TIC Eixo Norte ser\u00e3o promovidas at\u00e9 junho de 2026. O in\u00edcio efetivo da constru\u00e7\u00e3o de todas as linhas do projeto deve ocorrer em at\u00e9 dois anos a partir da formaliza\u00e7\u00e3o do acordo de concess\u00e3o.<\/p>\n<p>As obras da Linha 7-Rubi e do TIM devem durar tr\u00eas anos, com conclus\u00e3o estimada em junho de 2029. J\u00e1 as obras do TIC devem durar cinco anos, ou seja, com in\u00edcio da opera\u00e7\u00e3o a partir do segundo semestre de 2032.<\/p>\n<p>Ao longo do ano que vem, o projeto prev\u00ea a opera\u00e7\u00e3o assistida da TIC Trens na Linha 7\u2013Rubi, com o apoio do pessoal da CPTM na transfer\u00eancia dos servi\u00e7os \u00e0 concession\u00e1ria. A opera\u00e7\u00e3o comercial na Linha 7-Rubi deve come\u00e7ar em 2026, quando tamb\u00e9m entrar\u00e1 em vigor o prazo efetivo de 30 anos da concess\u00e3o.<\/p>\n<p>Para o TIM, a estimativa \u00e9 que os testes de opera\u00e7\u00e3o comecem no \u00faltimo trimestre de 2029, com in\u00edcio da opera\u00e7\u00e3o comercial a partir de 2030. No TIC, com prazo mais longo, a fase de testes est\u00e1 prevista para o final de 2031, e a opera\u00e7\u00e3o comercial a partir do ano seguinte.<\/p>\n<figure id=\"attachment_5893627\" style=\"width: 100%;max-width: 2048px\" class=\"wp-caption alignnone\"><img data-recalc-dims=\"1\" decoding=\"async\" loading=\"lazy\" class=\"wp-image-5893627 size-full\" src=\"https:\/\/i0.wp.com\/www.saopaulo.sp.gov.br\/wp-content\/uploads\/2024\/05\/53755167051_dedab0317d_k.jpg?resize=696%2C464&#038;ssl=1\" alt=\"\" width=\"696\" height=\"464\" srcset=\"https:\/\/www.saopaulo.sp.gov.br\/wp-content\/uploads\/2024\/05\/53755167051_dedab0317d_k.jpg 2048w, https:\/\/www.saopaulo.sp.gov.br\/wp-content\/uploads\/2024\/05\/53755167051_dedab0317d_k-300x200.jpg 300w, https:\/\/www.saopaulo.sp.gov.br\/wp-content\/uploads\/2024\/05\/53755167051_dedab0317d_k-1024x683.jpg 1024w, https:\/\/www.saopaulo.sp.gov.br\/wp-content\/uploads\/2024\/05\/53755167051_dedab0317d_k-768x512.jpg 768w, https:\/\/www.saopaulo.sp.gov.br\/wp-content\/uploads\/2024\/05\/53755167051_dedab0317d_k-1536x1024.jpg 1536w\" sizes=\"auto, (max-width: 2048px) 100vw, 2048px\"\/><figcaption class=\"wp-caption-text\">Trem Intercidades (TIC) Eixo Norte Esta\u00e7\u00e3o de trem Campinas<\/figcaption><\/figure>\n<h3>Como vai funcionar<\/h3>\n<p>O empreendimento vai ampliar e modernizar a mobilidade entre as regi\u00f5es metropolitanas de S\u00e3o Paulo, Jundia\u00ed e Campinas. O trem que vai ligar a capital a Campinas ser\u00e1 o mais r\u00e1pido do Brasil, com velocidade de at\u00e9 140 km\/h. A viagem ter\u00e1 dura\u00e7\u00e3o de 64 minutos, com 15 trens no servi\u00e7o expresso e tarifa no valor m\u00e9dio de R$ 50.<\/p>\n<p>J\u00e1 o TIM ir\u00e1 operar com sete trens em um percurso de 44 km, com previs\u00e3o de deslocamento de 33 minutos. O servi\u00e7o parador ter\u00e1 esta\u00e7\u00f5es nas cidades de Jundia\u00ed, Louveira, Vinhedo, Valinhos e Campinas, com velocidade m\u00e9dia de 80 km\/h e capacidade para transportar 2.048 passageiros. O valor m\u00e9dio da tarifa ser\u00e1 de R$ 14,05.<\/p>\n<p>J\u00e1 a Linha 7-Rubi vai operar entre as esta\u00e7\u00f5es Barra Funda, na capital, e Jundia\u00ed. O valor cobrado por passageiro seguir\u00e1 a tarifa p\u00fablica, atualmente de R$ 5. O trecho de 57 quil\u00f4metros conta com 17 esta\u00e7\u00f5es e capacidade para receber 400 mil pessoas por dia. O contrato prev\u00ea a transfer\u00eancia de 30 trens da CPTM que fazem o trajeto para o novo concession\u00e1rio.<\/p>\n<p><strong>Fotos:<\/strong><br \/>https:\/\/www.flickr.com\/photos\/governosp\/albums\/72177720317406541\/with\/53755393708<\/p>\n<p><strong>\u00c1udios:<\/strong><br \/>Discurso do governador \u2013<br \/><iframe loading=\"lazy\" title=\"Discurso: Gov. Tarc\u00edsio de Freitas - TIC Eixo Norte e Linha 7- Rubi - 29.05.24 by Governo do Estado de S\u00e3o Paulo\" width=\"587\" height=\"330\" scrolling=\"no\" frameborder=\"no\" src=\"https:\/\/w.soundcloud.com\/player\/?visual=true&amp;url=https%3A%2F%2Fapi.soundcloud.com%2Ftracks%2F1833026343&amp;show_artwork=true&amp;maxheight=330&amp;maxwidth=587\"><\/iframe><\/p>\n<p>Entrevista coletiva \u2013<br \/><iframe loading=\"lazy\" title=\"Coletiva: Gov. Tarc\u00edsio de Freitas - TIC Eixo Norte e Linha 7- Rubi - 29.05.24 by Governo do Estado de S\u00e3o Paulo\" width=\"587\" height=\"330\" scrolling=\"no\" frameborder=\"no\" src=\"https:\/\/w.soundcloud.com\/player\/?visual=true&amp;url=https%3A%2F%2Fapi.soundcloud.com%2Ftracks%2F1833025824&amp;show_artwork=true&amp;maxheight=330&amp;maxwidth=587\"><\/iframe><\/p>\n<p><strong>V\u00eddeo:<\/strong><\/p>\n<p class=\"text-center\"><span class=\"embed-youtube\" style=\"text-align:center; display: block;\"><iframe loading=\"lazy\" class=\"youtube-player\" width=\"696\" height=\"392\" src=\"https:\/\/www.youtube.com\/embed\/D4a4K8ojddE?version=3&#038;rel=1&#038;showsearch=0&#038;showinfo=1&#038;iv_load_policy=1&#038;fs=1&#038;hl=pt-BR&#038;autohide=2&#038;wmode=transparent\" allowfullscreen=\"true\" style=\"border:0;\" sandbox=\"allow-scripts allow-same-origin allow-popups allow-presentation allow-popups-to-escape-sandbox\"><\/iframe><\/span><\/p>\n<\/p><\/div>\n<p><br \/>\n<br \/><a href=\"https:\/\/www.saopaulo.sp.gov.br\/spnoticias\/ultimas-noticias\/governo-de-sp-assina-concessao-do-trem-intercidades-que-vai-ligar-campinas-a-capital-2\/\" rel=\"noopener\">Informa\u00e7\u00f5es GOV.SP<\/a><\/p>\n","protected":false},"excerpt":{"rendered":"<p>&#13; Governador Tarc\u00edsio de Freitas autorizou nesta quarta-feira (29), em Campinas, a assinatura do contrato de concess\u00e3o do Trem Intercidades (TIC) Eixo Norte, que vai ligar a maior metr\u00f3pole do interior paulista \u00e0 capital O governador Tarc\u00edsio de Freitas autorizou nesta quarta-feira (29), em Campinas, a assinatura do contrato de concess\u00e3o do Trem Intercidades (TIC) [&hellip;]<\/p>\n","protected":false},"author":1,"featured_media":6957,"comment_status":"open","ping_status":"open","sticky":false,"template":"","format":"standard","meta":{"_jetpack_newsletter_access":"","_jetpack_dont_email_post_to_subs":false,"_jetpack_newsletter_tier_id":0,"_jetpack_memberships_contains_paywalled_content":false,"_mbp_banners":[],"_jetpack_feature_clip_id":0,"_jetpack_memberships_contains_paid_content":false,"footnotes":"","jetpack_publicize_message":"","jetpack_publicize_feature_enabled":true,"jetpack_social_post_already_shared":true,"jetpack_social_options":{"image_generator_settings":{"template":"highway","default_image_id":0,"font":"","enabled":false},"version":2},"jetpack_post_was_ever_published":false},"categories":[21],"tags":[],"class_list":["post-6956","post","type-post","status-publish","format-standard","has-post-thumbnail","category-sp-news"],"jetpack_publicize_connections":[],"jetpack-related-posts":[],"jetpack_shortlink":"https:\/\/wp.me\/p7Eq1F-1Oc","jetpack_sharing_enabled":true,"jetpack_featured_media_url":"https:\/\/i0.wp.com\/guialimeira.com.br\/news\/wp-content\/uploads\/2024\/05\/Governador-assina-concessao-do-Trem-Intercidades-Campinas-e-capital.jpg?fit=2048%2C1365&ssl=1","_links":{"self":[{"href":"https:\/\/guialimeira.com.br\/news\/wp-json\/wp\/v2\/posts\/6956","targetHints":{"allow":["GET"]}}],"collection":[{"href":"https:\/\/guialimeira.com.br\/news\/wp-json\/wp\/v2\/posts"}],"about":[{"href":"https:\/\/guialimeira.com.br\/news\/wp-json\/wp\/v2\/types\/post"}],"author":[{"embeddable":true,"href":"https:\/\/guialimeira.com.br\/news\/wp-json\/wp\/v2\/users\/1"}],"replies":[{"embeddable":true,"href":"https:\/\/guialimeira.com.br\/news\/wp-json\/wp\/v2\/comments?post=6956"}],"version-history":[{"count":0,"href":"https:\/\/guialimeira.com.br\/news\/wp-json\/wp\/v2\/posts\/6956\/revisions"}],"wp:featuredmedia":[{"embeddable":true,"href":"https:\/\/guialimeira.com.br\/news\/wp-json\/wp\/v2\/media\/6957"}],"wp:attachment":[{"href":"https:\/\/guialimeira.com.br\/news\/wp-json\/wp\/v2\/media?parent=6956"}],"wp:term":[{"taxonomy":"category","embeddable":true,"href":"https:\/\/guialimeira.com.br\/news\/wp-json\/wp\/v2\/categories?post=6956"},{"taxonomy":"post_tag","embeddable":true,"href":"https:\/\/guialimeira.com.br\/news\/wp-json\/wp\/v2\/tags?post=6956"}],"curies":[{"name":"wp","href":"https:\/\/api.w.org\/{rel}","templated":true}]}}