{"id":69558,"date":"2026-06-19T01:56:10","date_gmt":"2026-06-19T04:56:10","guid":{"rendered":"https:\/\/guialimeira.com.br\/caminho-da-capacitacao-chega-a-capital-paulista-com-cursos-gratuitos-na-zona-leste\/"},"modified":"2026-06-19T01:56:10","modified_gmt":"2026-06-19T04:56:10","slug":"caminho-da-capacitacao-chega-a-capital-paulista-com-cursos-gratuitos-na-zona-leste","status":"publish","type":"post","link":"https:\/\/guialimeira.com.br\/news\/caminho-da-capacitacao-chega-a-capital-paulista-com-cursos-gratuitos-na-zona-leste\/","title":{"rendered":"Caminho da Capacita\u00e7\u00e3o chega \u00e0 capital paulista com cursos gratuitos na Zona Leste"},"content":{"rendered":"<p> <br \/>\n<br \/><img data-recalc-dims=\"1\" decoding=\"async\" src=\"https:\/\/i0.wp.com\/www.agenciasp.sp.gov.br\/wp-content\/uploads\/2026\/06\/WhatsApp-Image-2026-06-18-at-17.28.45.jpeg?w=696&#038;ssl=1\" \/><\/p>\n<div>\n<p class=\"wp-block-paragraph\">Est\u00e3o abertas as inscri\u00e7\u00f5es para os cursos gratuitos de qualifica\u00e7\u00e3o profissional do programa Caminho da Capacita\u00e7\u00e3o, do Fundo Social de S\u00e3o Paulo, que chega pela primeira vez ao munic\u00edpio de S\u00e3o Paulo. A iniciativa oferece vagas em \u00e1reas com alta demanda no mercado de trabalho e ter\u00e1 aulas realizadas em carretas m\u00f3veis instaladas em 18 Centros Educacionais Unificados (CEUs) da Zona Leste, entre os dias 22 de junho e 2 de julho.<\/p>\n<p class=\"wp-block-paragraph\">Embora a Regi\u00e3o Metropolitana de S\u00e3o Paulo j\u00e1 estivesse entre os territ\u00f3rios atendidos pelo programa, esta \u00e9 a primeira vez que as forma\u00e7\u00f5es s\u00e3o realizadas dentro dos limites da capital paulista. A a\u00e7\u00e3o \u00e9 desenvolvida em parceria com a Prefeitura de S\u00e3o Paulo, respons\u00e1vel pela gest\u00e3o dos CEUs, equipamentos p\u00fablicos que oferecem atividades educacionais, culturais e esportivas para a popula\u00e7\u00e3o.<\/p>\n<p class=\"wp-block-paragraph\"><strong>LEIA TAMB\u00c9M:<\/strong> <a href=\"https:\/\/www.agenciasp.sp.gov.br\/campanha-do-agasalho-2026-arrecada-doacoes-em-unidades-da-usp-na-capital\/\" rel=\"noopener\">Campanha do Agasalho 2026 arrecada doa\u00e7\u00f5es em unidades da USP na capital<\/a><\/p>\n<p class=\"wp-block-paragraph\">Nesta etapa, os cursos contemplam \u00e1reas como beleza e est\u00e9tica, imagem pessoal, costura criativa, confec\u00e7\u00e3o industrial, soldagem, manuten\u00e7\u00e3o de motos, cuidados com idosos, hospitalidade, cuidados com pets e panifica\u00e7\u00e3o. As aulas ser\u00e3o realizadas nos CEUs \u00c1gua Azul, In\u00e1cio Monteiro, Barro Branco, Jambeiro, Aricanduva, Azul da Cor do Mar, Jos\u00e9 Bonif\u00e1cio\/S\u00e3o Pedro, Rei Pel\u00e9, Parque Veredas, Tr\u00eas Pontes, Vila Curu\u00e7\u00e1, Arthur Alvim, Quinta do Sol, Padre Tic\u00e3o, Alto Alegre, Papa Francisco, Rosa da China e S\u00e3o Mateus.<\/p>\n<h3 class=\"wp-block-heading\"><strong>Inscri\u00e7\u00f5es<\/strong><\/h3>\n<p class=\"wp-block-paragraph\">As inscri\u00e7\u00f5es s\u00e3o gratuitas e podem ser realizadas pelo site <a href=\"https:\/\/www,cursofussp.sp.gov.br\" target=\"_blank\" rel=\"noopener\">cursofussp.sp.gov.br<\/a>. As vagas permanecem abertas at\u00e9 o preenchimento das turmas ou at\u00e9 o segundo dia de aula em cada unidade.<\/p>\n<p class=\"wp-block-paragraph\">Podem se inscrever pessoas em situa\u00e7\u00e3o de vulnerabilidade social inscritas no Cadastro \u00danico (Cad\u00danico), desempregados e mulheres respons\u00e1veis pelo sustento da fam\u00edlia. Conforme o curso escolhido, tamb\u00e9m h\u00e1 oportunidades para adolescentes a partir de 14 ou 16 anos.<\/p>\n<p class=\"wp-block-paragraph\">Ao conclu\u00edrem a forma\u00e7\u00e3o, os participantes recebem certificado oficial em cerim\u00f4nia de formatura.<\/p>\n<h3 class=\"wp-block-heading\"><strong>Sobre o programa<\/strong><\/h3>\n<p class=\"wp-block-paragraph\">O Caminho da Capacita\u00e7\u00e3o \u00e9 uma iniciativa do Fundo Social de S\u00e3o Paulo integrada ao SuperA\u00e7\u00e3o SP, programa do Governo do Estado voltado \u00e0 supera\u00e7\u00e3o da pobreza por meio da qualifica\u00e7\u00e3o profissional e da gera\u00e7\u00e3o de renda.<\/p>\n<p class=\"wp-block-paragraph\">O programa j\u00e1 percorreu as 16 regi\u00f5es administrativas do Estado, levando cursos gratuitos a 299 munic\u00edpios e formando 15,2 mil alunos.<\/p>\n<p class=\"wp-block-paragraph\">Mais informa\u00e7\u00f5es sobre cursos, cronograma e locais de atendimento est\u00e3o dispon\u00edveis em <a href=\"http:\/\/caminhodacapacitacao.sp.gov.br\" target=\"_blank\" rel=\"noopener\">http:\/\/caminhodacapacitacao.sp.gov.br<\/a>.<\/p>\n<\/p><\/div>\n<p><br \/>\n<br \/><a href=\"https:\/\/www.agenciasp.sp.gov.br\/caminho-da-capacitacao-chega-a-capital-paulista-com-cursos-gratuitos-na-zona-leste\/\" rel=\"noopener\">Informa\u00e7\u00f5es GOV.SP<\/a><\/p>\n","protected":false},"excerpt":{"rendered":"<p>Est\u00e3o abertas as inscri\u00e7\u00f5es para os cursos gratuitos de qualifica\u00e7\u00e3o profissional do programa Caminho da Capacita\u00e7\u00e3o, do Fundo Social de S\u00e3o Paulo, que chega pela primeira vez ao munic\u00edpio de S\u00e3o Paulo. A iniciativa oferece vagas em \u00e1reas com alta demanda no mercado de trabalho e ter\u00e1 aulas realizadas em carretas m\u00f3veis instaladas em 18 [&hellip;]<\/p>\n","protected":false},"author":1,"featured_media":69559,"comment_status":"","ping_status":"open","sticky":false,"template":"","format":"standard","meta":{"_jetpack_newsletter_access":"","_jetpack_dont_email_post_to_subs":false,"_jetpack_newsletter_tier_id":0,"_jetpack_memberships_contains_paywalled_content":false,"_mbp_banners":[],"_jetpack_feature_clip_id":0,"_jetpack_memberships_contains_paid_content":false,"footnotes":"","jetpack_publicize_message":"","jetpack_publicize_feature_enabled":true,"jetpack_social_post_already_shared":true,"jetpack_social_options":{"image_generator_settings":{"template":"highway","default_image_id":0,"font":"","enabled":false},"version":2},"jetpack_post_was_ever_published":false},"categories":[21],"tags":[],"class_list":["post-69558","post","type-post","status-publish","format-standard","has-post-thumbnail","category-sp-news"],"jetpack_publicize_connections":[],"jetpack-related-posts":[],"jetpack_shortlink":"https:\/\/wp.me\/p7Eq1F-i5U","jetpack_sharing_enabled":true,"jetpack_featured_media_url":"https:\/\/i0.wp.com\/guialimeira.com.br\/news\/wp-content\/uploads\/2026\/06\/Caminho-da-Capacitacao-chega-a-capital-paulista-com-cursos-gratuitos.jpeg?fit=1600%2C1066&ssl=1","_links":{"self":[{"href":"https:\/\/guialimeira.com.br\/news\/wp-json\/wp\/v2\/posts\/69558","targetHints":{"allow":["GET"]}}],"collection":[{"href":"https:\/\/guialimeira.com.br\/news\/wp-json\/wp\/v2\/posts"}],"about":[{"href":"https:\/\/guialimeira.com.br\/news\/wp-json\/wp\/v2\/types\/post"}],"author":[{"embeddable":true,"href":"https:\/\/guialimeira.com.br\/news\/wp-json\/wp\/v2\/users\/1"}],"replies":[{"embeddable":true,"href":"https:\/\/guialimeira.com.br\/news\/wp-json\/wp\/v2\/comments?post=69558"}],"version-history":[{"count":0,"href":"https:\/\/guialimeira.com.br\/news\/wp-json\/wp\/v2\/posts\/69558\/revisions"}],"wp:featuredmedia":[{"embeddable":true,"href":"https:\/\/guialimeira.com.br\/news\/wp-json\/wp\/v2\/media\/69559"}],"wp:attachment":[{"href":"https:\/\/guialimeira.com.br\/news\/wp-json\/wp\/v2\/media?parent=69558"}],"wp:term":[{"taxonomy":"category","embeddable":true,"href":"https:\/\/guialimeira.com.br\/news\/wp-json\/wp\/v2\/categories?post=69558"},{"taxonomy":"post_tag","embeddable":true,"href":"https:\/\/guialimeira.com.br\/news\/wp-json\/wp\/v2\/tags?post=69558"}],"curies":[{"name":"wp","href":"https:\/\/api.w.org\/{rel}","templated":true}]}}