{"id":69549,"date":"2026-06-18T23:53:23","date_gmt":"2026-06-19T02:53:23","guid":{"rendered":"https:\/\/guialimeira.com.br\/caravana-3d-governo-de-sp-anuncia-r-84-bi-para-a-baixada-santista-com-foco-em-infraestrutura-e-abastecimento-de-agua\/"},"modified":"2026-06-18T23:53:23","modified_gmt":"2026-06-19T02:53:23","slug":"caravana-3d-governo-de-sp-anuncia-r-84-bi-para-a-baixada-santista-com-foco-em-infraestrutura-e-abastecimento-de-agua","status":"publish","type":"post","link":"https:\/\/guialimeira.com.br\/news\/caravana-3d-governo-de-sp-anuncia-r-84-bi-para-a-baixada-santista-com-foco-em-infraestrutura-e-abastecimento-de-agua\/","title":{"rendered":"Caravana 3D: Governo de SP anuncia R$ 8,4 bi para a Baixada Santista, com foco em infraestrutura e abastecimento de \u00e1gua"},"content":{"rendered":"<p> <br \/>\n<\/p>\n<div>\n<p class=\"wp-block-paragraph\">O Governo de S\u00e3o Paulo anunciou mais de R$ 8,4 bilh\u00f5es em investimentos e an\u00fancios para a Baixada Santista na 17\u00aa edi\u00e7\u00e3o da Caravana 3D. O pacote re\u00fane obras estruturantes para amplia\u00e7\u00e3o do saneamento b\u00e1sico e do abastecimento de \u00e1gua, al\u00e9m de medidas para fortalecer sa\u00fade, educa\u00e7\u00e3o e seguran\u00e7a p\u00fablica na regi\u00e3o.<\/p>\n<p>As iniciativas foram apresentadas pelo governador Tarc\u00edsio de Freitas na noite desta quinta-feira (18), durante reuni\u00e3o com prefeitos e lideran\u00e7as regionais no Parque Balne\u00e1rio Hotel Santos by Castelo Itaipava, em Santos, ap\u00f3s uma s\u00e9rie de entregas realizadas tamb\u00e9m em Peru\u00edbe e Itanha\u00e9m.<\/p>\n<p class=\"wp-block-paragraph\">\u201cEstamos na 17\u00aa Caravana 3D, que \u00e9 uma oportunidade de estar perto dos prefeitos, ouvir as demandas da popula\u00e7\u00e3o e desenvolver o senso de urg\u00eancia que a gest\u00e3o p\u00fablica exige. Essa foi uma jornada muito simb\u00f3lica para a Baixada Santista. Come\u00e7amos entregando o Hospital Municipal de Peru\u00edbe, 37 anos depois do lan\u00e7amento da pedra fundamental, enfrentando um dos grandes desafios da regi\u00e3o, que era a amplia\u00e7\u00e3o da cobertura de sa\u00fade. Tamb\u00e9m avan\u00e7amos na seguran\u00e7a h\u00eddrica, com investimentos em abastecimento de \u00e1gua e saneamento, al\u00e9m de a\u00e7\u00f5es em educa\u00e7\u00e3o, seguran\u00e7a p\u00fablica e infraestrutura\u201d, afirmou o governador Tarc\u00edsio de Freitas.<strong\/><\/p>\n<p>A infraestrutura concentrou a maior parte dos recursos\u00a0 levados pela Caravana, totalizando R$ 8,2 bilh\u00f5es em iniciativas. O principal destaque foi o Plano de Universaliza\u00e7\u00e3o da Sabesp, que prev\u00ea R$ 8,1 bilh\u00f5es em obras entre 2026 e 2029 para ampliar o acesso aos servi\u00e7os de \u00e1gua e esgoto em Santos e regi\u00e3o.<\/p>\n<figure class=\"wp-block-embed is-type-video is-provider-youtube wp-block-embed-youtube wp-embed-aspect-4-3 wp-has-aspect-ratio\">\n<p>\n<span class=\"embed-youtube\" style=\"text-align:center; display: block;\"><iframe loading=\"lazy\" class=\"youtube-player\" width=\"696\" height=\"392\" src=\"https:\/\/www.youtube.com\/embed\/HzUH_rXQzTg?version=3&#038;rel=1&#038;showsearch=0&#038;showinfo=1&#038;iv_load_policy=1&#038;fs=1&#038;hl=pt-BR&#038;autohide=2&#038;wmode=transparent\" allowfullscreen=\"true\" style=\"border:0;\" sandbox=\"allow-scripts allow-same-origin allow-popups allow-presentation allow-popups-to-escape-sandbox\"><\/iframe><\/span>\n<\/p>\n<\/figure>\n<p class=\"wp-block-paragraph\">Os aportes previstos somam R$ 3,6 bilh\u00f5es em Guaruj\u00e1; R$ 1,041 bilh\u00e3o em Bertioga; R$ 958 milh\u00f5es em Itanha\u00e9m; R$ 729,9 milh\u00f5es em Praia Grande; R$ 624 milh\u00f5es em Peru\u00edbe; R$ 377 milh\u00f5es em Cubat\u00e3o; R$ 364 milh\u00f5es em Mongagu\u00e1; R$ 336,7 milh\u00f5es em Santos; e R$ 65 milh\u00f5es em S\u00e3o Vicente.<\/p>\n<figure class=\"wp-block-image size-full\"><img data-recalc-dims=\"1\" fetchpriority=\"high\" decoding=\"async\" width=\"696\" height=\"392\" src=\"https:\/\/i0.wp.com\/www.agenciasp.sp.gov.br\/wp-content\/uploads\/2026\/06\/55342256057_2c6be0d7e6_c.jpg?resize=696%2C392&#038;ssl=1\" alt=\"\" class=\"wp-image-153189 lazy\" srcset=\"https:\/\/www.agenciasp.sp.gov.br\/wp-content\/uploads\/2026\/06\/55342256057_2c6be0d7e6_c.jpg 800w, https:\/\/www.agenciasp.sp.gov.br\/wp-content\/uploads\/2026\/06\/55342256057_2c6be0d7e6_c-300x169.jpg 300w, https:\/\/www.agenciasp.sp.gov.br\/wp-content\/uploads\/2026\/06\/55342256057_2c6be0d7e6_c-768x432.jpg 768w, https:\/\/www.agenciasp.sp.gov.br\/wp-content\/uploads\/2026\/06\/55342256057_2c6be0d7e6_c-150x84.jpg 150w\" data-sizes=\"(max-width: 800px) 100vw, 800px\"\/><figcaption class=\"wp-element-caption\">Sistema Mambu-Branco, que beneficia cerca de 1,2 milh\u00e3o de moradores de Praia Grande, S\u00e3o Vicente e Peru\u00edbe. Foto: Governo do Estado de SP<\/figcaption><\/figure>\n<p class=\"wp-block-paragraph\">O Estado tamb\u00e9m formalizou oito conv\u00eanios para melhorias urbanas em munic\u00edpios da Baixada Santista, totalizando R$ 100,4 milh\u00f5es. Em Santos, os recursos ser\u00e3o destinados \u00e0 reforma de uma unidade de sa\u00fade (R$ 20 milh\u00f5es). J\u00e1 Bertioga, Cubat\u00e3o, Guaruj\u00e1, Itanha\u00e9m, Mongagu\u00e1 e Peru\u00edbe receber\u00e3o R$ 62,1 milh\u00f5es para obras de pavimenta\u00e7\u00e3o, recapeamento, drenagem, ilumina\u00e7\u00e3o p\u00fablica e constru\u00e7\u00e3o de rotat\u00f3rias. Em Praia Grande, o aporte de R$ 18,3 milh\u00f5es ser\u00e1 aplicado na revitaliza\u00e7\u00e3o de um parque p\u00fablico.<\/p>\n<p class=\"wp-block-paragraph\">Em agenda realizada na tarde desta quinta-feira (18), em Itanha\u00e9m, foram entregues os reservat\u00f3rios 1 e 4 do Sistema Mambu-Branco. As estruturas receberam R$ 84,6 milh\u00f5es e ampliam em 20 milh\u00f5es de litros a capacidade de armazenamento de \u00e1gua tratada da Baixada Santista, beneficiando cerca de 1,2 milh\u00e3o de moradores de Praia Grande, S\u00e3o Vicente e Peru\u00edbe.<\/p>\n<p class=\"wp-block-paragraph\">Os reservat\u00f3rios integram um projeto mais amplo, que prev\u00ea quatro estruturas e capacidade total de 40 milh\u00f5es de litros, fortalecendo o abastecimento de \u00e1gua na regi\u00e3o.<\/p>\n<h2 class=\"wp-block-heading\">Sa\u00fade<\/h2>\n<p class=\"wp-block-paragraph\">Na sa\u00fade, a Caravana reuniu R$ 206,3 milh\u00f5es para refor\u00e7o da rede assistencial da Baixada Santista. O destaque do pacote foi a inaugura\u00e7\u00e3o do Hospital Municipal Doutor Dalmar Americano da Costa, realizado na manh\u00e3 desta quarta, em Peru\u00edbe. Constru\u00edda com R$ 128 milh\u00f5es em recursos estaduais, a unidade atender\u00e1 tamb\u00e9m a popula\u00e7\u00e3o de, Itanha\u00e9m, Mongagu\u00e1, Itariri e Pedro de Toledo, beneficiando mais de 279 mil pessoas.<\/p>\n<p class=\"wp-block-paragraph\">Durante a reuni\u00e3o, o governador autorizou R$ 30 milh\u00f5es para fortalecimento da aten\u00e7\u00e3o b\u00e1sica em Guaruj\u00e1 e S\u00e3o Vicente, sendo R$ 15 milh\u00f5es para cada munic\u00edpio. Tamb\u00e9m foram entregues dez novos leitos de UTI Neurol\u00f3gica na Santa Casa de Santos, refer\u00eancia regional em atendimentos de alta complexidade e benefici\u00e1ria da Tabela SUS Paulista.<\/p>\n<figure class=\"wp-block-image size-large\"><img data-recalc-dims=\"1\" loading=\"lazy\" decoding=\"async\" width=\"696\" height=\"464\" src=\"https:\/\/i0.wp.com\/www.agenciasp.sp.gov.br\/wp-content\/uploads\/2026\/06\/Inauguracao-do-Hospital-Municipal-Doutor-Dalmar-Americano-da-Costa-Peruibe-3-1024x683.jpg?resize=696%2C464&#038;ssl=1\" alt=\"\" class=\"wp-image-153002 lazy\" srcset=\"https:\/\/www.agenciasp.sp.gov.br\/wp-content\/uploads\/2026\/06\/Inauguracao-do-Hospital-Municipal-Doutor-Dalmar-Americano-da-Costa-Peruibe-3-1024x683.jpg 1024w, https:\/\/www.agenciasp.sp.gov.br\/wp-content\/uploads\/2026\/06\/Inauguracao-do-Hospital-Municipal-Doutor-Dalmar-Americano-da-Costa-Peruibe-3-300x200.jpg 300w, https:\/\/www.agenciasp.sp.gov.br\/wp-content\/uploads\/2026\/06\/Inauguracao-do-Hospital-Municipal-Doutor-Dalmar-Americano-da-Costa-Peruibe-3-768x512.jpg 768w, https:\/\/www.agenciasp.sp.gov.br\/wp-content\/uploads\/2026\/06\/Inauguracao-do-Hospital-Municipal-Doutor-Dalmar-Americano-da-Costa-Peruibe-3-1536x1024.jpg 1536w, https:\/\/www.agenciasp.sp.gov.br\/wp-content\/uploads\/2026\/06\/Inauguracao-do-Hospital-Municipal-Doutor-Dalmar-Americano-da-Costa-Peruibe-3-2048x1365.jpg 2048w, https:\/\/www.agenciasp.sp.gov.br\/wp-content\/uploads\/2026\/06\/Inauguracao-do-Hospital-Municipal-Doutor-Dalmar-Americano-da-Costa-Peruibe-3-150x100.jpg 150w\" data-sizes=\"(max-width: 1024px) 100vw, 1024px\"\/><figcaption class=\"wp-element-caption\">Equipe do Hospital Municipal de Peru\u00edbe, entregue nesta quinta-feira. Foto: Governo do Estado de SP<\/figcaption><\/figure>\n<p class=\"wp-block-paragraph\">Na sexta-feira (19), o Governo de S\u00e3o Paulo anunciar\u00e1 repasse de R$ 15 milh\u00f5es para implanta\u00e7\u00e3o e estrutura\u00e7\u00e3o do primeiro Hospital Municipal de Guaruj\u00e1. Tamb\u00e9m est\u00e1 em tramita\u00e7\u00e3o conv\u00eanio para custeio anual da unidade no valor de R$ 33,3 milh\u00f5es.<\/p>\n<h2 class=\"wp-block-heading\">Educa\u00e7\u00e3o<\/h2>\n<p class=\"wp-block-paragraph\">Na \u00e1rea da educa\u00e7\u00e3o, os recursos anunciados durante a Caravana somaram R$ 24,8 milh\u00f5es, com autorizo de obras de reforma e amplia\u00e7\u00e3o em 12 unidades escolares localizadas em Bertioga, Cubat\u00e3o, Guaruj\u00e1, Mongagu\u00e1, Peru\u00edbe, Praia Grande, Santos e S\u00e3o Vicente. As interven\u00e7\u00f5es receber\u00e3o R$ 21,7 milh\u00f5es.<\/p>\n<p class=\"wp-block-paragraph\">Tamb\u00e9m foram liberados R$ 510 mil para servi\u00e7os complementares em duas escolas ind\u00edgenas em Itanha\u00e9m e Peru\u00edbe, al\u00e9m de R$ 806 mil para aquisi\u00e7\u00e3o de equipamentos de Tecnologia da Informa\u00e7\u00e3o e Comunica\u00e7\u00e3o para a rede estadual em Bertioga.<\/p>\n<p class=\"wp-block-paragraph\">A programa\u00e7\u00e3o marcou ainda o descerramento da placa inaugural da Escola Estadual Ind\u00edgena Aldeia Nhamandu Mirim, em Peru\u00edbe. A unidade recebeu R$ 1,8 milh\u00e3o e est\u00e1 em funcionamento desde fevereiro deste ano.<\/p>\n<h2 class=\"wp-block-heading\">Seguran\u00e7a p\u00fablica e transporte<\/h2>\n<p class=\"wp-block-paragraph\">A seguran\u00e7a p\u00fablica recebeu R$ 58,8 milh\u00f5es em recursos para refor\u00e7o operacional, moderniza\u00e7\u00e3o de estruturas e amplia\u00e7\u00e3o da capacidade de atendimento das for\u00e7as policiais.<\/p>\n<p class=\"wp-block-paragraph\">Um dos principais an\u00fancios foi a constru\u00e7\u00e3o da nova sede do 21\u00ba Batalh\u00e3o de Pol\u00edcia Militar do Interior, em Guaruj\u00e1, com investimento de R$ 30,9 milh\u00f5es. Tamb\u00e9m foi confirmada a constru\u00e7\u00e3o da nova sede da Companhia de For\u00e7a T\u00e1tica da unidade, que receber\u00e1 R$ 5,4 milh\u00f5es em recursos do Fundo Nacional de Seguran\u00e7a P\u00fablica.<\/p>\n<p class=\"wp-block-paragraph\">O Governo entregou ainda 31 novas viaturas para as Pol\u00edcias Militar e Civil da regi\u00e3o. Do total, 24 ve\u00edculos foram destinados \u00e0 Pol\u00edcia Militar e sete \u00e0 Pol\u00edcia Civil, em um aporte de R$ 6,4 milh\u00f5es. A Pol\u00edcia Militar da regi\u00e3o tamb\u00e9m recebeu 51 fuzis calibre 5.56x45mm \u00e0 Pol\u00edcia Militar, que somaram R$ 604,3 mil.<\/p>\n<p class=\"wp-block-paragraph\">No fim da tarde desta quinta-feira (18), em Santos, o Estado inaugurou o Pal\u00e1cio da Pol\u00edcia Civil, nova sede do Departamento de Pol\u00edcia Judici\u00e1ria do Interior (Deinter 6). A unidade recebeu R$ 15,5 milh\u00f5es para obras de reforma, amplia\u00e7\u00e3o e adequa\u00e7\u00e3o da estrutura.<\/p>\n<figure class=\"wp-block-image size-large\"><img data-recalc-dims=\"1\" loading=\"lazy\" decoding=\"async\" width=\"696\" height=\"464\" src=\"https:\/\/i0.wp.com\/www.agenciasp.sp.gov.br\/wp-content\/uploads\/2026\/06\/Caravana-3D-Inauguracao-da-Reforma-do-Palacio-da-Policia-DEINTER-6-2-1024x683.jpg?resize=696%2C464&#038;ssl=1\" alt=\"\" class=\"wp-image-153220 lazy\" srcset=\"https:\/\/www.agenciasp.sp.gov.br\/wp-content\/uploads\/2026\/06\/Caravana-3D-Inauguracao-da-Reforma-do-Palacio-da-Policia-DEINTER-6-2-1024x683.jpg 1024w, https:\/\/www.agenciasp.sp.gov.br\/wp-content\/uploads\/2026\/06\/Caravana-3D-Inauguracao-da-Reforma-do-Palacio-da-Policia-DEINTER-6-2-300x200.jpg 300w, https:\/\/www.agenciasp.sp.gov.br\/wp-content\/uploads\/2026\/06\/Caravana-3D-Inauguracao-da-Reforma-do-Palacio-da-Policia-DEINTER-6-2-768x512.jpg 768w, https:\/\/www.agenciasp.sp.gov.br\/wp-content\/uploads\/2026\/06\/Caravana-3D-Inauguracao-da-Reforma-do-Palacio-da-Policia-DEINTER-6-2-1536x1024.jpg 1536w, https:\/\/www.agenciasp.sp.gov.br\/wp-content\/uploads\/2026\/06\/Caravana-3D-Inauguracao-da-Reforma-do-Palacio-da-Policia-DEINTER-6-2-2048x1365.jpg 2048w, https:\/\/www.agenciasp.sp.gov.br\/wp-content\/uploads\/2026\/06\/Caravana-3D-Inauguracao-da-Reforma-do-Palacio-da-Policia-DEINTER-6-2-150x100.jpg 150w\" data-sizes=\"(max-width: 1024px) 100vw, 1024px\"\/><figcaption class=\"wp-element-caption\">Entrega de viaturas contempla Pol\u00edcias Militar e Civil da regi\u00e3o de Santos. Foto: Governo do Estado de SP<\/figcaption><\/figure>\n<p class=\"wp-block-paragraph\">Na ocasi\u00e3o, tamb\u00e9m foram entregues 19 novos \u00f4nibus metropolitanos que passam a integrar a frota do transporte p\u00fablico da Baixada Santista, que refor\u00e7a os investimentos do Governo na moderniza\u00e7\u00e3o da mobilidade urbana para atender mais de 1,8 milh\u00e3o de moradores da Baixada Santista.<\/p>\n<p class=\"wp-block-paragraph\">Com investimento estimado em R$ 19 milh\u00f5es, os ve\u00edculos contam com tecnologia Euro 6, ar-condicionado, acessibilidade para pessoas com mobilidade reduzida, telemetria embarcada, sistemas de seguran\u00e7a e redu\u00e7\u00e3o de aproximadamente 97% das emiss\u00f5es de \u00f3xidos de nitrog\u00eanio (NOx) em compara\u00e7\u00e3o \u00e0s gera\u00e7\u00f5es anteriores.<\/p>\n<h2 class=\"wp-block-heading\">Mais a\u00e7\u00f5es<\/h2>\n<p class=\"wp-block-paragraph\">A programa\u00e7\u00e3o da Caravana tamb\u00e9m incluiu a inaugura\u00e7\u00e3o do Centro de Visita\u00e7\u00e3o Subaqu\u00e1tico do Guaruj\u00e1, o primeiro equipamento do g\u00eanero no pa\u00eds voltado \u00e0 pr\u00e1tica do mergulho livre. Al\u00e9m disso, haver\u00e1 o autorizo para implanta\u00e7\u00e3o do Centro TEA e do Centro de Cidadania da Pessoa com Defici\u00eancia em S\u00e3o Vicente.<\/p>\n<h2 class=\"wp-block-heading\">Qualifica\u00e7\u00e3o profissional<\/h2>\n<p class=\"wp-block-paragraph\">A programa\u00e7\u00e3o da Caravana 3D prossegue nesta sexta-feira (19), em Guaruj\u00e1, com a cerim\u00f4nia de encerramento do 22\u00ba ciclo do programa Caminho da Capacita\u00e7\u00e3o na Baixada Santista. A solenidade reunir\u00e1 alunos dos nove munic\u00edpios da regi\u00e3o que conclu\u00edram cursos gratuitos de qualifica\u00e7\u00e3o profissional oferecidos pelo Fundo Social de S\u00e3o Paulo em \u00e1reas como gastronomia, beleza e bem-estar, tecnologia, moda, mec\u00e2nica e manuten\u00e7\u00e3o, e cuidados com pets.<\/p>\n<p class=\"wp-block-paragraph\">Antes da formatura, o Fundo Social promover\u00e1 uma Feira de Empregos com oportunidades de trabalho por meio do programa Trampolim, al\u00e9m de servi\u00e7os de orienta\u00e7\u00e3o ao empreendedorismo, acesso a microcr\u00e9dito e atendimentos de \u00f3rg\u00e3os estaduais. A agenda contar\u00e1 com a presen\u00e7a da primeira-dama do Estado e presidente do Fundo Social de S\u00e3o Paulo, Cristiane Freitas.<\/p>\n<h2 class=\"wp-block-heading\">Caravana 3D<\/h2>\n<p class=\"wp-block-paragraph\">A Caravana 3D \u00e9 uma iniciativa do Governo de S\u00e3o Paulo que percorre as regi\u00f5es paulistas levando pol\u00edticas p\u00fablicas com foco nos tr\u00eas pilares da gest\u00e3o: desenvolvimento, dignidade e di\u00e1logo. A proposta \u00e9 fortalecer a articula\u00e7\u00e3o com os munic\u00edpios, promovendo entregas e investimentos que considerem as necessidades locais e contribuam para a melhoria da qualidade de vida da popula\u00e7\u00e3o. Antes da Baixada Santista, a a\u00e7\u00e3o passou pelas regi\u00f5es Central, Barretos, Registro, Bauru, regi\u00e3o do ABC, Ribeir\u00e3o Preto, Campinas, Vale do Para\u00edba, S\u00e3o Jos\u00e9 do Rio Preto, Ara\u00e7atuba, Mar\u00edlia, Sorocaba, Presidente Prudente e Itapeva.\u00a0<\/p>\n<p class=\"wp-block-paragraph\">A Caravana refor\u00e7a o compromisso do governo paulista com uma atua\u00e7\u00e3o mais pr\u00f3xima e integrada, baseada na escuta do cidad\u00e3o e no di\u00e1logo com lideran\u00e7as locais. Em cada etapa, s\u00e3o realizadas visitas aos munic\u00edpios e an\u00fancios de a\u00e7\u00f5es concretas nas \u00e1reas de sa\u00fade, educa\u00e7\u00e3o, habita\u00e7\u00e3o, infraestrutura e seguran\u00e7a.<\/p>\n<p class=\"wp-block-paragraph\">Ou\u00e7a o \u00e1udio:<\/p>\n<p><iframe loading=\"lazy\" width=\"100%\" height=\"166\" scrolling=\"no\" frameborder=\"no\" allow=\"autoplay; encrypted-media\" src=\"https:\/\/w.soundcloud.com\/player\/?url=https%3A\/\/api.soundcloud.com\/tracks\/soundcloud%253Atracks%253A2342268764&amp;color=%23ff5500&amp;auto_play=false&amp;hide_related=false&amp;show_comments=true&amp;show_user=true&amp;show_reposts=false&amp;show_teaser=true\"><\/iframe>\n\t\t\t\t<\/div>\n<p><br \/>\n<br \/><a href=\"https:\/\/www.agenciasp.sp.gov.br\/caravana-3d-governo-de-sp-anuncia-r-84-bi-para-a-baixada-santista-com-foco-em-infraestrutura-e-abastecimento-de-agua\/\" rel=\"noopener\">Informa\u00e7\u00f5es GOV.SP<\/a><\/p>\n","protected":false},"excerpt":{"rendered":"<p>O Governo de S\u00e3o Paulo anunciou mais de R$ 8,4 bilh\u00f5es em investimentos e an\u00fancios para a Baixada Santista na 17\u00aa edi\u00e7\u00e3o da Caravana 3D. O pacote re\u00fane obras estruturantes para amplia\u00e7\u00e3o do saneamento b\u00e1sico e do abastecimento de \u00e1gua, al\u00e9m de medidas para fortalecer sa\u00fade, educa\u00e7\u00e3o e seguran\u00e7a p\u00fablica na regi\u00e3o. As iniciativas foram [&hellip;]<\/p>\n","protected":false},"author":1,"featured_media":69550,"comment_status":"","ping_status":"open","sticky":false,"template":"","format":"standard","meta":{"_jetpack_newsletter_access":"","_jetpack_dont_email_post_to_subs":false,"_jetpack_newsletter_tier_id":0,"_jetpack_memberships_contains_paywalled_content":false,"_mbp_banners":[],"_jetpack_feature_clip_id":0,"_jetpack_memberships_contains_paid_content":false,"footnotes":"","jetpack_publicize_message":"","jetpack_publicize_feature_enabled":true,"jetpack_social_post_already_shared":true,"jetpack_social_options":{"image_generator_settings":{"template":"highway","default_image_id":0,"font":"","enabled":false},"version":2},"jetpack_post_was_ever_published":false},"categories":[21],"tags":[],"class_list":["post-69549","post","type-post","status-publish","format-standard","has-post-thumbnail","category-sp-news"],"jetpack_publicize_connections":[],"jetpack-related-posts":[],"jetpack_shortlink":"https:\/\/wp.me\/p7Eq1F-i5L","jetpack_sharing_enabled":true,"jetpack_featured_media_url":"https:\/\/i0.wp.com\/guialimeira.com.br\/news\/wp-content\/uploads\/2026\/06\/Caravana-3D-Governo-de-SP-anuncia-R-84-bi-para.jpg?fit=800%2C450&ssl=1","_links":{"self":[{"href":"https:\/\/guialimeira.com.br\/news\/wp-json\/wp\/v2\/posts\/69549","targetHints":{"allow":["GET"]}}],"collection":[{"href":"https:\/\/guialimeira.com.br\/news\/wp-json\/wp\/v2\/posts"}],"about":[{"href":"https:\/\/guialimeira.com.br\/news\/wp-json\/wp\/v2\/types\/post"}],"author":[{"embeddable":true,"href":"https:\/\/guialimeira.com.br\/news\/wp-json\/wp\/v2\/users\/1"}],"replies":[{"embeddable":true,"href":"https:\/\/guialimeira.com.br\/news\/wp-json\/wp\/v2\/comments?post=69549"}],"version-history":[{"count":0,"href":"https:\/\/guialimeira.com.br\/news\/wp-json\/wp\/v2\/posts\/69549\/revisions"}],"wp:featuredmedia":[{"embeddable":true,"href":"https:\/\/guialimeira.com.br\/news\/wp-json\/wp\/v2\/media\/69550"}],"wp:attachment":[{"href":"https:\/\/guialimeira.com.br\/news\/wp-json\/wp\/v2\/media?parent=69549"}],"wp:term":[{"taxonomy":"category","embeddable":true,"href":"https:\/\/guialimeira.com.br\/news\/wp-json\/wp\/v2\/categories?post=69549"},{"taxonomy":"post_tag","embeddable":true,"href":"https:\/\/guialimeira.com.br\/news\/wp-json\/wp\/v2\/tags?post=69549"}],"curies":[{"name":"wp","href":"https:\/\/api.w.org\/{rel}","templated":true}]}}