{"id":69541,"date":"2026-06-18T21:50:18","date_gmt":"2026-06-19T00:50:18","guid":{"rendered":"https:\/\/guialimeira.com.br\/governo-de-sp-amplia-investimentos-em-seguranca-na-baixada-santista-com-entrega-de-viaturas-armas-obras-e-novas-unidades-policiais\/"},"modified":"2026-06-18T21:50:18","modified_gmt":"2026-06-19T00:50:18","slug":"governo-de-sp-amplia-investimentos-em-seguranca-na-baixada-santista-com-entrega-de-viaturas-armas-obras-e-novas-unidades-policiais","status":"publish","type":"post","link":"https:\/\/guialimeira.com.br\/news\/governo-de-sp-amplia-investimentos-em-seguranca-na-baixada-santista-com-entrega-de-viaturas-armas-obras-e-novas-unidades-policiais\/","title":{"rendered":"Governo de SP amplia investimentos em seguran\u00e7a na Baixada Santista com entrega de viaturas, armas, obras e novas unidades policiais"},"content":{"rendered":"<p> <br \/>\n<\/p>\n<div>\n<p class=\"wp-block-paragraph\">O Governo de S\u00e3o Paulo anunciou nesta quinta-feira (18) um conjunto de investimentos para refor\u00e7ar a seguran\u00e7a p\u00fablica na Baixada Santista. As a\u00e7\u00f5es incluem a entrega de novas viaturas e armas para as for\u00e7as policiais, a moderniza\u00e7\u00e3o de estruturas j\u00e1 existentes e a constru\u00e7\u00e3o de novas unidades operacionais que ampliar\u00e3o a capacidade de atendimento \u00e0 popula\u00e7\u00e3o dos nove munic\u00edpios da regi\u00e3o. Os an\u00fancios foram realizados durante a entrega das obras de moderniza\u00e7\u00e3o do Pal\u00e1cio da Pol\u00edcia, sede do Departamento de Pol\u00edcia Judici\u00e1ria do Interior (Deinter 6), em Santos, e fazem parte da programa\u00e7\u00e3o da Caravana 3D que percorre a Baixada at\u00e9 sexta-feira (19).<\/p>\n<p class=\"wp-block-paragraph\">\u201cEstamos entregando a reforma do Pal\u00e1cio da Pol\u00edcia Civil, uma obra importante que melhora as condi\u00e7\u00f5es de trabalho dos nossos policiais e a qualidade do atendimento prestado \u00e0 popula\u00e7\u00e3o. A atua\u00e7\u00e3o das pol\u00edcias tem contribu\u00eddo para a redu\u00e7\u00e3o dos indicadores criminais. Mas sabemos que ainda h\u00e1 muito trabalho a ser feito e n\u00e3o vamos nos esconder atr\u00e1s dos indicadores. Eles mostram avan\u00e7os importantes, mas nosso compromisso \u00e9 continuar trabalhando para que as pessoas se sintam cada vez mais seguras\u201d, afirmou o governador Tarc\u00edsio de Freitas.<\/p>\n<p class=\"wp-block-paragraph\">Entre as entregas realizadas est\u00e3o 24 novas viaturas para a Pol\u00edcia Militar (Santos, Guaruj\u00e1, Peru\u00edbe, S\u00e3o Vicente e Praia Grande), com investimento de cerca de R$ 5,2 milh\u00f5es, sete viaturas destinadas \u00e0 Pol\u00edcia Civil (Itanha\u00e9m, Santos e Praia Grande), no valor aproximado de R$ 1,2 milh\u00e3o. Al\u00e9m disso, a PM tamb\u00e9m vai receber 51 fuzis calibre 5.56, adquiridos com recursos estaduais no total de R$ 604 mil.<\/p>\n<p class=\"wp-block-paragraph\">J\u00e1 a reforma, amplia\u00e7\u00e3o e adequa\u00e7\u00e3o do Pal\u00e1cio da Pol\u00edcia recebeu investimento de R$ 15,5 milh\u00f5es e foi conclu\u00edda em abril deste ano, proporcionando melhores condi\u00e7\u00f5es de trabalho aos policiais e aprimorando o atendimento \u00e0 popula\u00e7\u00e3o.<\/p>\n<p class=\"wp-block-paragraph\">Al\u00e9m das entregas, o Governo do Estado anunciou a constru\u00e7\u00e3o da nova sede do 21\u00ba Batalh\u00e3o de Pol\u00edcia Militar do Interior (BPM\/I), em Guaruj\u00e1, que funcionar\u00e1 integrada \u00e0 5\u00aa Companhia PM e \u00e0 Companhia Ver\u00e3o. O empreendimento receber\u00e1 investimento de R$ 30,9 milh\u00f5es e tem conclus\u00e3o prevista para abril de 2027.<\/p>\n<p class=\"wp-block-paragraph\">Tamb\u00e9m em Guaruj\u00e1 ser\u00e1 constru\u00edda a nova sede da Companhia de For\u00e7a T\u00e1tica do 21\u00ba BPM\/I. Com investimento de R$ 5,4 milh\u00f5es provenientes do Fundo Nacional de Seguran\u00e7a P\u00fablica, a unidade ter\u00e1 as obras conclu\u00eddas em setembro do pr\u00f3ximo ano. A nova instala\u00e7\u00e3o permitir\u00e1 ampliar a atua\u00e7\u00e3o especializada da For\u00e7a T\u00e1tica, refor\u00e7ando a capacidade de resposta operacional e o apoio \u00e0s a\u00e7\u00f5es de policiamento ostensivo em Guaruj\u00e1 e nos munic\u00edpios vizinhos.<\/p>\n<h2 class=\"wp-block-heading\">Queda nos indicadores criminais<\/h2>\n<p class=\"wp-block-paragraph\">Os investimentos acompanham a melhora dos indicadores de seguran\u00e7a registrados na \u00e1rea do Deinter 6. Entre janeiro e abril deste ano, os roubos em geral ca\u00edram 34,6%, passando de 3.299 para 2.157 ocorr\u00eancias, o menor \u00edndice da s\u00e9rie hist\u00f3rica para o per\u00edodo. Os roubos de ve\u00edculos tamb\u00e9m atingiram o menor patamar j\u00e1 registrado, com redu\u00e7\u00e3o de 54,4%, passando de 415 para 189 casos.<\/p>\n<p class=\"wp-block-paragraph\">Outros crimes patrimoniais tamb\u00e9m apresentaram queda no comparativo com o mesmo per\u00edodo do ano passado. Os furtos em geral recuaram 7%, de 11.421 para 10.620 registros, enquanto os furtos de ve\u00edculos diminu\u00edram 16,3%, passando de 1.110 para 929 ocorr\u00eancias.<\/p>\n<p class=\"wp-block-paragraph\">A produtividade policial na regi\u00e3o tamb\u00e9m apresentou resultados expressivos. Nos quatro primeiros meses do ano, 4,8 mil infratores foram presos ou apreendidos, o maior n\u00famero da s\u00e9rie hist\u00f3rica para o per\u00edodo. As for\u00e7as de seguran\u00e7a ainda apreenderam 314 armas de fogo, recuperaram 606 ve\u00edculos e retiraram mais de 2,6 toneladas de drogas de circula\u00e7\u00e3o.<\/p>\n<h2 class=\"wp-block-heading\">Muralha Paulista<\/h2>\n<p class=\"wp-block-paragraph\">A tecnologia tamb\u00e9m tem desempenhado papel importante no combate \u00e0 criminalidade. Atualmente, dez munic\u00edpios do litoral paulista est\u00e3o integrados ao programa Muralha Paulista, beneficiando cerca de 1,8 milh\u00e3o de habitantes.<\/p>\n<p class=\"wp-block-paragraph\">O sistema re\u00fane c\u00e2meras e sensores inteligentes capazes de identificar ve\u00edculos furtados ou roubados, localizar pessoas desaparecidas e reconhecer foragidos da Justi\u00e7a por meio do cruzamento de dados com o Banco Nacional de Mandados de Pris\u00e3o.<\/p>\n<p class=\"wp-block-paragraph\">Integram o programa os munic\u00edpios de Bertioga, Cubat\u00e3o, Itanha\u00e9m, Praia Grande, Santos, Guaruj\u00e1, Mongagu\u00e1, S\u00e3o Vicente, Peru\u00edbe e Itariri. A integra\u00e7\u00e3o tecnol\u00f3gica tem contribu\u00eddo para ampliar a capacidade de monitoramento e resposta das for\u00e7as de seguran\u00e7a, refor\u00e7ando a prote\u00e7\u00e3o da popula\u00e7\u00e3o da Baixada Santista.<\/p>\n<figure class=\"wp-block-image size-large\"><img data-recalc-dims=\"1\" fetchpriority=\"high\" decoding=\"async\" width=\"696\" height=\"464\" src=\"https:\/\/i0.wp.com\/www.agenciasp.sp.gov.br\/wp-content\/uploads\/2026\/06\/Governador-Tarcisio-de-Freitas-Palacio-da-Policia-1024x683.jpg?resize=696%2C464&#038;ssl=1\" alt=\"\" class=\"wp-image-153260 lazy\" srcset=\"https:\/\/www.agenciasp.sp.gov.br\/wp-content\/uploads\/2026\/06\/Governador-Tarcisio-de-Freitas-Palacio-da-Policia-1024x683.jpg 1024w, https:\/\/www.agenciasp.sp.gov.br\/wp-content\/uploads\/2026\/06\/Governador-Tarcisio-de-Freitas-Palacio-da-Policia-300x200.jpg 300w, https:\/\/www.agenciasp.sp.gov.br\/wp-content\/uploads\/2026\/06\/Governador-Tarcisio-de-Freitas-Palacio-da-Policia-768x512.jpg 768w, https:\/\/www.agenciasp.sp.gov.br\/wp-content\/uploads\/2026\/06\/Governador-Tarcisio-de-Freitas-Palacio-da-Policia-1536x1024.jpg 1536w, https:\/\/www.agenciasp.sp.gov.br\/wp-content\/uploads\/2026\/06\/Governador-Tarcisio-de-Freitas-Palacio-da-Policia-2048x1365.jpg 2048w, https:\/\/www.agenciasp.sp.gov.br\/wp-content\/uploads\/2026\/06\/Governador-Tarcisio-de-Freitas-Palacio-da-Policia-150x100.jpg 150w\" data-sizes=\"(max-width: 1024px) 100vw, 1024px\"\/><figcaption class=\"wp-element-caption\">Governo de SP investiu R$ 6,4 milh\u00f5es em armamentos e viaturas para as for\u00e7as policiais da regi\u00e3o. Foto: Paulo Guereta\/Governo do Estado de SP<\/figcaption><\/figure>\n<h2 class=\"wp-block-heading\">\u00d4nibus metropolitanos<\/h2>\n<p class=\"wp-block-paragraph\">Durante a cerim\u00f4nia, o governador Tarc\u00edsio de Freitas realizou nesta quinta-feira (18) a entrega de 19 novos \u00f4nibus metropolitanos que passam a integrar a frota do transporte p\u00fablico da Baixada Santista, que refor\u00e7a os investimentos do Governo na moderniza\u00e7\u00e3o da mobilidade urbana para atender mais de 1,8 milh\u00e3o de moradores da Baixada Santista.<\/p>\n<p>Com investimento estimado em R$ 19 milh\u00f5es, os ve\u00edculos contam com tecnologia Euro 6, ar-condicionado, acessibilidade para pessoas com mobilidade reduzida, telemetria embarcada, sistemas de seguran\u00e7a e redu\u00e7\u00e3o de aproximadamente 97% das emiss\u00f5es de \u00f3xidos de nitrog\u00eanio (NOx) em compara\u00e7\u00e3o \u00e0s gera\u00e7\u00f5es anteriores.<\/p>\n<p>A renova\u00e7\u00e3o da frota amplia o conforto dos passageiros e contribui para a redu\u00e7\u00e3o dos impactos ambientais do transporte coletivo. A Regi\u00e3o Metropolitana da Baixada Santista \u00e9 um dos principais polos log\u00edsticos, tur\u00edsticos e portu\u00e1rios do pa\u00eds. Os investimentos em mobilidade contribuem para melhorar os deslocamentos di\u00e1rios da popula\u00e7\u00e3o, fortalecer a integra\u00e7\u00e3o regional e ampliar a qualidade dos servi\u00e7os prestados aos usu\u00e1rios do transporte p\u00fablico.<\/p>\n<h2 class=\"wp-block-heading\">Caravana 3D<\/h2>\n<p class=\"wp-block-paragraph\">A Caravana 3D \u00e9 uma iniciativa do Governo de S\u00e3o Paulo que percorre as regi\u00f5es paulistas levando pol\u00edticas p\u00fablicas com foco nos tr\u00eas pilares da gest\u00e3o: desenvolvimento, dignidade e di\u00e1logo. A proposta \u00e9 fortalecer a articula\u00e7\u00e3o com os munic\u00edpios, promovendo entregas e investimentos que considerem as necessidades locais e contribuam para a melhoria da qualidade de vida da popula\u00e7\u00e3o. Antes da Baixada Santista, a a\u00e7\u00e3o passou pelas regi\u00f5es Central, Barretos, Registro, Bauru, regi\u00e3o do ABC, Ribeir\u00e3o Preto, Campinas, Vale do Para\u00edba, S\u00e3o Jos\u00e9 do Rio Preto, Ara\u00e7atuba, Mar\u00edlia, Sorocaba, Presidente Prudente e Itapeva.<\/p>\n<p class=\"wp-block-paragraph\">A Caravana refor\u00e7a o compromisso do governo paulista com uma atua\u00e7\u00e3o mais pr\u00f3xima e integrada, baseada na escuta do cidad\u00e3o e no di\u00e1logo com lideran\u00e7as locais. Em cada etapa, s\u00e3o realizadas visitas aos munic\u00edpios e an\u00fancios de a\u00e7\u00f5es concretas nas \u00e1reas de sa\u00fade, educa\u00e7\u00e3o, habita\u00e7\u00e3o, infraestrutura e seguran\u00e7a.<\/p>\n<p class=\"wp-block-paragraph\">Ou\u00e7a os \u00e1udios:<\/p>\n<\/p><\/div>\n<p><br \/>\n<br \/><a href=\"https:\/\/www.agenciasp.sp.gov.br\/governo-de-sp-amplia-investimentos-em-seguranca-na-baixada-santista-com-entrega-de-viaturas-armas-obras-e-novas-unidades-policiais\/\" rel=\"noopener\">Informa\u00e7\u00f5es GOV.SP<\/a><\/p>\n","protected":false},"excerpt":{"rendered":"<p>O Governo de S\u00e3o Paulo anunciou nesta quinta-feira (18) um conjunto de investimentos para refor\u00e7ar a seguran\u00e7a p\u00fablica na Baixada Santista. As a\u00e7\u00f5es incluem a entrega de novas viaturas e armas para as for\u00e7as policiais, a moderniza\u00e7\u00e3o de estruturas j\u00e1 existentes e a constru\u00e7\u00e3o de novas unidades operacionais que ampliar\u00e3o a capacidade de atendimento \u00e0 [&hellip;]<\/p>\n","protected":false},"author":1,"featured_media":69542,"comment_status":"","ping_status":"open","sticky":false,"template":"","format":"standard","meta":{"_jetpack_newsletter_access":"","_jetpack_dont_email_post_to_subs":false,"_jetpack_newsletter_tier_id":0,"_jetpack_memberships_contains_paywalled_content":false,"_mbp_banners":[],"_jetpack_feature_clip_id":0,"_jetpack_memberships_contains_paid_content":false,"footnotes":"","jetpack_publicize_message":"","jetpack_publicize_feature_enabled":true,"jetpack_social_post_already_shared":true,"jetpack_social_options":{"image_generator_settings":{"template":"highway","default_image_id":0,"font":"","enabled":false},"version":2},"jetpack_post_was_ever_published":false},"categories":[21],"tags":[],"class_list":["post-69541","post","type-post","status-publish","format-standard","has-post-thumbnail","category-sp-news"],"jetpack_publicize_connections":[],"jetpack-related-posts":[],"jetpack_shortlink":"https:\/\/wp.me\/p7Eq1F-i5D","jetpack_sharing_enabled":true,"jetpack_featured_media_url":"https:\/\/i0.wp.com\/guialimeira.com.br\/news\/wp-content\/uploads\/2026\/06\/Governo-de-SP-amplia-investimentos-em-seguranca-na-Baixada-Santista.jpg?fit=1024%2C683&ssl=1","_links":{"self":[{"href":"https:\/\/guialimeira.com.br\/news\/wp-json\/wp\/v2\/posts\/69541","targetHints":{"allow":["GET"]}}],"collection":[{"href":"https:\/\/guialimeira.com.br\/news\/wp-json\/wp\/v2\/posts"}],"about":[{"href":"https:\/\/guialimeira.com.br\/news\/wp-json\/wp\/v2\/types\/post"}],"author":[{"embeddable":true,"href":"https:\/\/guialimeira.com.br\/news\/wp-json\/wp\/v2\/users\/1"}],"replies":[{"embeddable":true,"href":"https:\/\/guialimeira.com.br\/news\/wp-json\/wp\/v2\/comments?post=69541"}],"version-history":[{"count":0,"href":"https:\/\/guialimeira.com.br\/news\/wp-json\/wp\/v2\/posts\/69541\/revisions"}],"wp:featuredmedia":[{"embeddable":true,"href":"https:\/\/guialimeira.com.br\/news\/wp-json\/wp\/v2\/media\/69542"}],"wp:attachment":[{"href":"https:\/\/guialimeira.com.br\/news\/wp-json\/wp\/v2\/media?parent=69541"}],"wp:term":[{"taxonomy":"category","embeddable":true,"href":"https:\/\/guialimeira.com.br\/news\/wp-json\/wp\/v2\/categories?post=69541"},{"taxonomy":"post_tag","embeddable":true,"href":"https:\/\/guialimeira.com.br\/news\/wp-json\/wp\/v2\/tags?post=69541"}],"curies":[{"name":"wp","href":"https:\/\/api.w.org\/{rel}","templated":true}]}}