{"id":69533,"date":"2026-06-18T20:49:10","date_gmt":"2026-06-18T23:49:10","guid":{"rendered":"https:\/\/guialimeira.com.br\/previsao-do-tempo-para-sexta-feira-19-em-sp-dia-comeca-com-sol-entre-poucas-nuvens\/"},"modified":"2026-06-18T20:49:10","modified_gmt":"2026-06-18T23:49:10","slug":"previsao-do-tempo-para-sexta-feira-19-em-sp-dia-comeca-com-sol-entre-poucas-nuvens","status":"publish","type":"post","link":"https:\/\/guialimeira.com.br\/news\/previsao-do-tempo-para-sexta-feira-19-em-sp-dia-comeca-com-sol-entre-poucas-nuvens\/","title":{"rendered":"Previs\u00e3o do tempo para sexta-feira (19), em SP: dia come\u00e7a com sol entre poucas nuvens"},"content":{"rendered":"<p> <br \/>\n<br \/><img data-recalc-dims=\"1\" decoding=\"async\" src=\"https:\/\/i0.wp.com\/www.agenciasp.sp.gov.br\/wp-content\/uploads\/2026\/01\/00060417.jpg?w=696&#038;ssl=1\" \/><\/p>\n<div>\n<p class=\"wp-block-paragraph\">Nesta sexta-feira, o dia come\u00e7a com sol entre poucas nuvens em grande parte do estado de S\u00e3o Paulo.<\/p>\n<p class=\"wp-block-paragraph\">Nas primeiras horas da manh\u00e3, a atua\u00e7\u00e3o da massa de ar frio mant\u00e9m as temperaturas baixas e refor\u00e7a a sensa\u00e7\u00e3o de frio em todas as regi\u00f5es paulistas.<\/p>\n<p class=\"wp-block-paragraph\">Tamb\u00e9m pela manh\u00e3, h\u00e1 condi\u00e7\u00f5es para a forma\u00e7\u00e3o de nevoeiros mais densos na faixa leste do estado, reduzindo a visibilidade em alguns pontos. Com o avan\u00e7o das horas e o aumento da temperatura, esses nevoeiros se dissipam gradualmente.<\/p>\n<p class=\"wp-block-paragraph\">Durante a tarde, as temperaturas se elevam em grande parte do estado, nas regi\u00f5es que fazem divisa com o Paran\u00e1 h\u00e1 possibilidade de pancadas isoladas de chuva devido a aproxima\u00e7\u00e3o de uma frente fria.<\/p>\n<p class=\"wp-block-paragraph\">Na capital paulista, as temperaturas variam entre 9\u00b0C e 24\u00b0C. Em Santa Branca, a m\u00ednima prevista \u00e9 de 10\u00b0C e a m\u00e1xima chega aos 23\u00b0C.<\/p>\n<p class=\"wp-block-paragraph\">Em dias secos, consulte a previs\u00e3o do tempo e beba bastante \u00e1gua para se proteger da secura.<\/p>\n<p class=\"wp-block-paragraph\"><strong>LEIA MAIS:\u00a0<a href=\"https:\/\/www.agenciasp.sp.gov.br\/frente-fria-perde-forca-em-sao-paulo-mas-pancadas-de-chuva-ainda-podem-ocorrer-diz-defesa-civil\/\" rel=\"noopener\"><a href=\"https:\/\/www.agenciasp.sp.gov.br\/sp-sempre-alerta-entenda-o-significado-de-cada-alerta-da-defesa-civil\/\" rel=\"noopener\">SP Sempre Alerta: entenda o significado das cores dos avisos da Defesa Civil<\/a><\/strong><\/p>\n<h2 class=\"wp-block-heading\">Ou\u00e7a a previs\u00e3o do tempo no boletim de r\u00e1dio da Defesa Civil<\/h2>\n<figure class=\"wp-block-embed is-type-rich is-provider-soundcloud wp-block-embed-soundcloud\">\n<p>\n<iframe loading=\"lazy\" title=\"Defesa Civil - Sexta-Feira, dia 19\/06, o dia come\u00e7a com sol entre poucas nuvens em grande parte do estado de S\u00e3o Paulo by Governo do Estado de S\u00e3o Paulo\" width=\"800\" height=\"400\" scrolling=\"no\" frameborder=\"no\" allow=\"autoplay; encrypted-media\" src=\"https:\/\/w.soundcloud.com\/player\/?visual=true&amp;url=https%3A%2F%2Fapi.soundcloud.com%2Ftracks%2F2342065832&amp;show_artwork=true&amp;maxheight=1000&amp;maxwidth=800\"><\/iframe>\n<\/p>\n<\/figure><\/div>\n<p><br \/>\n<br \/><a href=\"https:\/\/www.agenciasp.sp.gov.br\/previsao-do-tempo-para-sexta-feira-19-em-sp-dia-comeca-com-sol-entre-poucas-nuvens\/\" rel=\"noopener\">Informa\u00e7\u00f5es GOV.SP<\/a><\/p>\n","protected":false},"excerpt":{"rendered":"<p>Nesta sexta-feira, o dia come\u00e7a com sol entre poucas nuvens em grande parte do estado de S\u00e3o Paulo. Nas primeiras horas da manh\u00e3, a atua\u00e7\u00e3o da massa de ar frio mant\u00e9m as temperaturas baixas e refor\u00e7a a sensa\u00e7\u00e3o de frio em todas as regi\u00f5es paulistas. Tamb\u00e9m pela manh\u00e3, h\u00e1 condi\u00e7\u00f5es para a forma\u00e7\u00e3o de nevoeiros [&hellip;]<\/p>\n","protected":false},"author":1,"featured_media":53048,"comment_status":"","ping_status":"open","sticky":false,"template":"","format":"standard","meta":{"_jetpack_newsletter_access":"","_jetpack_dont_email_post_to_subs":false,"_jetpack_newsletter_tier_id":0,"_jetpack_memberships_contains_paywalled_content":false,"_mbp_banners":[],"_jetpack_feature_clip_id":0,"_jetpack_memberships_contains_paid_content":false,"footnotes":"","jetpack_publicize_message":"","jetpack_publicize_feature_enabled":true,"jetpack_social_post_already_shared":true,"jetpack_social_options":{"image_generator_settings":{"template":"highway","default_image_id":0,"font":"","enabled":false},"version":2},"jetpack_post_was_ever_published":false},"categories":[21],"tags":[],"class_list":["post-69533","post","type-post","status-publish","format-standard","has-post-thumbnail","category-sp-news"],"jetpack_publicize_connections":[],"jetpack-related-posts":[],"jetpack_shortlink":"https:\/\/wp.me\/p7Eq1F-i5v","jetpack_sharing_enabled":true,"jetpack_featured_media_url":"https:\/\/i0.wp.com\/guialimeira.com.br\/news\/wp-content\/uploads\/2026\/01\/Previsao-do-tempo-para-sabado-24-em-SP-tempo-nublado.jpg?fit=2048%2C1152&ssl=1","_links":{"self":[{"href":"https:\/\/guialimeira.com.br\/news\/wp-json\/wp\/v2\/posts\/69533","targetHints":{"allow":["GET"]}}],"collection":[{"href":"https:\/\/guialimeira.com.br\/news\/wp-json\/wp\/v2\/posts"}],"about":[{"href":"https:\/\/guialimeira.com.br\/news\/wp-json\/wp\/v2\/types\/post"}],"author":[{"embeddable":true,"href":"https:\/\/guialimeira.com.br\/news\/wp-json\/wp\/v2\/users\/1"}],"replies":[{"embeddable":true,"href":"https:\/\/guialimeira.com.br\/news\/wp-json\/wp\/v2\/comments?post=69533"}],"version-history":[{"count":0,"href":"https:\/\/guialimeira.com.br\/news\/wp-json\/wp\/v2\/posts\/69533\/revisions"}],"wp:featuredmedia":[{"embeddable":true,"href":"https:\/\/guialimeira.com.br\/news\/wp-json\/wp\/v2\/media\/53048"}],"wp:attachment":[{"href":"https:\/\/guialimeira.com.br\/news\/wp-json\/wp\/v2\/media?parent=69533"}],"wp:term":[{"taxonomy":"category","embeddable":true,"href":"https:\/\/guialimeira.com.br\/news\/wp-json\/wp\/v2\/categories?post=69533"},{"taxonomy":"post_tag","embeddable":true,"href":"https:\/\/guialimeira.com.br\/news\/wp-json\/wp\/v2\/tags?post=69533"}],"curies":[{"name":"wp","href":"https:\/\/api.w.org\/{rel}","templated":true}]}}