{"id":6953,"date":"2024-05-29T19:00:44","date_gmt":"2024-05-29T22:00:44","guid":{"rendered":"https:\/\/guialimeira.com.br\/2024\/05\/29\/associacoes-defendem-taxacao-de-pequenas-compras-internacionais\/"},"modified":"2024-05-29T19:00:44","modified_gmt":"2024-05-29T22:00:44","slug":"associacoes-defendem-taxacao-de-pequenas-compras-internacionais","status":"publish","type":"post","link":"https:\/\/guialimeira.com.br\/news\/associacoes-defendem-taxacao-de-pequenas-compras-internacionais\/","title":{"rendered":"Associa\u00e7\u00f5es defendem taxa\u00e7\u00e3o de pequenas compras internacionais"},"content":{"rendered":"<p> <br \/>\n<\/p>\n<div>\n<p>Associa\u00e7\u00f5es que representam a ind\u00fastria brasileira defenderam a taxa\u00e7\u00e3o das compras internacionais at\u00e9 US$ 50. Esses valores s\u00e3o isentos de tributa\u00e7\u00e3o, mas a C\u00e2mara dos Deputados aprovou nessa ter\u00e7a-feira (28) um <a href=\"https:\/\/agenciabrasil.ebc.com.br\/economia\/noticia\/2024-05\/camara-aprova-imposto-para-compras-internacionais-de-ate-us-50\" target=\"_blank\" rel=\"noopener\">projeto que prev\u00ea a cobran\u00e7a de 20%<\/a> sobre o valor do produto.<img data-recalc-dims=\"1\" decoding=\"async\" src=\"https:\/\/i0.wp.com\/agenciabrasil.ebc.com.br\/ebc.png?w=696&#038;ssl=1\" style=\"width:1px; height:1px; display:inline;\"\/><img data-recalc-dims=\"1\" decoding=\"async\" src=\"https:\/\/i0.wp.com\/agenciabrasil.ebc.com.br\/ebc.gif?w=696&#038;ssl=1\" style=\"width:1px; height:1px; display:inline;\"\/><\/p>\n<p>A proposta de taxa\u00e7\u00e3o das compras foi inserida no projeto de lei que cria o Programa Mobilidade Verde e Inova\u00e7\u00e3o, de incentivos \u00e0 ind\u00fastria automotiva. O setor dever\u00e1 se beneficiar da redu\u00e7\u00e3o do Imposto sobre Produtos Industrializados para estimular a produ\u00e7\u00e3o de ve\u00edculos menos poluentes, al\u00e9m de incentivos para investimentos em pesquisa e tecnologias limpas, descarboniza\u00e7\u00e3o e inova\u00e7\u00e3o. O projeto ainda precisa ser apreciado pelo Senado.<\/p>\n<p>A Associa\u00e7\u00e3o Brasileira das Ind\u00fastrias de Cal\u00e7ados (Abical\u00e7ados) divulgou nesta quarta-feira (29) nota em que afirma que a proposta melhora as condi\u00e7\u00f5es para as empresas nacionais. \u201cEmbora o imposto de importa\u00e7\u00e3o estabelecido, de 20%, ajude a estabelecer melhores condi\u00e7\u00f5es de isonomia tribut\u00e1ria com a ind\u00fastria nacional, n\u00e3o resolve o problema da concorr\u00eancia desleal no setor\u201d, diz o posicionamento.<\/p>\n<p>O presidente da entidade, Haroldo Ferreira, afirma que, se n\u00e3o forem tomadas medidas contra as importa\u00e7\u00f5es feitas por pessoas f\u00edsicas por plataformas internacionais, o pa\u00eds corre o risco de fechar postos de trabalho. \u201cN\u00e3o tem cabimento a ind\u00fastria nacional pagar impostos em cascata e concorrer com importa\u00e7\u00f5es que entram sem tributa\u00e7\u00e3o federal\u201d, diz.<\/p>\n<p>A aprova\u00e7\u00e3o da taxa\u00e7\u00e3o pelos deputados federais \u00e9 \u201cum importante avan\u00e7o no debate sobre a necess\u00e1ria busca de isonomia tribut\u00e1ria\u201d, para a Associa\u00e7\u00e3o Brasileira da Ind\u00fastria T\u00eaxtil e de Confec\u00e7\u00e3o (Abit), para a Associa\u00e7\u00e3o Brasileira do Varejo T\u00eaxtil (Abvtex) e para o Instituto para Desenvolvimento do Varejo (IDV), que divulgaram nota conjunta.<\/p>\n<p>Os representantes das empresas que fabricam e comercializam tecidos pedem ainda que os produtos importados sejam submetidos \u00e0s mesmas regulamenta\u00e7\u00f5es de qualidade em vigor para a produ\u00e7\u00e3o nacional.<\/p>\n<p>\u201cH\u00e1 que se garantir que a Receita Federal tenha meios de coibir as fraudes, como subfaturamento do pre\u00e7o declarado para venda e o fracionamento da entrega das mercadorias, com vistas a se beneficiar de redu\u00e7\u00e3o de al\u00edquotas previstas para valores at\u00e9 US$ 50\u201d, acrescenta o comunicado divulgado pelas entidades.<\/p>\n<p>A Associa\u00e7\u00e3o Comercial de S\u00e3o Paulo (ACSP) considera que a al\u00edquota representa um avan\u00e7o no debate, embora ainda distante do pleito inicial da isonomia tribut\u00e1ria. &#8220;A ACSP est\u00e1 empenhada em buscar uma rela\u00e7\u00e3o econ\u00f4mica mais equilibrada entre o mercado nacional e as plataformas internacionais. E a isonomia tribut\u00e1ria \u00e9 fundamental para garantir a continuidade das opera\u00e7\u00f5es das empresas brasileiras, al\u00e9m de preservar empregos e renda dos trabalhadores. A Associa\u00e7\u00e3o Comercial tem atuado incansavelmente nessa pauta e continuar\u00e1 com o seu trabalho de sensibiliza\u00e7\u00e3o, aguardando, agora, a aprecia\u00e7\u00e3o da mat\u00e9ria pelo Senado&#8221;, disse o presidente da ACSP, Roberto Mateus Ordine.<\/p>\n<p>A Shein, uma das principais plataformas que fazem a intermedia\u00e7\u00e3o de compras internacionais, criticou a taxa\u00e7\u00e3o. Segundo a empresa, a medida vai impactar a popula\u00e7\u00e3o com menor poder aquisitivo que tem acessado produtos mais baratos pela importa\u00e7\u00e3o direta. \u201cMesmo diante da decis\u00e3o, a Shein reafirma o seu compromisso com o consumidor e refor\u00e7a que seguir\u00e1 dialogando e trabalhando junto ao governo e demais <em>stakeholders<\/em> para encontrar caminhos que possam viabilizar o acesso da popula\u00e7\u00e3o, principalmente das classes C, D e E \u2013 cerca de 88% de nossos consumidores, segundo pesquisa do Ipsos \u2013 para que continuem tendo acesso ao mercado global\u201d, diz a nota da empresa.<\/p>\n<\/p><\/div>\n<p><br \/>\n<br \/><a href=\"https:\/\/agenciabrasil.ebc.com.br\/economia\/noticia\/2024-05\/associacoes-defendem-taxacao-de-pequenas-compras-internacionais\" rel=\"noopener\">Ag\u00eancia Brasil<\/a><\/p>\n","protected":false},"excerpt":{"rendered":"<p>Associa\u00e7\u00f5es que representam a ind\u00fastria brasileira defenderam a taxa\u00e7\u00e3o das compras internacionais at\u00e9 US$ 50. Esses valores s\u00e3o isentos de tributa\u00e7\u00e3o, mas a C\u00e2mara dos Deputados aprovou nessa ter\u00e7a-feira (28) um projeto que prev\u00ea a cobran\u00e7a de 20% sobre o valor do produto. A proposta de taxa\u00e7\u00e3o das compras foi inserida no projeto de lei [&hellip;]<\/p>\n","protected":false},"author":1,"featured_media":269,"comment_status":"open","ping_status":"open","sticky":false,"template":"","format":"standard","meta":{"_jetpack_newsletter_access":"","_jetpack_dont_email_post_to_subs":false,"_jetpack_newsletter_tier_id":0,"_jetpack_memberships_contains_paywalled_content":false,"_mbp_banners":[],"_jetpack_feature_clip_id":0,"_jetpack_memberships_contains_paid_content":false,"footnotes":"","jetpack_publicize_message":"","jetpack_publicize_feature_enabled":true,"jetpack_social_post_already_shared":true,"jetpack_social_options":{"image_generator_settings":{"template":"highway","default_image_id":0,"font":"","enabled":false},"version":2},"jetpack_post_was_ever_published":false},"categories":[24],"tags":[],"class_list":["post-6953","post","type-post","status-publish","format-standard","has-post-thumbnail","category-economia"],"jetpack_publicize_connections":[],"jetpack-related-posts":[],"jetpack_shortlink":"https:\/\/wp.me\/p7Eq1F-1O9","jetpack_sharing_enabled":true,"jetpack_featured_media_url":"https:\/\/i0.wp.com\/guialimeira.com.br\/news\/wp-content\/uploads\/2024\/03\/thumb_1200x600_agbrasil.png?fit=1200%2C600&ssl=1","_links":{"self":[{"href":"https:\/\/guialimeira.com.br\/news\/wp-json\/wp\/v2\/posts\/6953","targetHints":{"allow":["GET"]}}],"collection":[{"href":"https:\/\/guialimeira.com.br\/news\/wp-json\/wp\/v2\/posts"}],"about":[{"href":"https:\/\/guialimeira.com.br\/news\/wp-json\/wp\/v2\/types\/post"}],"author":[{"embeddable":true,"href":"https:\/\/guialimeira.com.br\/news\/wp-json\/wp\/v2\/users\/1"}],"replies":[{"embeddable":true,"href":"https:\/\/guialimeira.com.br\/news\/wp-json\/wp\/v2\/comments?post=6953"}],"version-history":[{"count":0,"href":"https:\/\/guialimeira.com.br\/news\/wp-json\/wp\/v2\/posts\/6953\/revisions"}],"wp:featuredmedia":[{"embeddable":true,"href":"https:\/\/guialimeira.com.br\/news\/wp-json\/wp\/v2\/media\/269"}],"wp:attachment":[{"href":"https:\/\/guialimeira.com.br\/news\/wp-json\/wp\/v2\/media?parent=6953"}],"wp:term":[{"taxonomy":"category","embeddable":true,"href":"https:\/\/guialimeira.com.br\/news\/wp-json\/wp\/v2\/categories?post=6953"},{"taxonomy":"post_tag","embeddable":true,"href":"https:\/\/guialimeira.com.br\/news\/wp-json\/wp\/v2\/tags?post=6953"}],"curies":[{"name":"wp","href":"https:\/\/api.w.org\/{rel}","templated":true}]}}