{"id":69528,"date":"2026-06-18T19:48:20","date_gmt":"2026-06-18T22:48:20","guid":{"rendered":"https:\/\/guialimeira.com.br\/feirao-casa-paulista-aproximadamente-190-novas-cartas-de-credito-serao-oferecidas-para-familias-da-cidade-de-marilia-comprarem-primeiro-imovel\/"},"modified":"2026-06-18T19:48:20","modified_gmt":"2026-06-18T22:48:20","slug":"feirao-casa-paulista-aproximadamente-190-novas-cartas-de-credito-serao-oferecidas-para-familias-da-cidade-de-marilia-comprarem-primeiro-imovel","status":"publish","type":"post","link":"https:\/\/guialimeira.com.br\/news\/feirao-casa-paulista-aproximadamente-190-novas-cartas-de-credito-serao-oferecidas-para-familias-da-cidade-de-marilia-comprarem-primeiro-imovel\/","title":{"rendered":"Feir\u00e3o Casa Paulista: aproximadamente 190 novas cartas de cr\u00e9dito ser\u00e3o oferecidas para fam\u00edlias da cidade de Mar\u00edlia comprarem primeiro im\u00f3vel"},"content":{"rendered":"<p> <br \/>\n<br \/><img data-recalc-dims=\"1\" decoding=\"async\" src=\"https:\/\/i0.wp.com\/www.agenciasp.sp.gov.br\/wp-content\/uploads\/2026\/05\/WhatsApp-Image-2026-05-07-at-19.40.38.jpeg?w=696&#038;ssl=1\" \/><\/p>\n<div>\n<p class=\"wp-block-paragraph\">O Governo de S\u00e3o Paulo, por meio do programa Casa Paulista, vai disponibilizar cerca de R$ 1,9 milh\u00e3o em subs\u00eddios para a nova edi\u00e7\u00e3o do Feir\u00e3o Casa Paulista, que ocorre em Mar\u00edlia a partir desta quinta-feira (18).<\/p>\n<p class=\"wp-block-paragraph\">Ao todo , ser\u00e3o oferecidas 188 novas Cartas de Cr\u00e9dito Imobili\u00e1rio (CCI), com valor de R$ 10 mil cada uma, a fundo perdido, para fam\u00edlias que desejam adquirir o primeiro im\u00f3vel em sete empreendimentos localizados no munic\u00edpio.<\/p>\n<p class=\"wp-block-paragraph\">Para participar, \u00e9 necess\u00e1rio atender aos requisitos do programa Casa Paulista \u2013 Carta de Cr\u00e9dito Imobili\u00e1rio: possuir renda familiar de at\u00e9 tr\u00eas sal\u00e1rios m\u00ednimos; n\u00e3o possuir im\u00f3vel no pr\u00f3prio nome; n\u00e3o ter financiamento imobili\u00e1rio ativo; e n\u00e3o ter sido beneficiado por outro programa habitacional. <strong>Os eventos ser\u00e3o realizados nos dias, hor\u00e1rios e locais abaixo:<\/strong><\/p>\n<p class=\"wp-block-paragraph\"><strong>Endere\u00e7o 1 \u2013 Im\u00f3veis das construtoras Menin, Pacaembu e Vitta (155 unidades)<br \/><\/strong>Dias: quinta-feira (18) a domingo (21)<br \/>Hor\u00e1rio: das 09h \u00e0s 19h<br \/>Local: Pra\u00e7a Maria Cosentino, s\/n (em frente \u00e0 Cobasi)<\/p>\n<p class=\"wp-block-paragraph\"><strong>Endere\u00e7o 2 \u2013 Im\u00f3veis da construtora MGCOM (33 unidades)<br \/><\/strong>Dias: sexta-feira (19) e s\u00e1bado (20)<br \/>Hor\u00e1rio: sexta-feira, das 16h \u00e0s 20h, e s\u00e1bado, das 11h \u00e0s 18h<br \/>Local: Avenida Murilo Mendes Benincasa, n\u00ba 430, Altos do Palmital<\/p>\n<h3 class=\"wp-block-heading\"><strong>Nova fase<\/strong><\/h3>\n<p class=\"wp-block-paragraph\">Ap\u00f3s um per\u00edodo de an\u00e1lises e balan\u00e7os, os Feir\u00f5es Casa Paulista foram retomados no final de janeiro, com a publica\u00e7\u00e3o de novo chamamento para empresas interessadas. Para esta nova fase de retomada, a SDUH estabeleceu crit\u00e9rios rigorosos de prioriza\u00e7\u00e3o para garantir a agilidade das entregas. Al\u00e9m disso, os im\u00f3veis devem possuir no m\u00ednimo dois dormit\u00f3rios e estar devidamente contratados junto \u00e0 Caixa Econ\u00f4mica Federal at\u00e9 a data final da realiza\u00e7\u00e3o do feir\u00e3o. As entidades organizadoras interessadas, sejam elas prefeituras, associa\u00e7\u00f5es ou empresas privadas, devem encaminhar o Termo de Ades\u00e3o exclusivamente pelo e-mail feirao@casapaulista.sp.gov.br.<\/p>\n<p class=\"wp-block-paragraph\">O evento segue as normas da Resolu\u00e7\u00e3o SDUH n\u00ba 43, de 22 de agosto de 2025. Durante os feir\u00f5es, as construtoras podem ofertar tanto unidades de empreendimentos j\u00e1 cadastrados quanto novos projetos que recebam aporte pontual para o evento, desde que utilizem financiamento via FGTS. Ap\u00f3s o encerramento das atividades, as empresas t\u00eam o prazo de cinco dias \u00fateis para enviar \u00e0 SDUH um relat\u00f3rio detalhado contendo as informa\u00e7\u00f5es das fam\u00edlias atendidas e das unidades negociadas, subsidiando a autoriza\u00e7\u00e3o para a libera\u00e7\u00e3o dos recursos.<\/p>\n<h3 class=\"wp-block-heading\"><strong>Balan\u00e7o do Casa Paulista \u2013 Carta de Cr\u00e9dito Imobili\u00e1rio<\/strong><\/h3>\n<p class=\"wp-block-paragraph\">Desde 2023, o programa Casa Paulista entregou na Regi\u00e3o Administrativa de Mar\u00edlia mais de 3,1 mil unidades habitacionais pela modalidade Carta de Cr\u00e9dito Imobili\u00e1rio, com investimento de R$ 31,7 milh\u00f5es. Outras 3,9 mil unidades est\u00e3o em constru\u00e7\u00e3o, com investimento de R$ 41,1 milh\u00f5es.<\/p>\n<p class=\"wp-block-paragraph\">Os subs\u00eddios demonstram o compromisso do Governo de S\u00e3o Paulo em ampliar o atendimento habitacional e priorizar as fam\u00edlias que mais necessitam de apoio do Estado. Levantamento da SDUH mostra que, em empreendimentos participantes do programa, a renda m\u00e9dia das fam\u00edlias beneficiadas com os subs\u00eddios estaduais \u00e9 de R$ 2,8 mil, equivalentes a 1,87 sal\u00e1rio m\u00ednimo em 2025. Nos mesmos empreendimentos, a renda m\u00e9dia dos compradores que n\u00e3o utilizam o cheque do Casa Paulista \u00e9 de R$ 5,2 mil (3,44 sal\u00e1rios m\u00ednimos), evidenciando o impacto social do benef\u00edcio.<\/p>\n<\/p><\/div>\n<p><br \/>\n<br \/><a href=\"https:\/\/www.agenciasp.sp.gov.br\/feirao-casa-paulista-aproximadamente-190-novas-cartas-de-credito-serao-oferecidas-para-familias-da-cidade-de-marilia-comprarem-primeiro-imovel\/\" rel=\"noopener\">Informa\u00e7\u00f5es GOV.SP<\/a><\/p>\n","protected":false},"excerpt":{"rendered":"<p>O Governo de S\u00e3o Paulo, por meio do programa Casa Paulista, vai disponibilizar cerca de R$ 1,9 milh\u00e3o em subs\u00eddios para a nova edi\u00e7\u00e3o do Feir\u00e3o Casa Paulista, que ocorre em Mar\u00edlia a partir desta quinta-feira (18). Ao todo , ser\u00e3o oferecidas 188 novas Cartas de Cr\u00e9dito Imobili\u00e1rio (CCI), com valor de R$ 10 mil [&hellip;]<\/p>\n","protected":false},"author":1,"featured_media":69529,"comment_status":"","ping_status":"open","sticky":false,"template":"","format":"standard","meta":{"_jetpack_newsletter_access":"","_jetpack_dont_email_post_to_subs":false,"_jetpack_newsletter_tier_id":0,"_jetpack_memberships_contains_paywalled_content":false,"_mbp_banners":[],"_jetpack_feature_clip_id":0,"_jetpack_memberships_contains_paid_content":false,"footnotes":"","jetpack_publicize_message":"","jetpack_publicize_feature_enabled":true,"jetpack_social_post_already_shared":true,"jetpack_social_options":{"image_generator_settings":{"template":"highway","default_image_id":0,"font":"","enabled":false},"version":2},"jetpack_post_was_ever_published":false},"categories":[21],"tags":[],"class_list":["post-69528","post","type-post","status-publish","format-standard","has-post-thumbnail","category-sp-news"],"jetpack_publicize_connections":[],"jetpack-related-posts":[],"jetpack_shortlink":"https:\/\/wp.me\/p7Eq1F-i5q","jetpack_sharing_enabled":true,"jetpack_featured_media_url":"https:\/\/i0.wp.com\/guialimeira.com.br\/news\/wp-content\/uploads\/2026\/06\/Feirao-Casa-Paulista-aproximadamente-190-novas-cartas-de-credito-serao.jpeg?fit=1600%2C1066&ssl=1","_links":{"self":[{"href":"https:\/\/guialimeira.com.br\/news\/wp-json\/wp\/v2\/posts\/69528","targetHints":{"allow":["GET"]}}],"collection":[{"href":"https:\/\/guialimeira.com.br\/news\/wp-json\/wp\/v2\/posts"}],"about":[{"href":"https:\/\/guialimeira.com.br\/news\/wp-json\/wp\/v2\/types\/post"}],"author":[{"embeddable":true,"href":"https:\/\/guialimeira.com.br\/news\/wp-json\/wp\/v2\/users\/1"}],"replies":[{"embeddable":true,"href":"https:\/\/guialimeira.com.br\/news\/wp-json\/wp\/v2\/comments?post=69528"}],"version-history":[{"count":0,"href":"https:\/\/guialimeira.com.br\/news\/wp-json\/wp\/v2\/posts\/69528\/revisions"}],"wp:featuredmedia":[{"embeddable":true,"href":"https:\/\/guialimeira.com.br\/news\/wp-json\/wp\/v2\/media\/69529"}],"wp:attachment":[{"href":"https:\/\/guialimeira.com.br\/news\/wp-json\/wp\/v2\/media?parent=69528"}],"wp:term":[{"taxonomy":"category","embeddable":true,"href":"https:\/\/guialimeira.com.br\/news\/wp-json\/wp\/v2\/categories?post=69528"},{"taxonomy":"post_tag","embeddable":true,"href":"https:\/\/guialimeira.com.br\/news\/wp-json\/wp\/v2\/tags?post=69528"}],"curies":[{"name":"wp","href":"https:\/\/api.w.org\/{rel}","templated":true}]}}