{"id":69516,"date":"2026-06-18T17:46:16","date_gmt":"2026-06-18T20:46:16","guid":{"rendered":"https:\/\/guialimeira.com.br\/caravana-3d-governo-de-sp-amplia-abastecimento-de-agua-para-12-milhao-de-moradores-da-baixada-santista\/"},"modified":"2026-06-18T17:46:16","modified_gmt":"2026-06-18T20:46:16","slug":"caravana-3d-governo-de-sp-amplia-abastecimento-de-agua-para-12-milhao-de-moradores-da-baixada-santista","status":"publish","type":"post","link":"https:\/\/guialimeira.com.br\/news\/caravana-3d-governo-de-sp-amplia-abastecimento-de-agua-para-12-milhao-de-moradores-da-baixada-santista\/","title":{"rendered":"Caravana 3D: Governo de SP amplia abastecimento de \u00e1gua para 1,2 milh\u00e3o de moradores da Baixada Santista"},"content":{"rendered":"<p> <br \/>\n<\/p>\n<div>\n<p class=\"wp-block-paragraph\">A Baixada Santista recebeu nesta quinta-feira (18) dois novos reservat\u00f3rios de \u00e1gua tratada em Itanha\u00e9m, que ampliam a seguran\u00e7a h\u00eddrica da regi\u00e3o. A entrega foi realizada durante o primeiro dia de Caravana 3D \u2013 Desenvolvimento, Dignidade e Di\u00e1logo, que passa pelos munic\u00edpios at\u00e9 sexta-feira (19).\u00a0 Os reservat\u00f3rios inaugurados nesta etapa s\u00e3o os primeiros do sistema Mambu-Branco e receberam investimento de R$ 84,6 milh\u00f5es. Juntas, as duas estruturas t\u00eam capacidade para armazenar 20 milh\u00f5es de litros de \u00e1gua tratada, integram um projeto que alcan\u00e7ar\u00e1 40 milh\u00f5es de litros de reserva\u00e7\u00e3o e j\u00e1 beneficiam diretamente cerca de 1,2 milh\u00e3o de moradores de cinco cidades, incluindo Praia Grande, S\u00e3o Vicente e Peru\u00edbe.\u00a0<\/p>\n<figure class=\"wp-block-image size-large\"><img data-recalc-dims=\"1\" fetchpriority=\"high\" decoding=\"async\" width=\"696\" height=\"464\" src=\"https:\/\/i0.wp.com\/www.agenciasp.sp.gov.br\/wp-content\/uploads\/2026\/06\/Entrega-dos-Reservatorios-1-e-4-da-ETA-Mambu-Branco-Itanhaem-3-1024x683.jpg?resize=696%2C464&#038;ssl=1\" alt=\"\" class=\"wp-image-153178 lazy\" srcset=\"https:\/\/www.agenciasp.sp.gov.br\/wp-content\/uploads\/2026\/06\/Entrega-dos-Reservatorios-1-e-4-da-ETA-Mambu-Branco-Itanhaem-3-1024x683.jpg 1024w, https:\/\/www.agenciasp.sp.gov.br\/wp-content\/uploads\/2026\/06\/Entrega-dos-Reservatorios-1-e-4-da-ETA-Mambu-Branco-Itanhaem-3-300x200.jpg 300w, https:\/\/www.agenciasp.sp.gov.br\/wp-content\/uploads\/2026\/06\/Entrega-dos-Reservatorios-1-e-4-da-ETA-Mambu-Branco-Itanhaem-3-768x512.jpg 768w, https:\/\/www.agenciasp.sp.gov.br\/wp-content\/uploads\/2026\/06\/Entrega-dos-Reservatorios-1-e-4-da-ETA-Mambu-Branco-Itanhaem-3-1536x1024.jpg 1536w, https:\/\/www.agenciasp.sp.gov.br\/wp-content\/uploads\/2026\/06\/Entrega-dos-Reservatorios-1-e-4-da-ETA-Mambu-Branco-Itanhaem-3-2048x1365.jpg 2048w, https:\/\/www.agenciasp.sp.gov.br\/wp-content\/uploads\/2026\/06\/Entrega-dos-Reservatorios-1-e-4-da-ETA-Mambu-Branco-Itanhaem-3-150x100.jpg 150w\" data-sizes=\"(max-width: 1024px) 100vw, 1024px\"\/><figcaption class=\"wp-element-caption\">Os recursos integram o novo ciclo de investimentos da Sabesp voltado \u00e0 universaliza\u00e7\u00e3o do saneamento e \u00e0 amplia\u00e7\u00e3o da infraestrutura nos munic\u00edpios paulistas. Foto: Paulo Guereta\/Governo do Estado de SP<\/figcaption><\/figure>\n<p class=\"wp-block-paragraph\">\u201cHoje estamos inaugurando os primeiros reservat\u00f3rios do sistema Mambu-Branco, com capacidade para armazenar 20 milh\u00f5es de litros de \u00e1gua. \u00c9 um investimento que fortalece o abastecimento e ajuda a resolver um problema hist\u00f3rico da Baixada Santista. Estamos mudando a l\u00f3gica do abastecimento de \u00e1gua nos munic\u00edpios. Com mais capacidade de reserva\u00e7\u00e3o e novos investimentos em infraestrutura, a regi\u00e3o ganha mais seguran\u00e7a h\u00eddrica\u201d, disse o governador Tarc\u00edsio de Freitas.<\/p>\n<p class=\"wp-block-paragraph\">\u201cO Centro de Reserva\u00e7\u00e3o Mambu-Branco \u00e9 uma obra fundamental para fortalecer a infraestrutura de abastecimento da Baixada Santista. Com maior capacidade de armazenamento, garantimos mais seguran\u00e7a operacional, maior confiabilidade no sistema e mais qualidade de vida para a popula\u00e7\u00e3o atendida\u201d, afirmou a secret\u00e1ria de Meio Ambiente, Infraestrutura e Log\u00edstica, Nat\u00e1lia Resende.<\/p>\n<p class=\"wp-block-paragraph\">Os recursos integram o novo ciclo de investimentos da Sabesp voltado \u00e0 universaliza\u00e7\u00e3o do saneamento e \u00e0 amplia\u00e7\u00e3o da infraestrutura nos munic\u00edpios paulistas. O projeto prev\u00ea a implanta\u00e7\u00e3o de quatro reservat\u00f3rios com capacidade de armazenamento de 10 mil metros c\u00fabicos cada, totalizando 40 mil metros c\u00fabicos de \u00e1gua tratada. Nesta etapa, entram em opera\u00e7\u00e3o os reservat\u00f3rios um e dois, ampliando a capacidade de reserva\u00e7\u00e3o do sistema que atende os munic\u00edpios de Itanha\u00e9m, Peru\u00edbe, Mongagu\u00e1, Praia Grande e S\u00e3o Vicente.\u00a0<\/p>\n<p class=\"wp-block-paragraph\">A nova estrutura \u00e9 um estoque estrat\u00e9gico de \u00e1gua tratada, permitindo maior resili\u00eancia operacional do sistema em situa\u00e7\u00f5es de manuten\u00e7\u00e3o, eventuais interrup\u00e7\u00f5es na produ\u00e7\u00e3o ou per\u00edodos de maior consumo, especialmente durante a alta temporada, quando a popula\u00e7\u00e3o da regi\u00e3o aumenta significativamente.\u00a0<\/p>\n<p class=\"wp-block-paragraph\">As obras tiveram in\u00edcio em julho de 2025 e fazem parte do plano de amplia\u00e7\u00e3o e moderniza\u00e7\u00e3o dos sistemas de abastecimento da regi\u00e3o. Cada reservat\u00f3rio possui 56 metros de di\u00e2metro, 5 metros de altura e capacidade \u00fatil para armazenar 10 milh\u00f5es de litros de \u00e1gua tratada. As estruturas s\u00e3o sustentadas por funda\u00e7\u00f5es profundas com estacas de concreto pr\u00e9-moldadas que atingem profundidade m\u00e9dia de 40 metros.\u00a0<\/p>\n<p class=\"wp-block-paragraph\">O empreendimento tamb\u00e9m incorpora tecnologia inovadora com reservat\u00f3rios met\u00e1licos parafusados, constru\u00eddos com costado em a\u00e7o galvanizado vitrificado e cobertura em domo autoportante de alum\u00ednio. A solu\u00e7\u00e3o proporciona maior durabilidade, rapidez construtiva e efici\u00eancia operacional.\u00a0<\/p>\n<figure class=\"wp-block-image size-large\"><img data-recalc-dims=\"1\" loading=\"lazy\" decoding=\"async\" width=\"696\" height=\"464\" src=\"https:\/\/i0.wp.com\/www.agenciasp.sp.gov.br\/wp-content\/uploads\/2026\/06\/Entrega-dos-Reservatorios-1-e-4-da-ETA-Mambu-Branco-Itanhaem-4-1024x683.jpg?resize=696%2C464&#038;ssl=1\" alt=\"\" class=\"wp-image-153181 lazy\" srcset=\"https:\/\/www.agenciasp.sp.gov.br\/wp-content\/uploads\/2026\/06\/Entrega-dos-Reservatorios-1-e-4-da-ETA-Mambu-Branco-Itanhaem-4-1024x683.jpg 1024w, https:\/\/www.agenciasp.sp.gov.br\/wp-content\/uploads\/2026\/06\/Entrega-dos-Reservatorios-1-e-4-da-ETA-Mambu-Branco-Itanhaem-4-300x200.jpg 300w, https:\/\/www.agenciasp.sp.gov.br\/wp-content\/uploads\/2026\/06\/Entrega-dos-Reservatorios-1-e-4-da-ETA-Mambu-Branco-Itanhaem-4-768x512.jpg 768w, https:\/\/www.agenciasp.sp.gov.br\/wp-content\/uploads\/2026\/06\/Entrega-dos-Reservatorios-1-e-4-da-ETA-Mambu-Branco-Itanhaem-4-1536x1024.jpg 1536w, https:\/\/www.agenciasp.sp.gov.br\/wp-content\/uploads\/2026\/06\/Entrega-dos-Reservatorios-1-e-4-da-ETA-Mambu-Branco-Itanhaem-4-2048x1365.jpg 2048w, https:\/\/www.agenciasp.sp.gov.br\/wp-content\/uploads\/2026\/06\/Entrega-dos-Reservatorios-1-e-4-da-ETA-Mambu-Branco-Itanhaem-4-150x100.jpg 150w\" data-sizes=\"(max-width: 1024px) 100vw, 1024px\"\/><\/figure>\n<p class=\"wp-block-paragraph\">Al\u00e9m dos dois reservat\u00f3rios j\u00e1 entregues, outros dois seguem em fases de implanta\u00e7\u00e3o. A conclus\u00e3o das estruturas est\u00e1 prevista para o segundo semestre de 2026. Quando finalizado, o Centro de Reserva\u00e7\u00e3o Mambu-Branco ser\u00e1 um dos principais sistemas de abastecimento da regi\u00e3o, ampliando a capacidade de armazenamento de \u00e1gua tratada e contribuindo para a universaliza\u00e7\u00e3o dos servi\u00e7os de saneamento e para o desenvolvimento sustent\u00e1vel da Baixada Santista.\u00a0<\/p>\n<h2 class=\"wp-block-heading\">Caravana 3D<\/h2>\n<p class=\"wp-block-paragraph\">A Caravana 3D \u00e9 uma iniciativa do Governo de S\u00e3o Paulo que percorre as regi\u00f5es paulistas levando pol\u00edticas p\u00fablicas com foco nos tr\u00eas pilares da gest\u00e3o: desenvolvimento, dignidade e di\u00e1logo. A proposta \u00e9 fortalecer a articula\u00e7\u00e3o com os munic\u00edpios, promovendo entregas e investimentos que considerem as necessidades locais e contribuam para a melhoria da qualidade de vida da popula\u00e7\u00e3o. Antes da Baixada Santista, a a\u00e7\u00e3o passou pelas regi\u00f5es Central, Barretos, Registro, Bauru, regi\u00e3o do ABC, Ribeir\u00e3o Preto, Campinas, Vale do Para\u00edba, S\u00e3o Jos\u00e9 do Rio Preto, Ara\u00e7atuba, Mar\u00edlia, Sorocaba, Presidente Prudente e Itapeva.\u00a0<\/p>\n<p class=\"wp-block-paragraph\">A Caravana refor\u00e7a o compromisso do governo paulista com uma atua\u00e7\u00e3o mais pr\u00f3xima e integrada, baseada na escuta do cidad\u00e3o e no di\u00e1logo com lideran\u00e7as locais. Em cada etapa, s\u00e3o realizadas visitas aos munic\u00edpios e an\u00fancios de a\u00e7\u00f5es concretas nas \u00e1reas de sa\u00fade, educa\u00e7\u00e3o, habita\u00e7\u00e3o, infraestrutura e seguran\u00e7a.<\/p>\n<\/p><\/div>\n<p><br \/>\n<br \/><a href=\"https:\/\/www.agenciasp.sp.gov.br\/caravana-3d-governo-de-sp-amplia-abastecimento-de-agua-para-12-milhao-de-moradores-da-baixada-santista\/\" rel=\"noopener\">Informa\u00e7\u00f5es GOV.SP<\/a><\/p>\n","protected":false},"excerpt":{"rendered":"<p>A Baixada Santista recebeu nesta quinta-feira (18) dois novos reservat\u00f3rios de \u00e1gua tratada em Itanha\u00e9m, que ampliam a seguran\u00e7a h\u00eddrica da regi\u00e3o. A entrega foi realizada durante o primeiro dia de Caravana 3D \u2013 Desenvolvimento, Dignidade e Di\u00e1logo, que passa pelos munic\u00edpios at\u00e9 sexta-feira (19).\u00a0 Os reservat\u00f3rios inaugurados nesta etapa s\u00e3o os primeiros do sistema [&hellip;]<\/p>\n","protected":false},"author":1,"featured_media":69517,"comment_status":"","ping_status":"open","sticky":false,"template":"","format":"standard","meta":{"_jetpack_newsletter_access":"","_jetpack_dont_email_post_to_subs":false,"_jetpack_newsletter_tier_id":0,"_jetpack_memberships_contains_paywalled_content":false,"_mbp_banners":[],"_jetpack_feature_clip_id":0,"_jetpack_memberships_contains_paid_content":false,"footnotes":"","jetpack_publicize_message":"","jetpack_publicize_feature_enabled":true,"jetpack_social_post_already_shared":true,"jetpack_social_options":{"image_generator_settings":{"template":"highway","default_image_id":0,"font":"","enabled":false},"version":2},"jetpack_post_was_ever_published":false},"categories":[21],"tags":[],"class_list":["post-69516","post","type-post","status-publish","format-standard","has-post-thumbnail","category-sp-news"],"jetpack_publicize_connections":[],"jetpack-related-posts":[],"jetpack_shortlink":"https:\/\/wp.me\/p7Eq1F-i5e","jetpack_sharing_enabled":true,"jetpack_featured_media_url":"https:\/\/i0.wp.com\/guialimeira.com.br\/news\/wp-content\/uploads\/2026\/06\/Caravana-3D-Governo-de-SP-amplia-abastecimento-de-agua-para.jpg?fit=1024%2C683&ssl=1","_links":{"self":[{"href":"https:\/\/guialimeira.com.br\/news\/wp-json\/wp\/v2\/posts\/69516","targetHints":{"allow":["GET"]}}],"collection":[{"href":"https:\/\/guialimeira.com.br\/news\/wp-json\/wp\/v2\/posts"}],"about":[{"href":"https:\/\/guialimeira.com.br\/news\/wp-json\/wp\/v2\/types\/post"}],"author":[{"embeddable":true,"href":"https:\/\/guialimeira.com.br\/news\/wp-json\/wp\/v2\/users\/1"}],"replies":[{"embeddable":true,"href":"https:\/\/guialimeira.com.br\/news\/wp-json\/wp\/v2\/comments?post=69516"}],"version-history":[{"count":0,"href":"https:\/\/guialimeira.com.br\/news\/wp-json\/wp\/v2\/posts\/69516\/revisions"}],"wp:featuredmedia":[{"embeddable":true,"href":"https:\/\/guialimeira.com.br\/news\/wp-json\/wp\/v2\/media\/69517"}],"wp:attachment":[{"href":"https:\/\/guialimeira.com.br\/news\/wp-json\/wp\/v2\/media?parent=69516"}],"wp:term":[{"taxonomy":"category","embeddable":true,"href":"https:\/\/guialimeira.com.br\/news\/wp-json\/wp\/v2\/categories?post=69516"},{"taxonomy":"post_tag","embeddable":true,"href":"https:\/\/guialimeira.com.br\/news\/wp-json\/wp\/v2\/tags?post=69516"}],"curies":[{"name":"wp","href":"https:\/\/api.w.org\/{rel}","templated":true}]}}