{"id":6951,"date":"2024-05-29T18:42:51","date_gmt":"2024-05-29T21:42:51","guid":{"rendered":"https:\/\/guialimeira.com.br\/2024\/05\/29\/termo-de-compromisso-com-limeira-foi-tema-de-reuniao-entre-presidencia-e-observatorio\/"},"modified":"2024-05-29T18:42:51","modified_gmt":"2024-05-29T21:42:51","slug":"termo-de-compromisso-com-limeira-foi-tema-de-reuniao-entre-presidencia-e-observatorio","status":"publish","type":"post","link":"https:\/\/guialimeira.com.br\/news\/termo-de-compromisso-com-limeira-foi-tema-de-reuniao-entre-presidencia-e-observatorio\/","title":{"rendered":"Termo de Compromisso com Limeira foi tema de reuni\u00e3o entre presid\u00eancia e Observat\u00f3rio"},"content":{"rendered":"<p> <br \/>\n<\/p>\n<div>\n<p>Nesta quarta-feira, 29 de maio, o presidente da C\u00e2mara, vereador Everton Ferreira (PSD), se reuniu com representantes do Observat\u00f3rio Social do Brasil (OSB) para discutir o avan\u00e7o do Termo de Compromisso com Limeira.\u00a0<\/p>\n<p>Participaram do encontro, os volunt\u00e1rios do OSB Limeira Raul Groppo, Maur\u00edcio Carvalho, Wanderlei Vieira e Milton Souza.\u00a0<\/p>\n<p>Os avan\u00e7os e pontos a serem aprimorados do Termo de Compromisso com Limeira 2021\/2024 em rela\u00e7\u00e3o \u00e0s metas estabelecidas para a Prefeitura e para o Legislativo foram a pauta principal da reuni\u00e3o, que tamb\u00e9m abordou o acompanhamento e fiscaliza\u00e7\u00e3o do or\u00e7amento municipal.<\/p>\n<p>Segundo os representantes, o \u00f3rg\u00e3o est\u00e1 fazendo a an\u00e1lise das metas do Termo estabelecidas para a gest\u00e3o 2021\/2024, levantando quais est\u00e3o tendo \u00eaxito e quais est\u00e3o em defasagem. As informa\u00e7\u00f5es ser\u00e3o utilizadas para embasar o pr\u00f3ximo Termo de Compromisso 2025\/2028.<\/p>\n<p>Outro tema abordado foi o mapa de riscos, que traz itens considerados cr\u00edticos na cidade que deveriam ser trabalhados de forma priorit\u00e1ria pela gest\u00e3o, com pontos previstos na Agenda 2030 da ONU, adequados \u00e0 realidade brasileira pelo Instituto de Pesquisa Econ\u00f4mica Aplicada (IPEA). As a\u00e7\u00f5es do munic\u00edpio em rela\u00e7\u00e3o a esses itens est\u00e3o passando por uma nova avalia\u00e7\u00e3o do Observat\u00f3rio e a publica\u00e7\u00e3o dos dados, de acordo com Groppo, ser\u00e1 feita no m\u00eas de julho.<\/p>\n<p><strong>Termo de Compromisso\u00a0<\/strong><\/p>\n<p>O Termo de Compromisso com Limeira foi idealizado em 2019 e constru\u00eddo com o apoio de mais de 40 institui\u00e7\u00f5es do munic\u00edpio. O documento prop\u00f4s tr\u00eas grandes objetivos aos candidatos a prefeito e vereador nas elei\u00e7\u00f5es de 2020, convidando-os a serem signat\u00e1rios.\u00a0<\/p>\n<p>Todos os candidatos a chefe do Executivo e 70% dos eleitos para cadeiras na C\u00e2mara aceitaram. Desde o in\u00edcio dos mandatos, em 2021, o OSB Limeira monitora a aplica\u00e7\u00e3o dos itens propostos no Termo.<\/p>\n<\/p><\/div>\n<p><br \/>\n<br \/><a href=\"https:\/\/www.limeira.sp.leg.br\/noticias\/view\/2024-05-29_termo-de-compromisso-com-limeira-foi-tema-de-reuniao-entre-presidencia-e-observatorio\" rel=\"noopener\">Informa\u00e7\u00f5es CML<\/a><\/p>\n","protected":false},"excerpt":{"rendered":"<p>Nesta quarta-feira, 29 de maio, o presidente da C\u00e2mara, vereador Everton Ferreira (PSD), se reuniu com representantes do Observat\u00f3rio Social do Brasil (OSB) para discutir o avan\u00e7o do Termo de Compromisso com Limeira.\u00a0 Participaram do encontro, os volunt\u00e1rios do OSB Limeira Raul Groppo, Maur\u00edcio Carvalho, Wanderlei Vieira e Milton Souza.\u00a0 Os avan\u00e7os e pontos a [&hellip;]<\/p>\n","protected":false},"author":1,"featured_media":0,"comment_status":"open","ping_status":"open","sticky":false,"template":"","format":"standard","meta":{"_jetpack_newsletter_access":"","_jetpack_dont_email_post_to_subs":false,"_jetpack_newsletter_tier_id":0,"_jetpack_memberships_contains_paywalled_content":false,"_mbp_banners":[],"_jetpack_feature_clip_id":0,"_jetpack_memberships_contains_paid_content":false,"footnotes":"","jetpack_publicize_message":"","jetpack_publicize_feature_enabled":true,"jetpack_social_post_already_shared":true,"jetpack_social_options":{"image_generator_settings":{"template":"highway","default_image_id":0,"font":"","enabled":false},"version":2},"jetpack_post_was_ever_published":false},"categories":[19],"tags":[],"class_list":["post-6951","post","type-post","status-publish","format-standard","category-politica"],"jetpack_publicize_connections":[],"jetpack-related-posts":[],"jetpack_shortlink":"https:\/\/wp.me\/p7Eq1F-1O7","jetpack_sharing_enabled":true,"jetpack_featured_media_url":"","_links":{"self":[{"href":"https:\/\/guialimeira.com.br\/news\/wp-json\/wp\/v2\/posts\/6951","targetHints":{"allow":["GET"]}}],"collection":[{"href":"https:\/\/guialimeira.com.br\/news\/wp-json\/wp\/v2\/posts"}],"about":[{"href":"https:\/\/guialimeira.com.br\/news\/wp-json\/wp\/v2\/types\/post"}],"author":[{"embeddable":true,"href":"https:\/\/guialimeira.com.br\/news\/wp-json\/wp\/v2\/users\/1"}],"replies":[{"embeddable":true,"href":"https:\/\/guialimeira.com.br\/news\/wp-json\/wp\/v2\/comments?post=6951"}],"version-history":[{"count":0,"href":"https:\/\/guialimeira.com.br\/news\/wp-json\/wp\/v2\/posts\/6951\/revisions"}],"wp:attachment":[{"href":"https:\/\/guialimeira.com.br\/news\/wp-json\/wp\/v2\/media?parent=6951"}],"wp:term":[{"taxonomy":"category","embeddable":true,"href":"https:\/\/guialimeira.com.br\/news\/wp-json\/wp\/v2\/categories?post=6951"},{"taxonomy":"post_tag","embeddable":true,"href":"https:\/\/guialimeira.com.br\/news\/wp-json\/wp\/v2\/tags?post=6951"}],"curies":[{"name":"wp","href":"https:\/\/api.w.org\/{rel}","templated":true}]}}