{"id":69496,"date":"2026-06-18T15:43:14","date_gmt":"2026-06-18T18:43:14","guid":{"rendered":"https:\/\/guialimeira.com.br\/exposicao-no-palacio-dos-bandeirantes-celebra-legado-do-salao-paulista-de-belas-artes\/"},"modified":"2026-06-18T15:43:14","modified_gmt":"2026-06-18T18:43:14","slug":"exposicao-no-palacio-dos-bandeirantes-celebra-legado-do-salao-paulista-de-belas-artes","status":"publish","type":"post","link":"https:\/\/guialimeira.com.br\/news\/exposicao-no-palacio-dos-bandeirantes-celebra-legado-do-salao-paulista-de-belas-artes\/","title":{"rendered":"Exposi\u00e7\u00e3o no Pal\u00e1cio dos Bandeirantes celebra legado do Sal\u00e3o Paulista de Belas Artes"},"content":{"rendered":"<p> <br \/>\n<\/p>\n<div>\n<p class=\"wp-block-paragraph\">Est\u00e1 aberta, no Pal\u00e1cio dos Bandeirantes, a exposi\u00e7\u00e3o \u201cHeran\u00e7as modernistas: o Sal\u00e3o Paulista de Belas Artes\u201d, que apresenta a trajet\u00f3ria de uma das mais importantes iniciativas de incentivo \u00e0s artes promovida pelo Governo do Estado de S\u00e3o Paulo. A mostra foi aberta no in\u00edcio deste m\u00eas e est\u00e1 disposta no hall de entrada da sede do Estado.<\/p>\n<p class=\"wp-block-paragraph\">Com curadoria de Renata Rocco e Raquel Elena Ruiz, a mostra aborda a relev\u00e2ncia do Sal\u00e3o Paulista de Belas Artes, criado em 1933 e realizado por quase 80 anos. Ao longo de sua hist\u00f3ria, o Sal\u00e3o reuniu artistas de todo o Brasil e desempenhou papel fundamental na difus\u00e3o da produ\u00e7\u00e3o art\u00edstica nacional e na forma\u00e7\u00e3o de acervos p\u00fablicos.<\/p>\n<p class=\"wp-block-paragraph\"><strong>LEIA TAMB\u00c9M: <a href=\"https:\/\/www.agenciasp.sp.gov.br\/palacio-dos-bandeirantes-expoe-escultura-de-sao-jeronimo-restaurada\/\" rel=\"noopener\">Pal\u00e1cio dos Bandeirantes exp\u00f5e escultura de S\u00e3o Jer\u00f4nimo restaurada<\/a><\/strong><\/p>\n<p class=\"wp-block-paragraph\">\u201cEstamos felizes em realizar esta exposi\u00e7\u00e3o no Pal\u00e1cio dos Bandeirantes, pois ela apresenta ao p\u00fablico obras extraordin\u00e1rias do nosso acervo e resgata a importante trajet\u00f3ria do Sal\u00e3o Paulista de Belas Artes na difus\u00e3o da arte e na forma\u00e7\u00e3o dos acervos p\u00fablicos no Estado de S\u00e3o Paulo\u201d, destaca Renata Rocco.<\/p>\n<figure class=\"wp-block-image size-large\"><img data-recalc-dims=\"1\" fetchpriority=\"high\" decoding=\"async\" width=\"696\" height=\"464\" src=\"https:\/\/i0.wp.com\/www.agenciasp.sp.gov.br\/wp-content\/uploads\/2026\/06\/IMG_7908.JPG-1024x683.jpeg?resize=696%2C464&#038;ssl=1\" alt=\"\" class=\"wp-image-153119 lazy\" srcset=\"https:\/\/www.agenciasp.sp.gov.br\/wp-content\/uploads\/2026\/06\/IMG_7908.JPG-1024x683.jpeg 1024w, https:\/\/www.agenciasp.sp.gov.br\/wp-content\/uploads\/2026\/06\/IMG_7908.JPG-300x200.jpeg 300w, https:\/\/www.agenciasp.sp.gov.br\/wp-content\/uploads\/2026\/06\/IMG_7908.JPG-768x512.jpeg 768w, https:\/\/www.agenciasp.sp.gov.br\/wp-content\/uploads\/2026\/06\/IMG_7908.JPG-1536x1024.jpeg 1536w, https:\/\/www.agenciasp.sp.gov.br\/wp-content\/uploads\/2026\/06\/IMG_7908.JPG-2048x1365.jpeg 2048w, https:\/\/www.agenciasp.sp.gov.br\/wp-content\/uploads\/2026\/06\/IMG_7908.JPG-150x100.jpeg 150w\" data-sizes=\"(max-width: 1024px) 100vw, 1024px\"\/><\/figure>\n<p class=\"wp-block-paragraph\">Os Sal\u00f5es contribu\u00edram para a consolida\u00e7\u00e3o do Modernismo no Brasil e para a proje\u00e7\u00e3o de artistas como Anita Malfatti, Candido Portinari e Tarsila do Amaral, que apresentou a obra Oper\u00e1rios na primeira edi\u00e7\u00e3o oficial do evento. Atualmente, a pintura integra a cole\u00e7\u00e3o do Acervo dos Pal\u00e1cios.<\/p>\n<p class=\"wp-block-paragraph\">Todas as obras expostas pertencem ao Acervo dos Pal\u00e1cios, que re\u00fane diversas pe\u00e7as premiadas ao longo da hist\u00f3ria do Sal\u00e3o. A mostra tamb\u00e9m evidencia a pol\u00edtica p\u00fablica de valoriza\u00e7\u00e3o das artes promovida pelo Estado por meio de premia\u00e7\u00f5es e aquisi\u00e7\u00f5es de obras destinadas a \u00f3rg\u00e3os p\u00fablicos.<\/p>\n<p class=\"wp-block-paragraph\">\u201cO Sal\u00e3o Paulista de Belas Artes contribuiu para a forma\u00e7\u00e3o de importantes cole\u00e7\u00f5es p\u00fablicas e ofereceu visibilidade a artistas de diferentes gera\u00e7\u00f5es e estilos. A exposi\u00e7\u00e3o permite ao p\u00fablico conhecer tanto nomes consagrados quanto artistas menos conhecidos, mas de grande qualidade art\u00edstica\u201d, afirma Raquel Elena Ruiz.<\/p>\n<p class=\"wp-block-paragraph\">A exposi\u00e7\u00e3o permanece em cartaz at\u00e9 13 de novembro de 2026 e conta com conte\u00fado digital dispon\u00edvel no site da institui\u00e7\u00e3o.<\/p>\n<figure class=\"wp-block-image size-large\"><img data-recalc-dims=\"1\" loading=\"lazy\" decoding=\"async\" width=\"696\" height=\"464\" src=\"https:\/\/i0.wp.com\/www.agenciasp.sp.gov.br\/wp-content\/uploads\/2026\/06\/IMG_7945.JPG-1024x683.jpeg?resize=696%2C464&#038;ssl=1\" alt=\"\" class=\"wp-image-153117 lazy\" srcset=\"https:\/\/www.agenciasp.sp.gov.br\/wp-content\/uploads\/2026\/06\/IMG_7945.JPG-1024x683.jpeg 1024w, https:\/\/www.agenciasp.sp.gov.br\/wp-content\/uploads\/2026\/06\/IMG_7945.JPG-300x200.jpeg 300w, https:\/\/www.agenciasp.sp.gov.br\/wp-content\/uploads\/2026\/06\/IMG_7945.JPG-768x512.jpeg 768w, https:\/\/www.agenciasp.sp.gov.br\/wp-content\/uploads\/2026\/06\/IMG_7945.JPG-1536x1024.jpeg 1536w, https:\/\/www.agenciasp.sp.gov.br\/wp-content\/uploads\/2026\/06\/IMG_7945.JPG-2048x1365.jpeg 2048w, https:\/\/www.agenciasp.sp.gov.br\/wp-content\/uploads\/2026\/06\/IMG_7945.JPG-150x100.jpeg 150w\" data-sizes=\"(max-width: 1024px) 100vw, 1024px\"\/><\/figure>\n<h3 class=\"wp-block-heading\">Servi\u00e7o<\/h3>\n<p class=\"wp-block-paragraph\">Exposi\u00e7\u00e3o: Heran\u00e7as modernistas: o Sal\u00e3o Paulista de Belas Artes<br \/>Per\u00edodo: 1\u00ba de junho a 13 de novembro de 2026<br \/>Local: Pal\u00e1cio dos Bandeirantes<br \/>Avenida Morumbi, 4.500 \u2013 Morumbi \u2013 S\u00e3o Paulo\/SP<br \/>Entrada gratuita<br \/>Agendamento pr\u00e9vio obrigat\u00f3rio pelo site www.acervo.sp.gov.br<\/p>\n<figure class=\"wp-block-image size-large\"><img data-recalc-dims=\"1\" loading=\"lazy\" decoding=\"async\" width=\"696\" height=\"464\" src=\"https:\/\/i0.wp.com\/www.agenciasp.sp.gov.br\/wp-content\/uploads\/2026\/06\/IMG_7927.JPG-1024x683.jpeg?resize=696%2C464&#038;ssl=1\" alt=\"\" class=\"wp-image-153118 lazy\" srcset=\"https:\/\/www.agenciasp.sp.gov.br\/wp-content\/uploads\/2026\/06\/IMG_7927.JPG-1024x683.jpeg 1024w, https:\/\/www.agenciasp.sp.gov.br\/wp-content\/uploads\/2026\/06\/IMG_7927.JPG-300x200.jpeg 300w, https:\/\/www.agenciasp.sp.gov.br\/wp-content\/uploads\/2026\/06\/IMG_7927.JPG-768x512.jpeg 768w, https:\/\/www.agenciasp.sp.gov.br\/wp-content\/uploads\/2026\/06\/IMG_7927.JPG-1536x1024.jpeg 1536w, https:\/\/www.agenciasp.sp.gov.br\/wp-content\/uploads\/2026\/06\/IMG_7927.JPG-2048x1365.jpeg 2048w, https:\/\/www.agenciasp.sp.gov.br\/wp-content\/uploads\/2026\/06\/IMG_7927.JPG-150x100.jpeg 150w\" data-sizes=\"(max-width: 1024px) 100vw, 1024px\"\/><\/figure>\n<\/p><\/div>\n<p><br \/>\n<br \/><a href=\"https:\/\/www.agenciasp.sp.gov.br\/exposicao-no-palacio-dos-bandeirantes-celebra-legado-do-salao-paulista-de-belas-artes\/\" rel=\"noopener\">Informa\u00e7\u00f5es GOV.SP<\/a><\/p>\n","protected":false},"excerpt":{"rendered":"<p>Est\u00e1 aberta, no Pal\u00e1cio dos Bandeirantes, a exposi\u00e7\u00e3o \u201cHeran\u00e7as modernistas: o Sal\u00e3o Paulista de Belas Artes\u201d, que apresenta a trajet\u00f3ria de uma das mais importantes iniciativas de incentivo \u00e0s artes promovida pelo Governo do Estado de S\u00e3o Paulo. A mostra foi aberta no in\u00edcio deste m\u00eas e est\u00e1 disposta no hall de entrada da sede [&hellip;]<\/p>\n","protected":false},"author":1,"featured_media":69497,"comment_status":"","ping_status":"open","sticky":false,"template":"","format":"standard","meta":{"_jetpack_newsletter_access":"","_jetpack_dont_email_post_to_subs":false,"_jetpack_newsletter_tier_id":0,"_jetpack_memberships_contains_paywalled_content":false,"_mbp_banners":[],"_jetpack_feature_clip_id":0,"_jetpack_memberships_contains_paid_content":false,"footnotes":"","jetpack_publicize_message":"","jetpack_publicize_feature_enabled":true,"jetpack_social_post_already_shared":true,"jetpack_social_options":{"image_generator_settings":{"template":"highway","default_image_id":0,"font":"","enabled":false},"version":2},"jetpack_post_was_ever_published":false},"categories":[21],"tags":[],"class_list":["post-69496","post","type-post","status-publish","format-standard","has-post-thumbnail","category-sp-news"],"jetpack_publicize_connections":[],"jetpack-related-posts":[],"jetpack_shortlink":"https:\/\/wp.me\/p7Eq1F-i4U","jetpack_sharing_enabled":true,"jetpack_featured_media_url":"https:\/\/i0.wp.com\/guialimeira.com.br\/news\/wp-content\/uploads\/2026\/06\/Exposicao-no-Palacio-dos-Bandeirantes-celebra-legado-do-Salao-Paulista.jpeg?fit=1024%2C683&ssl=1","_links":{"self":[{"href":"https:\/\/guialimeira.com.br\/news\/wp-json\/wp\/v2\/posts\/69496","targetHints":{"allow":["GET"]}}],"collection":[{"href":"https:\/\/guialimeira.com.br\/news\/wp-json\/wp\/v2\/posts"}],"about":[{"href":"https:\/\/guialimeira.com.br\/news\/wp-json\/wp\/v2\/types\/post"}],"author":[{"embeddable":true,"href":"https:\/\/guialimeira.com.br\/news\/wp-json\/wp\/v2\/users\/1"}],"replies":[{"embeddable":true,"href":"https:\/\/guialimeira.com.br\/news\/wp-json\/wp\/v2\/comments?post=69496"}],"version-history":[{"count":0,"href":"https:\/\/guialimeira.com.br\/news\/wp-json\/wp\/v2\/posts\/69496\/revisions"}],"wp:featuredmedia":[{"embeddable":true,"href":"https:\/\/guialimeira.com.br\/news\/wp-json\/wp\/v2\/media\/69497"}],"wp:attachment":[{"href":"https:\/\/guialimeira.com.br\/news\/wp-json\/wp\/v2\/media?parent=69496"}],"wp:term":[{"taxonomy":"category","embeddable":true,"href":"https:\/\/guialimeira.com.br\/news\/wp-json\/wp\/v2\/categories?post=69496"},{"taxonomy":"post_tag","embeddable":true,"href":"https:\/\/guialimeira.com.br\/news\/wp-json\/wp\/v2\/tags?post=69496"}],"curies":[{"name":"wp","href":"https:\/\/api.w.org\/{rel}","templated":true}]}}