{"id":69494,"date":"2026-06-18T15:35:00","date_gmt":"2026-06-18T18:35:00","guid":{"rendered":"https:\/\/guialimeira.com.br\/limeira-promove-plantao-de-vacinacao-no-ubs-horizonte-e-parque-cidade-neste-sabado-20\/"},"modified":"2026-06-18T15:35:00","modified_gmt":"2026-06-18T18:35:00","slug":"limeira-promove-plantao-de-vacinacao-no-ubs-horizonte-e-parque-cidade-neste-sabado-20","status":"publish","type":"post","link":"https:\/\/guialimeira.com.br\/news\/limeira-promove-plantao-de-vacinacao-no-ubs-horizonte-e-parque-cidade-neste-sabado-20\/","title":{"rendered":"Limeira promove plant\u00e3o de vacina\u00e7\u00e3o no UBS Horizonte e Parque Cidade neste s\u00e1bado (20)"},"content":{"rendered":"<p> <br \/>\n<\/p>\n<div id=\"\">&#13;<br \/>\n                    &#13;<br \/>\n&#13;<br \/>\n&#13;<br \/>\n&#13;<br \/>\n&#13;<br \/>\n&#13;<br \/>\n    <img data-recalc-dims=\"1\" decoding=\"async\" src=\"https:\/\/i0.wp.com\/ecrie.com.br\/sistema\/conteudos\/imagem\/m_137_0_1_18062026153025.jpeg?w=696&#038;ssl=1\" alt=\"Limeira promove plant\u00e3o de vacina\u00e7\u00e3o no UBS Horizonte e Parque Cidade neste s\u00e1bado (20)\"\/>&#13;<br \/>\n&#13;<br \/>\n&#13;<\/p>\n<p style=\"text-align: justify;\">A Prefeitura de Limeira promove neste s\u00e1bado (20), das 8h \u00e0s 13h, mais um plant\u00e3o de vacina\u00e7\u00e3o para ampliar a cobertura vacinal e facilitar o acesso da popula\u00e7\u00e3o aos imunizantes.<\/p>\n<p>&#13;<\/p>\n<p style=\"text-align: justify;\">Na Unidade B\u00e1sica de Sa\u00fade (UBS) Novo Horizonte, ser\u00e1 realizada uma multivacina\u00e7\u00e3o com a oferta das vacinas previstas no Calend\u00e1rio Nacional de Vacina\u00e7\u00e3o. Tamb\u00e9m estar\u00e3o dispon\u00edveis as doses contra a gripe e contra a dengue para adolescentes. J\u00e1 no drive-thru do Parque Cidade, a vacina\u00e7\u00e3o ser\u00e1 voltada para a preven\u00e7\u00e3o da febre amarela, gripe, Covid-19 e dengue.<\/p>\n<p>&#13;<\/p>\n<p style=\"text-align: justify;\">A iniciativa integra as estrat\u00e9gias da Secretaria de Sa\u00fade para incentivar a atualiza\u00e7\u00e3o da carteira de vacina\u00e7\u00e3o e fortalecer a prote\u00e7\u00e3o da popula\u00e7\u00e3o contra doen\u00e7as que podem ser prevenidas por meio da imuniza\u00e7\u00e3o.<\/p>\n<p>&#13;<\/p>\n<p style=\"text-align: justify;\">Para receber as vacinas, \u00e9 necess\u00e1rio apresentar documento de identifica\u00e7\u00e3o, CPF, cart\u00e3o SUS e carteira de vacina\u00e7\u00e3o. Menores de 18 anos devem estar acompanhados dos respons\u00e1veis legais.<\/p>\n<p>&#13;<\/p>\n<p style=\"text-align: justify;\">Esta a\u00e7\u00e3o est\u00e1 alinhada ao Objetivo de Desenvolvimento Sustent\u00e1vel (ODS) 3 \u2013 Sa\u00fade e Bem-Estar, ao incentivar a vacina\u00e7\u00e3o e contribuir para a preven\u00e7\u00e3o de doen\u00e7as e a promo\u00e7\u00e3o da sa\u00fade da popula\u00e7\u00e3o.<\/p>\n<p>&#13;<\/p>\n<p style=\"text-align: justify;\"><strong>Servi\u00e7o<\/strong><\/p>\n<p>&#13;<\/p>\n<p style=\"text-align: justify;\">S\u00e1bado (20) &#8211; 8h \u00e0s 13h<\/p>\n<p>&#13;<\/p>\n<p style=\"text-align: justify;\">UBS Novo Horizonte &#8211; multivacina\u00e7\u00e3o, incluindo doses contra gripe e dengue (adolescentes)<br \/>Endere\u00e7o: Rua Nelson Ferraz da Silva, s\/n\u00ba<\/p>\n<p>&#13;<\/p>\n<p style=\"text-align: justify;\">Drive-thru do Parque Cidade &#8211; febre amarela, covid-19, gripe e dengue<br \/>Local: Parque Cidade &#8211; ao lado da pista de skate<br \/>Acesso de ve\u00edculos: Port\u00e3o A (Anel Vi\u00e1rio) \u2013 Via Ant\u00f4nio Cru\u00e3nes Filho, s\/n\u00ba<\/p>\n<p>&#13;<\/p>\n<p style=\"text-align: justify;\"><strong>Confira indica\u00e7\u00e3o de vacinas<\/strong><\/p>\n<p>&#13;<\/p>\n<p style=\"text-align: justify;\">GRIPE<br \/>&#8211; Para a toda a popula\u00e7\u00e3o acima dos 6 meses.<\/p>\n<p>&#13;<\/p>\n<p style=\"text-align: justify;\">DENGUE (adolescentes)<\/p>\n<p>&#13;<\/p>\n<p style=\"text-align: justify;\">&#8211; Para crian\u00e7as e adolescentes de 10 a 14 anos;<\/p>\n<p>&#13;<\/p>\n<p style=\"text-align: justify;\">COVID-19<br \/>Atualmente, a vacina contra covid-19 \u00e9 voltada a gestantes, pessoas imunocomprometidas e idosos (60 anos ou mais), que devem ser vacinados a cada seis meses. Crian\u00e7as de 6 meses a 4 anos, 11 meses e 29 dias devem receber duas doses da vacina, com intervalo de quatro semanas entre elas. Pessoas de 5 a 59 anos, sem comorbidades e j\u00e1 vacinadas anteriormente, n\u00e3o precisam receber novas doses. Nessa faixa et\u00e1ria, o imunizante \u00e9 destinado apenas aos grupos especiais, que devem receber uma dose anualmente. S\u00e3o eles: pessoas vivendo em institui\u00e7\u00f5es de longa perman\u00eancia, ind\u00edgenas, ribeirinhos, quilombolas, pu\u00e9rperas, trabalhadores da sa\u00fade, pessoas com defici\u00eancia permanente, pessoas com comorbidades, pessoas privadas de liberdade, funcion\u00e1rios do sistema de priva\u00e7\u00e3o de liberdade, adolescentes e jovens cumprindo medidas socioeducativas, pessoas em situa\u00e7\u00e3o de rua e trabalhadores dos Correios.<\/p>\n<p>&#13;<\/p>\n<p style=\"text-align: justify;\">FEBRE AMARELA<br \/>&#8211; Crian\u00e7as a partir de 9 meses de idade que ainda n\u00e3o foram vacinadas e aquelas que n\u00e3o completaram o esquema vacinal de duas doses.<br \/>&#8211; Pessoas que receberam apenas uma dose antes de completar 5 anos de idade dever\u00e3o tomar a dose adicional, independentemente da idade.<br \/>&#8211; Pessoas de qualquer idade que n\u00e3o sabem se j\u00e1 foram vacinadas.<br \/>&#8211; Pessoas com 60 anos ou mais devem apresentar recomenda\u00e7\u00e3o m\u00e9dica por escrito para receber a vacina.<\/p>\n<p>&#13;<br \/>\n&#13;<br \/>\n&#13;<br \/>\n&#13;<\/p>\n<article class=\"conteudo-relacionado no-print\">&#13;<br \/>\n        &#13;<br \/>\n&#13;<br \/>\n        &#13;<br \/>\n    <\/article>\n<p>&#13;<br \/>\n&#13;\n                <\/p><\/div>\n<p><br \/>\n<br \/><a href=\"https:\/\/limeira.sp.gov.br\/limeira-promove-plantao-de-vacinacao-no-ubs-horizonte-e-parque-cidade-neste-sabado-20\" rel=\"noopener\">Informa\u00e7\u00f5es da PML <\/a><\/p>\n","protected":false},"excerpt":{"rendered":"<p>&#13; &#13; &#13; &#13; &#13; &#13; &#13; &#13; &#13; &#13; A Prefeitura de Limeira promove neste s\u00e1bado (20), das 8h \u00e0s 13h, mais um plant\u00e3o de vacina\u00e7\u00e3o para ampliar a cobertura vacinal e facilitar o acesso da popula\u00e7\u00e3o aos imunizantes. &#13; Na Unidade B\u00e1sica de Sa\u00fade (UBS) Novo Horizonte, ser\u00e1 realizada uma multivacina\u00e7\u00e3o com a [&hellip;]<\/p>\n","protected":false},"author":1,"featured_media":69495,"comment_status":"","ping_status":"open","sticky":false,"template":"","format":"standard","meta":{"_jetpack_newsletter_access":"","_jetpack_dont_email_post_to_subs":false,"_jetpack_newsletter_tier_id":0,"_jetpack_memberships_contains_paywalled_content":false,"_mbp_banners":[],"_jetpack_feature_clip_id":0,"_jetpack_memberships_contains_paid_content":false,"footnotes":"","jetpack_publicize_message":"","jetpack_publicize_feature_enabled":true,"jetpack_social_post_already_shared":true,"jetpack_social_options":{"image_generator_settings":{"template":"highway","default_image_id":0,"font":"","enabled":false},"version":2},"jetpack_post_was_ever_published":false},"categories":[16],"tags":[],"class_list":["post-69494","post","type-post","status-publish","format-standard","has-post-thumbnail","category-local"],"jetpack_publicize_connections":[],"jetpack-related-posts":[],"jetpack_shortlink":"https:\/\/wp.me\/p7Eq1F-i4S","jetpack_sharing_enabled":true,"jetpack_featured_media_url":"https:\/\/i0.wp.com\/guialimeira.com.br\/news\/wp-content\/uploads\/2026\/06\/m_137_0_1_18062026153025.jpeg?fit=1024%2C681&ssl=1","_links":{"self":[{"href":"https:\/\/guialimeira.com.br\/news\/wp-json\/wp\/v2\/posts\/69494","targetHints":{"allow":["GET"]}}],"collection":[{"href":"https:\/\/guialimeira.com.br\/news\/wp-json\/wp\/v2\/posts"}],"about":[{"href":"https:\/\/guialimeira.com.br\/news\/wp-json\/wp\/v2\/types\/post"}],"author":[{"embeddable":true,"href":"https:\/\/guialimeira.com.br\/news\/wp-json\/wp\/v2\/users\/1"}],"replies":[{"embeddable":true,"href":"https:\/\/guialimeira.com.br\/news\/wp-json\/wp\/v2\/comments?post=69494"}],"version-history":[{"count":0,"href":"https:\/\/guialimeira.com.br\/news\/wp-json\/wp\/v2\/posts\/69494\/revisions"}],"wp:featuredmedia":[{"embeddable":true,"href":"https:\/\/guialimeira.com.br\/news\/wp-json\/wp\/v2\/media\/69495"}],"wp:attachment":[{"href":"https:\/\/guialimeira.com.br\/news\/wp-json\/wp\/v2\/media?parent=69494"}],"wp:term":[{"taxonomy":"category","embeddable":true,"href":"https:\/\/guialimeira.com.br\/news\/wp-json\/wp\/v2\/categories?post=69494"},{"taxonomy":"post_tag","embeddable":true,"href":"https:\/\/guialimeira.com.br\/news\/wp-json\/wp\/v2\/tags?post=69494"}],"curies":[{"name":"wp","href":"https:\/\/api.w.org\/{rel}","templated":true}]}}