{"id":69489,"date":"2026-06-18T14:42:12","date_gmt":"2026-06-18T17:42:12","guid":{"rendered":"https:\/\/guialimeira.com.br\/caravana-3d-governo-de-sp-inaugura-hospital-municipal-de-peruibe-e-reforca-atendimento-de-alta-complexidade-na-baixada-santista\/"},"modified":"2026-06-18T14:42:12","modified_gmt":"2026-06-18T17:42:12","slug":"caravana-3d-governo-de-sp-inaugura-hospital-municipal-de-peruibe-e-reforca-atendimento-de-alta-complexidade-na-baixada-santista","status":"publish","type":"post","link":"https:\/\/guialimeira.com.br\/news\/caravana-3d-governo-de-sp-inaugura-hospital-municipal-de-peruibe-e-reforca-atendimento-de-alta-complexidade-na-baixada-santista\/","title":{"rendered":"Caravana 3D: Governo de SP inaugura Hospital Municipal de Peru\u00edbe e refor\u00e7a atendimento de alta complexidade na Baixada Santista"},"content":{"rendered":"<p> <br \/>\n<\/p>\n<div>\n<p class=\"wp-block-paragraph\">O Governo de S\u00e3o Paulo inaugurou, nesta quinta-feira (18), durante a Caravana 3D na Baixada Santista, o novo Hospital Municipal de Peru\u00edbe. A unidade est\u00e1 recebendo mais de R$ 128 milh\u00f5es em investimentos estaduais destinados \u00e0s obras, aquisi\u00e7\u00e3o de equipamentos e custeio operacional, ampliando a capacidade de atendimento hospitalar para moradores do Litoral Sul da regi\u00e3o e parte do Vale do Ribeira.<\/p>\n<p class=\"wp-block-paragraph\">\u201cHoje, n\u00f3s estamos realizando um sonho de Peru\u00edbe e entregando uma conquista aguardada por gera\u00e7\u00f5es de moradores da regi\u00e3o. Durante muito tempo, para muitos moradores da Baixada Santista, o hospital era a estrada que subia a serra. Essa realidade est\u00e1 mudando. Com esta unidade, estamos ampliando o acesso \u00e0 sa\u00fade e garantindo atendimento mais pr\u00f3ximo de quem precisa\u201d, afirmou o governador Tarc\u00edsio de Freitas.<\/p>\n<p class=\"wp-block-paragraph\">Com recursos estaduais, o novo Hospital Municipal de Peru\u00edbe recebeu mais de R$ 26 milh\u00f5es para as obras e R$ 16 milh\u00f5es para aquisi\u00e7\u00e3o de equipamentos. Para o funcionamento, o Estado firmou um conv\u00eanio de R$ 86,4 milh\u00f5es, em parcelas mensais de R$ 3,7 milh\u00f5es. O hospital atender\u00e1 diretamente a popula\u00e7\u00e3o de Peru\u00edbe, Itanha\u00e9m, Mongagu\u00e1, Itariri e Pedro de Toledo, regi\u00e3o que re\u00fane mais de 279 mil habitantes.<\/p>\n<figure class=\"wp-block-image size-large\"><img data-recalc-dims=\"1\" fetchpriority=\"high\" decoding=\"async\" width=\"696\" height=\"463\" src=\"https:\/\/i0.wp.com\/www.agenciasp.sp.gov.br\/wp-content\/uploads\/2026\/06\/Inauguracao-do-Hospital-Municipal-Doutor-Dalmar-Americano-da-Costa-Peruibe-1024x681.jpg?resize=696%2C463&#038;ssl=1\" alt=\"\" class=\"wp-image-153000 lazy\" srcset=\"https:\/\/www.agenciasp.sp.gov.br\/wp-content\/uploads\/2026\/06\/Inauguracao-do-Hospital-Municipal-Doutor-Dalmar-Americano-da-Costa-Peruibe-1024x681.jpg 1024w, https:\/\/www.agenciasp.sp.gov.br\/wp-content\/uploads\/2026\/06\/Inauguracao-do-Hospital-Municipal-Doutor-Dalmar-Americano-da-Costa-Peruibe-300x200.jpg 300w, https:\/\/www.agenciasp.sp.gov.br\/wp-content\/uploads\/2026\/06\/Inauguracao-do-Hospital-Municipal-Doutor-Dalmar-Americano-da-Costa-Peruibe-768x511.jpg 768w, https:\/\/www.agenciasp.sp.gov.br\/wp-content\/uploads\/2026\/06\/Inauguracao-do-Hospital-Municipal-Doutor-Dalmar-Americano-da-Costa-Peruibe-1536x1022.jpg 1536w, https:\/\/www.agenciasp.sp.gov.br\/wp-content\/uploads\/2026\/06\/Inauguracao-do-Hospital-Municipal-Doutor-Dalmar-Americano-da-Costa-Peruibe-2048x1363.jpg 2048w, https:\/\/www.agenciasp.sp.gov.br\/wp-content\/uploads\/2026\/06\/Inauguracao-do-Hospital-Municipal-Doutor-Dalmar-Americano-da-Costa-Peruibe-150x100.jpg 150w\" data-sizes=\"(max-width: 1024px) 100vw, 1024px\"\/><figcaption class=\"wp-element-caption\">Unidade municipal contou com recursos estaduais para constru\u00e7\u00e3o e receber\u00e1 R$ 86,4 milh\u00f5es do Estado para o funcionamento.  Foto: Rog\u00e9rio Pinheiro\/Governo do Estado SP<br \/><\/figcaption><\/figure>\n<p class=\"wp-block-paragraph\">Nesta primeira etapa, entram em funcionamento 20 leitos, sendo dez de cl\u00ednica m\u00e9dica e dez da Unidade de Terapia Intensiva (UTI) Adulto, al\u00e9m do ambulat\u00f3rio para consultas, laborat\u00f3rio e servi\u00e7os de apoio. Quando estiver em plena opera\u00e7\u00e3o, a unidade contar\u00e1 com 70 leitos assistenciais, incluindo cl\u00ednica m\u00e9dica, cl\u00ednica cir\u00fargica, pediatria, UTI Adulto, UTI Pedi\u00e1trica e Hospital Dia, al\u00e9m de centro cir\u00fargico, servi\u00e7os de imagem e atendimento ambulatorial especializado.<\/p>\n<p class=\"wp-block-paragraph\">\u201cEsta \u00e9 uma grande conquista n\u00e3o apenas para Peru\u00edbe, mas para toda a regi\u00e3o. Trata-se de um hospital aguardado h\u00e1 37 anos e que agora se torna realidade gra\u00e7as aos investimentos do Governo de S\u00e3o Paulo e \u00e0 parceria com a Prefeitura. A unidade chega para preencher importantes vazios assistenciais da regi\u00e3o, fortalecendo a rede p\u00fablica de sa\u00fade e oferecendo mais acesso e qualidade no atendimento para a popula\u00e7\u00e3o\u201d, afirmou o secret\u00e1rio de Estado da Sa\u00fade, Eleuses Paiva.<\/p>\n<figure class=\"wp-block-image size-large\"><img data-recalc-dims=\"1\" loading=\"lazy\" decoding=\"async\" width=\"696\" height=\"463\" src=\"https:\/\/i0.wp.com\/www.agenciasp.sp.gov.br\/wp-content\/uploads\/2026\/06\/Caravana-3D-Hospital-Municipal-de-Peruibe-1024x681.jpg?resize=696%2C463&#038;ssl=1\" alt=\"\" class=\"wp-image-153091 lazy\" srcset=\"https:\/\/www.agenciasp.sp.gov.br\/wp-content\/uploads\/2026\/06\/Caravana-3D-Hospital-Municipal-de-Peruibe-1024x681.jpg 1024w, https:\/\/www.agenciasp.sp.gov.br\/wp-content\/uploads\/2026\/06\/Caravana-3D-Hospital-Municipal-de-Peruibe-300x200.jpg 300w, https:\/\/www.agenciasp.sp.gov.br\/wp-content\/uploads\/2026\/06\/Caravana-3D-Hospital-Municipal-de-Peruibe-768x511.jpg 768w, https:\/\/www.agenciasp.sp.gov.br\/wp-content\/uploads\/2026\/06\/Caravana-3D-Hospital-Municipal-de-Peruibe-1536x1022.jpg 1536w, https:\/\/www.agenciasp.sp.gov.br\/wp-content\/uploads\/2026\/06\/Caravana-3D-Hospital-Municipal-de-Peruibe-2048x1363.jpg 2048w, https:\/\/www.agenciasp.sp.gov.br\/wp-content\/uploads\/2026\/06\/Caravana-3D-Hospital-Municipal-de-Peruibe-150x100.jpg 150w\" data-sizes=\"(max-width: 1024px) 100vw, 1024px\"\/><figcaption class=\"wp-element-caption\">Hospital municipal contar\u00e1 com centro cir\u00fargico, servi\u00e7os de imagem e atendimento ambulatorial especializado. Foto: Rog\u00e9rio Pinheiro\/Governo do Estado SP<\/figcaption><\/figure>\n<h2 class=\"wp-block-heading\"><strong>Outros investimentos<\/strong><\/h2>\n<p class=\"wp-block-paragraph\">Na noite desta quinta-feira (18), durante reuni\u00e3o com lideran\u00e7as locais, o governador tamb\u00e9m vai anunciar mais medidas para a sa\u00fade da regi\u00e3o. Entre os destaques est\u00e3o os novos leitos de UTI Neurol\u00f3gica da Santa Casa de Santos, refer\u00eancia regional no atendimento de alta complexidade e beneficiada pela Tabela SUS Paulista com mais de R$ 108 milh\u00f5es em repasses complementares do tesouro estadual.\u00a0<\/p>\n<p class=\"wp-block-paragraph\">A unidade passar\u00e1 a contar com dez novos leitos de UTI Neurol\u00f3gica, ampliando a capacidade de atendimento especializado para pacientes com doen\u00e7as e agravos neurol\u00f3gicos em toda a Baixada. A expans\u00e3o fortalece a rede regional de assist\u00eancia e contribui para a redu\u00e7\u00e3o da necessidade de transfer\u00eancias para outros centros de refer\u00eancia.\u00a0<\/p>\n<figure class=\"wp-block-image size-large\"><img data-recalc-dims=\"1\" loading=\"lazy\" decoding=\"async\" width=\"696\" height=\"464\" src=\"https:\/\/i0.wp.com\/www.agenciasp.sp.gov.br\/wp-content\/uploads\/2026\/06\/Governador-na-entrega-do-Hospital-Municipal-de-Peruibe-1024x683.jpg?resize=696%2C464&#038;ssl=1\" alt=\"\" class=\"wp-image-153090 lazy\" srcset=\"https:\/\/www.agenciasp.sp.gov.br\/wp-content\/uploads\/2026\/06\/Governador-na-entrega-do-Hospital-Municipal-de-Peruibe-1024x683.jpg 1024w, https:\/\/www.agenciasp.sp.gov.br\/wp-content\/uploads\/2026\/06\/Governador-na-entrega-do-Hospital-Municipal-de-Peruibe-300x200.jpg 300w, https:\/\/www.agenciasp.sp.gov.br\/wp-content\/uploads\/2026\/06\/Governador-na-entrega-do-Hospital-Municipal-de-Peruibe-768x512.jpg 768w, https:\/\/www.agenciasp.sp.gov.br\/wp-content\/uploads\/2026\/06\/Governador-na-entrega-do-Hospital-Municipal-de-Peruibe-1536x1024.jpg 1536w, https:\/\/www.agenciasp.sp.gov.br\/wp-content\/uploads\/2026\/06\/Governador-na-entrega-do-Hospital-Municipal-de-Peruibe-2048x1365.jpg 2048w, https:\/\/www.agenciasp.sp.gov.br\/wp-content\/uploads\/2026\/06\/Governador-na-entrega-do-Hospital-Municipal-de-Peruibe-150x100.jpg 150w\" data-sizes=\"(max-width: 1024px) 100vw, 1024px\"\/><figcaption class=\"wp-element-caption\">Unidade recebeu mais de R$ 26 milh\u00f5es para as obras e R$ 16 milh\u00f5es para aquisi\u00e7\u00e3o de equipamentos. Foto: Paulo Guereta\/Governo do Estado SP<br \/><\/figcaption><\/figure>\n<p class=\"wp-block-paragraph\">A sa\u00fade da Baixada Santista tamb\u00e9m ser\u00e1 refor\u00e7ada com R$ 30 milh\u00f5es em repasses fundo a fundo aos munic\u00edpios de Guaruj\u00e1 e S\u00e3o Vicente, que receber\u00e3o R$ 15 milh\u00f5es cada.<\/p>\n<h2 class=\"wp-block-heading\"><strong>Tabela SUS Paulista<\/strong><\/h2>\n<p class=\"wp-block-paragraph\">A Tabela SUS Paulista \u00e9 uma iniciativa in\u00e9dita do Governo de S\u00e3o Paulo que complementa em at\u00e9 cinco vezes os valores pagos pela tabela federal do Sistema \u00danico de Sa\u00fade (SUS). Criado para corrigir uma defasagem hist\u00f3rica no financiamento da sa\u00fade, o programa fortalece a rede p\u00fablica de atendimento e amplia a capacidade assistencial em todas as regi\u00f5es do estado.<\/p>\n<p class=\"wp-block-paragraph\">Inicialmente voltada aos hospitais filantr\u00f3picos, a iniciativa foi ampliada com a inclus\u00e3o dos hospitais municipais, contemplando mais de 100 unidades em cerca de 70 cidades. A medida atende a uma demanda hist\u00f3rica dos munic\u00edpios e refor\u00e7a o financiamento da aten\u00e7\u00e3o prim\u00e1ria e especializada.<\/p>\n<p class=\"wp-block-paragraph\">Como parte da pol\u00edtica de transpar\u00eancia da gest\u00e3o, a Secretaria de Estado da Sa\u00fade disponibiliza a qualquer cidad\u00e3o o acesso aos valores pagos por meio da Tabela SUS Paulista, detalhados por institui\u00e7\u00e3o beneficiada. As informa\u00e7\u00f5es podem ser consultadas no portal: <a href=\"https:\/\/nies.saude.sp.gov.br\/ses\" target=\"_blank\" rel=\"noopener\">https:\/\/nies.saude.sp.gov.br\/ses<\/a>\u00a0<\/p>\n<h2 class=\"wp-block-heading\"><strong>Caravana 3D<\/strong><\/h2>\n<p class=\"wp-block-paragraph\">A Caravana 3D \u00e9 uma iniciativa do Governo de S\u00e3o Paulo que percorre as regi\u00f5es paulistas levando pol\u00edticas p\u00fablicas com foco nos tr\u00eas pilares da gest\u00e3o: desenvolvimento, dignidade e di\u00e1logo. A proposta \u00e9 fortalecer a articula\u00e7\u00e3o com os munic\u00edpios, promovendo entregas e investimentos que considerem as necessidades locais e contribuam para a melhoria da qualidade de vida da popula\u00e7\u00e3o. Antes da Baixada Santista, a a\u00e7\u00e3o passou pelas regi\u00f5es Central, Barretos, Registro, Bauru, regi\u00e3o do ABC, Ribeir\u00e3o Preto, Campinas, Vale do Para\u00edba, S\u00e3o Jos\u00e9 do Rio Preto, Ara\u00e7atuba, Mar\u00edlia, Sorocaba, Presidente Prudente e Itapeva.\u00a0<\/p>\n<p class=\"wp-block-paragraph\">A Caravana refor\u00e7a o compromisso do governo paulista com uma atua\u00e7\u00e3o mais pr\u00f3xima e integrada, baseada na escuta do cidad\u00e3o e no di\u00e1logo com lideran\u00e7as locais. Em cada etapa, s\u00e3o realizadas visitas aos munic\u00edpios e an\u00fancios de a\u00e7\u00f5es concretas nas \u00e1reas de sa\u00fade, educa\u00e7\u00e3o, habita\u00e7\u00e3o, infraestrutura e seguran\u00e7a.<\/p>\n<p class=\"wp-block-paragraph\">Ou\u00e7a o discurso do governador:<\/p>\n<p><iframe loading=\"lazy\" width=\"100%\" height=\"166\" scrolling=\"no\" frameborder=\"no\" allow=\"autoplay; encrypted-media\" src=\"https:\/\/w.soundcloud.com\/player\/?url=https%3A\/\/api.soundcloud.com\/tracks\/soundcloud%253Atracks%253A2342016617&amp;color=%23ff5500&amp;auto_play=false&amp;hide_related=false&amp;show_comments=true&amp;show_user=true&amp;show_reposts=false&amp;show_teaser=true\"><\/iframe>\n\t\t\t\t<\/div>\n<p><br \/>\n<br \/><a href=\"https:\/\/www.agenciasp.sp.gov.br\/caravana-3d-governo-de-sp-inaugura-hospital-municipal-de-peruibe-e-reforca-atendimento-de-alta-complexidade-na-baixada-santista\/\" rel=\"noopener\">Informa\u00e7\u00f5es GOV.SP<\/a><\/p>\n","protected":false},"excerpt":{"rendered":"<p>O Governo de S\u00e3o Paulo inaugurou, nesta quinta-feira (18), durante a Caravana 3D na Baixada Santista, o novo Hospital Municipal de Peru\u00edbe. A unidade est\u00e1 recebendo mais de R$ 128 milh\u00f5es em investimentos estaduais destinados \u00e0s obras, aquisi\u00e7\u00e3o de equipamentos e custeio operacional, ampliando a capacidade de atendimento hospitalar para moradores do Litoral Sul da [&hellip;]<\/p>\n","protected":false},"author":1,"featured_media":69490,"comment_status":"","ping_status":"open","sticky":false,"template":"","format":"standard","meta":{"_jetpack_newsletter_access":"","_jetpack_dont_email_post_to_subs":false,"_jetpack_newsletter_tier_id":0,"_jetpack_memberships_contains_paywalled_content":false,"_mbp_banners":[],"_jetpack_feature_clip_id":0,"_jetpack_memberships_contains_paid_content":false,"footnotes":"","jetpack_publicize_message":"","jetpack_publicize_feature_enabled":true,"jetpack_social_post_already_shared":true,"jetpack_social_options":{"image_generator_settings":{"template":"highway","default_image_id":0,"font":"","enabled":false},"version":2},"jetpack_post_was_ever_published":false},"categories":[21],"tags":[],"class_list":["post-69489","post","type-post","status-publish","format-standard","has-post-thumbnail","category-sp-news"],"jetpack_publicize_connections":[],"jetpack-related-posts":[],"jetpack_shortlink":"https:\/\/wp.me\/p7Eq1F-i4N","jetpack_sharing_enabled":true,"jetpack_featured_media_url":"https:\/\/i0.wp.com\/guialimeira.com.br\/news\/wp-content\/uploads\/2026\/06\/Caravana-3D-Governo-de-SP-inaugura-Hospital-Municipal-de-Peruibe.jpg?fit=1024%2C681&ssl=1","_links":{"self":[{"href":"https:\/\/guialimeira.com.br\/news\/wp-json\/wp\/v2\/posts\/69489","targetHints":{"allow":["GET"]}}],"collection":[{"href":"https:\/\/guialimeira.com.br\/news\/wp-json\/wp\/v2\/posts"}],"about":[{"href":"https:\/\/guialimeira.com.br\/news\/wp-json\/wp\/v2\/types\/post"}],"author":[{"embeddable":true,"href":"https:\/\/guialimeira.com.br\/news\/wp-json\/wp\/v2\/users\/1"}],"replies":[{"embeddable":true,"href":"https:\/\/guialimeira.com.br\/news\/wp-json\/wp\/v2\/comments?post=69489"}],"version-history":[{"count":0,"href":"https:\/\/guialimeira.com.br\/news\/wp-json\/wp\/v2\/posts\/69489\/revisions"}],"wp:featuredmedia":[{"embeddable":true,"href":"https:\/\/guialimeira.com.br\/news\/wp-json\/wp\/v2\/media\/69490"}],"wp:attachment":[{"href":"https:\/\/guialimeira.com.br\/news\/wp-json\/wp\/v2\/media?parent=69489"}],"wp:term":[{"taxonomy":"category","embeddable":true,"href":"https:\/\/guialimeira.com.br\/news\/wp-json\/wp\/v2\/categories?post=69489"},{"taxonomy":"post_tag","embeddable":true,"href":"https:\/\/guialimeira.com.br\/news\/wp-json\/wp\/v2\/tags?post=69489"}],"curies":[{"name":"wp","href":"https:\/\/api.w.org\/{rel}","templated":true}]}}