{"id":69485,"date":"2026-06-18T13:41:11","date_gmt":"2026-06-18T16:41:11","guid":{"rendered":"https:\/\/guialimeira.com.br\/feirao-de-emprego-no-pat-do-imigrante-oferece-mais-de-400-vagas-para-refugiados-e-imigrantes-nesta-sexta-19\/"},"modified":"2026-06-18T13:41:11","modified_gmt":"2026-06-18T16:41:11","slug":"feirao-de-emprego-no-pat-do-imigrante-oferece-mais-de-400-vagas-para-refugiados-e-imigrantes-nesta-sexta-19","status":"publish","type":"post","link":"https:\/\/guialimeira.com.br\/news\/feirao-de-emprego-no-pat-do-imigrante-oferece-mais-de-400-vagas-para-refugiados-e-imigrantes-nesta-sexta-19\/","title":{"rendered":"Feir\u00e3o de Emprego no PAT do Imigrante oferece mais de 400 vagas para refugiados e imigrantes nesta sexta (19)"},"content":{"rendered":"<p> <br \/>\n<br \/><img data-recalc-dims=\"1\" decoding=\"async\" src=\"https:\/\/i0.wp.com\/www.agenciasp.sp.gov.br\/wp-content\/uploads\/2026\/03\/male-worker-inspecting-machines-cold-drink-factory-scaled.jpg?w=696&#038;ssl=1\" \/><\/p>\n<div>\n<p class=\"wp-block-paragraph\">A Secretaria de Desenvolvimento Econ\u00f4mico (SDE) do Estado de S\u00e3o Paulo, por meio do Posto de Atendimento ao Trabalhador (PAT), participa do Mutir\u00e3o de Emprego no CIC do Imigrante, promovido em comemora\u00e7\u00e3o ao Dia Mundial do Refugiado. A a\u00e7\u00e3o ser\u00e1 realizada nesta sexta (19), das 10h \u00e0s 15h, na sede do CIC do Imigrante, na capital paulista, e disponibilizar\u00e1 404 vagas de emprego para refugiados, imigrantes e demais interessados em ingressar ou retornar ao mercado de trabalho.<\/p>\n<p class=\"wp-block-paragraph\">Os interessados devem comparecer ao local com curr\u00edculo atualizado e documentos pessoais. O mutir\u00e3o tem como objetivo facilitar o acesso \u00e0s oportunidades de emprego, promover a inclus\u00e3o social e incentivar a autonomia financeira de refugiados, imigrantes e demais trabalhadores em busca de recoloca\u00e7\u00e3o profissional. As oportunidades est\u00e3o abertas para jovens a partir dos 18 anos e a faixa salarial chega a tr\u00eas sal\u00e1rios m\u00ednimos.<\/p>\n<p class=\"wp-block-paragraph\"><strong>As oportunidades s\u00e3o para os cargos de:<\/strong><\/p>\n<ul class=\"wp-block-list\">\n<li>Auxiliar de Limpeza (220 vagas);<\/li>\n<li>Controlador de Acesso (120 vagas);<\/li>\n<li>Atendente de Loja (33 vagas);<\/li>\n<li>Porteiro (20 vagas);<\/li>\n<li>Auxiliar de Estoque (6 vagas);<\/li>\n<li>Confeiteiro (2 vagas);<\/li>\n<li>Motorista Entregador (2 vagas);<\/li>\n<li>Pizzaiolo (1 vaga).<\/li>\n<\/ul>\n<p class=\"wp-block-paragraph\">Entre as empresas participantes est\u00e3o o Grupo Yamam, Grupo P\u00e3o de A\u00e7\u00facar (GPA), Top Service e Lukton Brasil, que somam 404 oportunidades de emprego durante o evento.<\/p>\n<p class=\"wp-block-paragraph\">Os Postos de Atendimento ao Trabalhador (PATs) s\u00e3o uma rede de atendimento do Governo do Estado de S\u00e3o Paulo que concentra servi\u00e7os gratuitos \u00e0 popula\u00e7\u00e3o, sendo centros de refer\u00eancia das pol\u00edticas p\u00fablicas de gera\u00e7\u00e3o de emprego e renda. Os PATs contam com mais de 200 unidades, presentes em todas as regi\u00f5es do estado. Desde 2023, os PATs ofertaram mais de 1,2 milh\u00e3o de vagas de empregos.<\/p>\n<h3 class=\"wp-block-heading\">Servi\u00e7o<\/h3>\n<p class=\"wp-block-paragraph\"><strong>Mutir\u00e3o de Emprego no PAT do CIC do Imigrante<\/strong><\/p>\n<ul class=\"wp-block-list\">\n<li>Data: sexta-feira, 19 de junho de 2026<\/li>\n<li>Hor\u00e1rio: 10h \u00e0s 15h<\/li>\n<li>Local: PAT do Imigrante<\/li>\n<li>Endere\u00e7o: Rua Guaianases, 1.112, Campos El\u00edseos, S\u00e3o Paulo (SP)<\/li>\n<li>Refer\u00eancia: Pr\u00f3ximo ao Terminal Princesa Isabel<\/li>\n<li>Link: <a href=\"https:\/\/share.google\/K0L6ldU8PamoUHoVu\" target=\"_blank\" rel=\"noopener\">https:\/\/share.google\/K0L6ldU8PamoUHoVu<\/a> <\/li>\n<\/ul><\/div>\n<p><br \/>\n<br \/><a href=\"https:\/\/www.agenciasp.sp.gov.br\/feirao-de-emprego-no-pat-do-imigrante-oferece-mais-de-400-vagas-para-refugiados-e-imigrantes-nesta-sexta-19\/\" rel=\"noopener\">Informa\u00e7\u00f5es GOV.SP<\/a><\/p>\n","protected":false},"excerpt":{"rendered":"<p>A Secretaria de Desenvolvimento Econ\u00f4mico (SDE) do Estado de S\u00e3o Paulo, por meio do Posto de Atendimento ao Trabalhador (PAT), participa do Mutir\u00e3o de Emprego no CIC do Imigrante, promovido em comemora\u00e7\u00e3o ao Dia Mundial do Refugiado. A a\u00e7\u00e3o ser\u00e1 realizada nesta sexta (19), das 10h \u00e0s 15h, na sede do CIC do Imigrante, na [&hellip;]<\/p>\n","protected":false},"author":1,"featured_media":69486,"comment_status":"","ping_status":"open","sticky":false,"template":"","format":"standard","meta":{"_jetpack_newsletter_access":"","_jetpack_dont_email_post_to_subs":false,"_jetpack_newsletter_tier_id":0,"_jetpack_memberships_contains_paywalled_content":false,"_mbp_banners":[],"_jetpack_feature_clip_id":0,"_jetpack_memberships_contains_paid_content":false,"footnotes":"","jetpack_publicize_message":"","jetpack_publicize_feature_enabled":true,"jetpack_social_post_already_shared":true,"jetpack_social_options":{"image_generator_settings":{"template":"highway","default_image_id":0,"font":"","enabled":false},"version":2},"jetpack_post_was_ever_published":false},"categories":[21],"tags":[],"class_list":["post-69485","post","type-post","status-publish","format-standard","has-post-thumbnail","category-sp-news"],"jetpack_publicize_connections":[],"jetpack-related-posts":[],"jetpack_shortlink":"https:\/\/wp.me\/p7Eq1F-i4J","jetpack_sharing_enabled":true,"jetpack_featured_media_url":"https:\/\/i0.wp.com\/guialimeira.com.br\/news\/wp-content\/uploads\/2026\/06\/Feirao-de-Emprego-no-PAT-do-Imigrante-oferece-mais-de.jpg?fit=2560%2C1707&ssl=1","_links":{"self":[{"href":"https:\/\/guialimeira.com.br\/news\/wp-json\/wp\/v2\/posts\/69485","targetHints":{"allow":["GET"]}}],"collection":[{"href":"https:\/\/guialimeira.com.br\/news\/wp-json\/wp\/v2\/posts"}],"about":[{"href":"https:\/\/guialimeira.com.br\/news\/wp-json\/wp\/v2\/types\/post"}],"author":[{"embeddable":true,"href":"https:\/\/guialimeira.com.br\/news\/wp-json\/wp\/v2\/users\/1"}],"replies":[{"embeddable":true,"href":"https:\/\/guialimeira.com.br\/news\/wp-json\/wp\/v2\/comments?post=69485"}],"version-history":[{"count":0,"href":"https:\/\/guialimeira.com.br\/news\/wp-json\/wp\/v2\/posts\/69485\/revisions"}],"wp:featuredmedia":[{"embeddable":true,"href":"https:\/\/guialimeira.com.br\/news\/wp-json\/wp\/v2\/media\/69486"}],"wp:attachment":[{"href":"https:\/\/guialimeira.com.br\/news\/wp-json\/wp\/v2\/media?parent=69485"}],"wp:term":[{"taxonomy":"category","embeddable":true,"href":"https:\/\/guialimeira.com.br\/news\/wp-json\/wp\/v2\/categories?post=69485"},{"taxonomy":"post_tag","embeddable":true,"href":"https:\/\/guialimeira.com.br\/news\/wp-json\/wp\/v2\/tags?post=69485"}],"curies":[{"name":"wp","href":"https:\/\/api.w.org\/{rel}","templated":true}]}}