{"id":6947,"date":"2024-05-29T18:05:58","date_gmt":"2024-05-29T21:05:58","guid":{"rendered":"https:\/\/guialimeira.com.br\/2024\/05\/29\/teatro-vitoria-recebe-patrulha-canina-neste-domingo-2\/"},"modified":"2024-05-29T18:05:58","modified_gmt":"2024-05-29T21:05:58","slug":"teatro-vitoria-recebe-patrulha-canina-neste-domingo-2","status":"publish","type":"post","link":"https:\/\/guialimeira.com.br\/news\/teatro-vitoria-recebe-patrulha-canina-neste-domingo-2\/","title":{"rendered":"Teatro Vit\u00f3ria recebe Patrulha Canina neste domingo (2)"},"content":{"rendered":"<p> <br \/>\n<\/p>\n<div>\n            <main class=\"\">&#13;<br \/>\n                &#13;<br \/>\n&#13;<br \/>\n&#13;<br \/>\n&#13;<br \/>\n    <img data-recalc-dims=\"1\" decoding=\"async\" src=\"https:\/\/i0.wp.com\/ecrie.com.br\/sistema\/conteudos\/imagem\/m_137_0_1_29052024144402.jpeg?w=696&#038;ssl=1\" alt=\"Teatro Vit\u00f3ria recebe Patrulha Canina neste domingo (2)\"\/>&#13;<br \/>\n&#13;<\/p>\n<p dir=\"ltr\" style=\"text-align: justify;\">Neste domingo (2), acontece o espet\u00e1culo \u201cPatrulha Canina com Tracker\u201d, no Teatro Vit\u00f3ria Emiliano Bernardo da Silva, \u00e0s 16h. A realiza\u00e7\u00e3o \u00e9 da Brincarte Produ\u00e7\u00f5es, com o apoio da Prefeitura de Limeira, por meio da Secretaria de Cultura.<\/p>\n<p>&#13;<\/p>\n<p dir=\"ltr\" style=\"text-align: justify;\">Os her\u00f3is caninos ajudam com bravura todos aqueles que precisam ir para o show de Talentos da Baia da Aventura. Desta vez, n\u00e3o ser\u00e3o sete, e sim, oito personagens no espet\u00e1culo, contando com a chegada do incr\u00edvel Tracker e suas habilidades.<\/p>\n<p>&#13;<\/p>\n<p dir=\"ltr\" style=\"text-align: justify;\">Os ingressos custam\u00a0R$ 60 (inteira) e R$ 30 (meia-entrada), podendo ser adquiridos no link\u00a0<a href=\"https:\/\/www.ticketfacil.com.br\/eventos\/tv-patrulha-canina.aspx\" target=\"_blank\" rel=\"noopener noreferrer\" data-saferedirecturl=\"https:\/\/www.google.com\/url?q=https:\/\/www.ticketfacil.com.br\/eventos\/tv-patrulha-canina.aspx&amp;source=gmail&amp;ust=1717090085975000&amp;usg=AOvVaw0nrc_aijs83xgeO6V8qwvS\">https:\/\/www.ticketfacil.<wbr\/>com.br\/eventos\/tv-patrulha-<wbr\/>canina.aspx<\/a>.<\/p>\n<p>&#13;<\/p>\n<div class=\"yj6qo ajU\" style=\"text-align: justify;\">\n<div id=\":te\" class=\"ajR\" tabindex=\"0\" role=\"button\" aria-label=\"Ocultar conte\u00fado expandido\" aria-expanded=\"true\" data-tooltip=\"Ocultar conte\u00fado expandido\"><img data-recalc-dims=\"1\" decoding=\"async\" class=\"ajT\" src=\"https:\/\/i0.wp.com\/ssl.gstatic.com\/ui\/v1\/icons\/mail\/images\/cleardot.gif?w=696&#038;ssl=1\"\/><span style=\"font-size: 1em;\">O Teatro Vit\u00f3ria fica na Pra\u00e7a Toledo de Barros, s\/n &#8211; Centro.<\/span><\/div>\n<\/div>\n<p>&#13;<br \/>\n&#13;<br \/>\n&#13;<br \/>\n&#13;<\/p>\n<aside class=\"list-related no-print\">&#13;<br \/>\n        &#13;<br \/>\n&#13;<\/p>\n<article class=\"list-item noticias \">&#13;<br \/>\n                    <a class=\"list-item__img\" href=\"https:\/\/limeira.sp.gov.br\/imprensa\/noticias\/cultura\/festa-junina-municipal-e-verso-e-voz-sao-destaques-da-programacao-cultural-do-mes\" tabindex=\"-1\" aria-hidden=\"true\" rel=\"noopener\">&#13;<br \/>\n                        <img data-recalc-dims=\"1\" decoding=\"async\" src=\"https:\/\/i0.wp.com\/ecrie.com.br\/sistema\/conteudos\/imagem\/m_137_0_1_30042024141915.jpeg?w=696&#038;ssl=1\" alt=\"Festa Junina Municipal e Verso e Voz s\u00e3o destaques da programa\u00e7\u00e3o cultural do m\u00eas\"\/>&#13;<br \/>\n                    <\/a>&#13;<br \/>\n&#13;<br \/>\n                &#13;<br \/>\n            <\/article>\n<p>&#13;<\/p>\n<article class=\"list-item noticias \">&#13;<br \/>\n                    <a class=\"list-item__img\" href=\"https:\/\/limeira.sp.gov.br\/imprensa\/noticias\/cultura\/festival-ecodanca-acontece-neste-sabado-1\" tabindex=\"-1\" aria-hidden=\"true\" rel=\"noopener\">&#13;<br \/>\n                        <img data-recalc-dims=\"1\" decoding=\"async\" src=\"https:\/\/i0.wp.com\/ecrie.com.br\/sistema\/conteudos\/imagem\/m_137_0_1_29052024144003.jpeg?w=696&#038;ssl=1\" alt=\"Festival Ecodan\u00e7a acontece neste s\u00e1bado (1\u00ba)\"\/>&#13;<br \/>\n                    <\/a>&#13;<br \/>\n&#13;<br \/>\n                &#13;<br \/>\n            <\/article>\n<p>&#13;<\/p>\n<article class=\"list-item noticias \">&#13;<br \/>\n                    <a class=\"list-item__img\" href=\"https:\/\/limeira.sp.gov.br\/imprensa\/noticias\/cultura\/retreta-com-banda-henrique-marques-e-neste-domingo-2\" tabindex=\"-1\" aria-hidden=\"true\" rel=\"noopener\">&#13;<br \/>\n                        <img data-recalc-dims=\"1\" decoding=\"async\" src=\"https:\/\/i0.wp.com\/ecrie.com.br\/sistema\/conteudos\/imagem\/m_137_0_1_22032024140354.jpeg?w=696&#038;ssl=1\" alt=\"Retreta com Banda Henrique Marques \u00e9 neste domingo (2)\"\/>&#13;<br \/>\n                    <\/a>&#13;<br \/>\n&#13;<br \/>\n                &#13;<br \/>\n            <\/article>\n<p>&#13;<br \/>\n    <\/aside>\n<p>&#13;<br \/>\n&#13;<br \/>\n            <\/main><\/p><\/div>\n<p><br \/>\n<br \/><a href=\"https:\/\/limeira.sp.gov.br\/teatro-vitoria-recebe-patrulha-canina-neste-domingo-2\" rel=\"noopener\">Informa\u00e7\u00f5es da PML <\/a><\/p>\n","protected":false},"excerpt":{"rendered":"<p>&#13; &#13; &#13; &#13; &#13; &#13; &#13; Neste domingo (2), acontece o espet\u00e1culo \u201cPatrulha Canina com Tracker\u201d, no Teatro Vit\u00f3ria Emiliano Bernardo da Silva, \u00e0s 16h. A realiza\u00e7\u00e3o \u00e9 da Brincarte Produ\u00e7\u00f5es, com o apoio da Prefeitura de Limeira, por meio da Secretaria de Cultura. &#13; Os her\u00f3is caninos ajudam com bravura todos aqueles que [&hellip;]<\/p>\n","protected":false},"author":1,"featured_media":6948,"comment_status":"open","ping_status":"open","sticky":false,"template":"","format":"standard","meta":{"_jetpack_newsletter_access":"","_jetpack_dont_email_post_to_subs":false,"_jetpack_newsletter_tier_id":0,"_jetpack_memberships_contains_paywalled_content":false,"_mbp_banners":[],"_jetpack_feature_clip_id":0,"_jetpack_memberships_contains_paid_content":false,"footnotes":"","jetpack_publicize_message":"","jetpack_publicize_feature_enabled":true,"jetpack_social_post_already_shared":true,"jetpack_social_options":{"image_generator_settings":{"template":"highway","default_image_id":0,"font":"","enabled":false},"version":2},"jetpack_post_was_ever_published":false},"categories":[16],"tags":[],"class_list":["post-6947","post","type-post","status-publish","format-standard","has-post-thumbnail","category-local"],"jetpack_publicize_connections":[],"jetpack-related-posts":[],"jetpack_shortlink":"https:\/\/wp.me\/p7Eq1F-1O3","jetpack_sharing_enabled":true,"jetpack_featured_media_url":"https:\/\/i0.wp.com\/guialimeira.com.br\/news\/wp-content\/uploads\/2024\/05\/m_137_0_1_29052024144402.jpeg?fit=900%2C896&ssl=1","_links":{"self":[{"href":"https:\/\/guialimeira.com.br\/news\/wp-json\/wp\/v2\/posts\/6947","targetHints":{"allow":["GET"]}}],"collection":[{"href":"https:\/\/guialimeira.com.br\/news\/wp-json\/wp\/v2\/posts"}],"about":[{"href":"https:\/\/guialimeira.com.br\/news\/wp-json\/wp\/v2\/types\/post"}],"author":[{"embeddable":true,"href":"https:\/\/guialimeira.com.br\/news\/wp-json\/wp\/v2\/users\/1"}],"replies":[{"embeddable":true,"href":"https:\/\/guialimeira.com.br\/news\/wp-json\/wp\/v2\/comments?post=6947"}],"version-history":[{"count":0,"href":"https:\/\/guialimeira.com.br\/news\/wp-json\/wp\/v2\/posts\/6947\/revisions"}],"wp:featuredmedia":[{"embeddable":true,"href":"https:\/\/guialimeira.com.br\/news\/wp-json\/wp\/v2\/media\/6948"}],"wp:attachment":[{"href":"https:\/\/guialimeira.com.br\/news\/wp-json\/wp\/v2\/media?parent=6947"}],"wp:term":[{"taxonomy":"category","embeddable":true,"href":"https:\/\/guialimeira.com.br\/news\/wp-json\/wp\/v2\/categories?post=6947"},{"taxonomy":"post_tag","embeddable":true,"href":"https:\/\/guialimeira.com.br\/news\/wp-json\/wp\/v2\/tags?post=6947"}],"curies":[{"name":"wp","href":"https:\/\/api.w.org\/{rel}","templated":true}]}}