{"id":69460,"date":"2026-06-18T11:39:10","date_gmt":"2026-06-18T14:39:10","guid":{"rendered":"https:\/\/guialimeira.com.br\/casa-paulista-ajuda-quase-600-familias-a-realizarem-o-sonho-da-casa-propria-em-aracatuba\/"},"modified":"2026-06-18T11:39:10","modified_gmt":"2026-06-18T14:39:10","slug":"casa-paulista-ajuda-quase-600-familias-a-realizarem-o-sonho-da-casa-propria-em-aracatuba","status":"publish","type":"post","link":"https:\/\/guialimeira.com.br\/news\/casa-paulista-ajuda-quase-600-familias-a-realizarem-o-sonho-da-casa-propria-em-aracatuba\/","title":{"rendered":"Casa Paulista ajuda quase 600 fam\u00edlias a realizarem o sonho da casa pr\u00f3pria em Ara\u00e7atuba"},"content":{"rendered":"<p> <br \/>\n<br \/><img data-recalc-dims=\"1\" decoding=\"async\" src=\"https:\/\/i0.wp.com\/www.agenciasp.sp.gov.br\/wp-content\/uploads\/2026\/06\/Captura-de-tela-2026-06-18-105553.png?w=696&#038;ssl=1\" \/><\/p>\n<div>\n<p class=\"wp-block-paragraph\">O Programa Casa Paulista entregou nesta quarta-feira (17) 593 casas do Residencial Luiz Fernando de Arruda Ramos, em Ara\u00e7atuba. As fam\u00edlias contempladas foram beneficiadas com subs\u00eddios estaduais, somando investimento de R$ 5,9 milh\u00f5es, por meio das modalidades Pre\u00e7o Social e Carta de Cr\u00e9dito Imobili\u00e1rio (CCI).\u00a0<\/p>\n<p class=\"wp-block-paragraph\">Durante a cerim\u00f4nia de entrega das chaves \u00e0s fam\u00edlias, Marcos Penido, chefe de gabinete da Secretaria de Desenvolvimento Urbano e Habita\u00e7\u00e3o (SDUH), ressaltou que o Governo de S\u00e3o Paulo tornou a habilita\u00e7\u00e3o um de seus pilares de atua\u00e7\u00e3o e, como resultado, o Casa Paulista se consolidou como maior programa habitacional do Estado, garantindo que o sonho da casa pr\u00f3pria se torne realidade para quem mais precisa. \u201cO governador colocou a habita\u00e7\u00e3o como a obra que pode efetivamente promover grandes mudan\u00e7as na vida das pessoas. J\u00e1 s\u00e3o mais de 80 mil unidades entregues e mais de 120 mil que est\u00e3o em execu\u00e7\u00e3o, \u00a0totalizando 200 mil unidades. Este n\u00famero representa a quantidade de fam\u00edlias que passar\u00e1 a ter sua casa pr\u00f3pria. Compartilhamos, ent\u00e3o, a alegria que voc\u00eas est\u00e3o tendo hoje por aqui. Voc\u00eas fazem com que o Governo de S\u00e3o Paulo esteja cada vez mais \u00e0 frente do trabalho\u201d, destacou.\u00a0<\/p>\n<p class=\"wp-block-paragraph\">Ao todo, 517 unidades comercializadas a pre\u00e7o social foram destinadas a fam\u00edlias com renda de at\u00e9 tr\u00eas sal\u00e1rios m\u00ednimos, selecionadas por meio de sorteio eletr\u00f4nico auditado e transmitido pela internet, em julho de 2024. Os benefici\u00e1rios receberam subs\u00eddios estaduais de R$ 10 mil cada.<\/p>\n<p class=\"wp-block-paragraph\">Neste empreendimento, o valor da unidade a pre\u00e7o social \u00e9 de R$ 129,2 mil, abaixo do praticado pelo mercado. Dessa forma, os contemplados obtiveram dois benef\u00edcios: a aquisi\u00e7\u00e3o do im\u00f3vel por valor reduzido e o subs\u00eddio estadual. Com isso, o valor final da moradia ficou em cerca de R$ 119 mil.<\/p>\n<p class=\"wp-block-paragraph\">Com apenas 25 anos, a operadora Priscila Miranda comemora a conquista da casa pr\u00f3pria. A jovem, que est\u00e1 noiva, considera que o im\u00f3vel vai ser o pilar para a constru\u00e7\u00e3o da fam\u00edlia. \u201c\u00c9 muita ansiedade, uma emo\u00e7\u00e3o e tanta ver que eu consegui conquistar isso. N\u00e3o tenho nem palavras para explicar. Estou realmente muito emocionada. Daqui para frente \u00e9 continuar crescendo e evoluindo, sempre conquistando os objetivos. Aqui, vai ser a base para construir a minha fam\u00edlia, o meu lar.\u201d, disse.<\/p>\n<p class=\"wp-block-paragraph\">A jovem contou com o apoio do Casa Paulista para realizar o sonho da casa pr\u00f3pria. \u201cO programa me ajudou muito, porque tornou o pre\u00e7o da casa muito acess\u00edvel. Consegui dar um valor de entrada legal na casa tamb\u00e9m. Ent\u00e3o, isso me motivou mais ainda. Ser sorteada foi uma experi\u00eancia diferente, porque eu n\u00e3o estava esperando conseguir o Pre\u00e7o Social. Foi algo inesperado!\u201d, celebrou.\u00a0<\/p>\n<p class=\"wp-block-paragraph\">A t\u00e9cnica de enfermagem Rafaela de Souza, de 26 anos, e o marido Lucas Alexandre, de 38, tamb\u00e9m contaram com o programa estadual para adquirir o pr\u00f3prio lar, uma conquista essencial para trazer estabilidade e seguran\u00e7a a pequena Mait\u00ea Sofia, de apenas 9 meses. \u201c\u00c9 uma sensa\u00e7\u00e3o de felicidade! Representa mais seguran\u00e7a, harmonia e paz para a gente. Moramos atualmente de aluguel. O Casa Paulista nos ajudou muito, principalmente na entrada. N\u00e3o precisamos pagar nada dela. Sem o programa, acho que eu n\u00e3o conseguiria comprar. Por agora, n\u00e3o daria. Achei a casa perfeita! Uma gracinha. J\u00e1 tenho planos de reformar e mudar algumas coisinhas\u201d, conta ela.\u00a0<\/p>\n<p class=\"wp-block-paragraph\">A mesma felicidade de conquista \u00e9 compartilhada por Shirlei Aparecida, de 42 anos. M\u00e3e-solo da pequena Beatriz Barbassa, de 9 anos, a enfermeira reconhece a import\u00e2ncia do programa Casa Paulista. \u201cEssa oportunidade, principalmente para m\u00e3es solo como eu, foi muito grande. Sabemos da dificuldade que \u00e9 trabalhar, criar um filho, educar. Ter essa oportunidade de adentrar em um financiamento sem uma entrada, com parcelas baixinhas que cabem no bolso, traz uma gratid\u00e3o imensa. Eu realmente achei que n\u00e3o ia conseguir, mas consegui\u201d, contou animada. O empreendimento atendeu as expectativas da fam\u00edlia. \u201cA casa \u00e9 perfeita, com quartos bem acomodados, com espa\u00e7os onde podemos fazer m\u00f3veis planejados, assim como na cozinha e na sala. Eu achei perfeita!\u201d, concluiu.\u00a0<\/p>\n<p class=\"wp-block-paragraph\">Outras 86 moradias foram comercializadas diretamente pela construtora a pre\u00e7o de mercado, com valores entre R$ 165 mil e R$ 240 mil. Nesse grupo, 76 fam\u00edlias com renda entre 3,01 e 5 sal\u00e1rios m\u00ednimos tamb\u00e9m receberam subs\u00eddios estaduais, por meio de cartas de cr\u00e9dito imobili\u00e1rio no valor de R$ 10 mil cada.<\/p>\n<p class=\"wp-block-paragraph\">As casas do Residencial Luiz Fernando de Arruda Ramos possuem dois dormit\u00f3rios, sala, cozinha, banheiro, lavanderia e 47 m\u00b2 de \u00e1rea privativa. O empreendimento foi viabilizado por meio de parceria entre os governos estadual, municipal e federal. A Prefeitura de Ara\u00e7atuba cedeu o terreno para a constru\u00e7\u00e3o das unidades habitacionais pela iniciativa privada; a Caixa Econ\u00f4mica Federal financiou os im\u00f3veis; e o Programa Casa Paulista concedeu subs\u00eddios para reduzir o valor do financiamento habitacional.<\/p>\n<h3 class=\"wp-block-heading\"><strong>Sobre a modalidade Nossa Casa \u2013 Pre\u00e7o Social<\/strong><\/h3>\n<p class=\"wp-block-paragraph\">Na modalidade Nossa Casa \u2013 Pre\u00e7o Social, as prefeituras oferecem os terrenos e, por meio de licita\u00e7\u00e3o p\u00fablica, \u00e9 definida a empresa privada respons\u00e1vel por desenvolver o empreendimento. Parte das unidades habitacionais \u00e9 destinada \u00e0 venda a pre\u00e7o social, com valor reduzido em rela\u00e7\u00e3o ao mercado, para fam\u00edlias com renda de at\u00e9 tr\u00eas sal\u00e1rios m\u00ednimos.<\/p>\n<p class=\"wp-block-paragraph\">Os interessados se inscrevem no site da modalidade e s\u00e3o selecionados por meio de sorteio p\u00fablico, com cotas espec\u00edficas para moradores de \u00e1reas de risco e fam\u00edlias que recebem aux\u00edlio-aluguel municipal.<\/p>\n<p class=\"wp-block-paragraph\">O restante das moradias \u00e9 comercializado pela empresa a pre\u00e7o de mercado. Em ambos os casos \u2014 pre\u00e7o social ou pre\u00e7o de mercado \u2014 as fam\u00edlias recebem subs\u00eddio do Programa Casa Paulista e contam com financiamento da Caixa Econ\u00f4mica Federal. Para ter direito ao subs\u00eddio estadual, por\u00e9m, a renda familiar n\u00e3o pode ultrapassar cinco sal\u00e1rios m\u00ednimos no caso das unidades vendidas a pre\u00e7o de mercado.<\/p>\n<\/p><\/div>\n<p><br \/>\n<br \/><a href=\"https:\/\/www.agenciasp.sp.gov.br\/casa-paulista-ajuda-quase-600-familias-a-realizarem-o-sonho-da-casa-propria-em-aracatuba\/\" rel=\"noopener\">Informa\u00e7\u00f5es GOV.SP<\/a><\/p>\n","protected":false},"excerpt":{"rendered":"<p>O Programa Casa Paulista entregou nesta quarta-feira (17) 593 casas do Residencial Luiz Fernando de Arruda Ramos, em Ara\u00e7atuba. As fam\u00edlias contempladas foram beneficiadas com subs\u00eddios estaduais, somando investimento de R$ 5,9 milh\u00f5es, por meio das modalidades Pre\u00e7o Social e Carta de Cr\u00e9dito Imobili\u00e1rio (CCI).\u00a0 Durante a cerim\u00f4nia de entrega das chaves \u00e0s fam\u00edlias, Marcos [&hellip;]<\/p>\n","protected":false},"author":1,"featured_media":69461,"comment_status":"","ping_status":"open","sticky":false,"template":"","format":"standard","meta":{"_jetpack_newsletter_access":"","_jetpack_dont_email_post_to_subs":false,"_jetpack_newsletter_tier_id":0,"_jetpack_memberships_contains_paywalled_content":false,"_mbp_banners":[],"_jetpack_feature_clip_id":0,"_jetpack_memberships_contains_paid_content":false,"footnotes":"","jetpack_publicize_message":"","jetpack_publicize_feature_enabled":true,"jetpack_social_post_already_shared":true,"jetpack_social_options":{"image_generator_settings":{"template":"highway","default_image_id":0,"font":"","enabled":false},"version":2},"jetpack_post_was_ever_published":false},"categories":[21],"tags":[],"class_list":["post-69460","post","type-post","status-publish","format-standard","has-post-thumbnail","category-sp-news"],"jetpack_publicize_connections":[],"jetpack-related-posts":[],"jetpack_shortlink":"https:\/\/wp.me\/p7Eq1F-i4k","jetpack_sharing_enabled":true,"jetpack_featured_media_url":"https:\/\/i0.wp.com\/guialimeira.com.br\/news\/wp-content\/uploads\/2026\/06\/Casa-Paulista-ajuda-quase-600-familias-a-realizarem-o-sonho.png?fit=1239%2C924&ssl=1","_links":{"self":[{"href":"https:\/\/guialimeira.com.br\/news\/wp-json\/wp\/v2\/posts\/69460","targetHints":{"allow":["GET"]}}],"collection":[{"href":"https:\/\/guialimeira.com.br\/news\/wp-json\/wp\/v2\/posts"}],"about":[{"href":"https:\/\/guialimeira.com.br\/news\/wp-json\/wp\/v2\/types\/post"}],"author":[{"embeddable":true,"href":"https:\/\/guialimeira.com.br\/news\/wp-json\/wp\/v2\/users\/1"}],"replies":[{"embeddable":true,"href":"https:\/\/guialimeira.com.br\/news\/wp-json\/wp\/v2\/comments?post=69460"}],"version-history":[{"count":0,"href":"https:\/\/guialimeira.com.br\/news\/wp-json\/wp\/v2\/posts\/69460\/revisions"}],"wp:featuredmedia":[{"embeddable":true,"href":"https:\/\/guialimeira.com.br\/news\/wp-json\/wp\/v2\/media\/69461"}],"wp:attachment":[{"href":"https:\/\/guialimeira.com.br\/news\/wp-json\/wp\/v2\/media?parent=69460"}],"wp:term":[{"taxonomy":"category","embeddable":true,"href":"https:\/\/guialimeira.com.br\/news\/wp-json\/wp\/v2\/categories?post=69460"},{"taxonomy":"post_tag","embeddable":true,"href":"https:\/\/guialimeira.com.br\/news\/wp-json\/wp\/v2\/tags?post=69460"}],"curies":[{"name":"wp","href":"https:\/\/api.w.org\/{rel}","templated":true}]}}