{"id":69455,"date":"2026-06-18T10:38:07","date_gmt":"2026-06-18T13:38:07","guid":{"rendered":"https:\/\/guialimeira.com.br\/alem-das-festas-juninas-milho-amendoim-e-mandioca-sao-destaque-no-agro-paulista\/"},"modified":"2026-06-18T10:38:07","modified_gmt":"2026-06-18T13:38:07","slug":"alem-das-festas-juninas-milho-amendoim-e-mandioca-sao-destaque-no-agro-paulista","status":"publish","type":"post","link":"https:\/\/guialimeira.com.br\/news\/alem-das-festas-juninas-milho-amendoim-e-mandioca-sao-destaque-no-agro-paulista\/","title":{"rendered":"Al\u00e9m das festas juninas: milho, amendoim e mandioca s\u00e3o destaque no agro paulista"},"content":{"rendered":"<p> <br \/>\n<br \/><img data-recalc-dims=\"1\" decoding=\"async\" src=\"https:\/\/i0.wp.com\/www.agenciasp.sp.gov.br\/wp-content\/uploads\/2026\/06\/muito-alem-das-festas-juninas-1024x559-1.jpeg?w=696&#038;ssl=1\" \/><\/p>\n<div>\n<p class=\"wp-block-paragraph\">Junho chegou e, com ele, as tradicionais festas juninas, marcadas por dan\u00e7as, bandeirinhas e uma grande variedade de pratos t\u00edpicos. Entre os protagonistas das comemora\u00e7\u00f5es est\u00e3o tr\u00eas ingredientes que fazem parte da hist\u00f3ria e da identidade alimentar do Brasil: milho, amendoim e mandioca. Al\u00e9m de garantirem sabor \u00e0s receitas, eles oferecem importantes benef\u00edcios nutricionais para a sa\u00fade.<\/p>\n<p class=\"wp-block-paragraph\">Presentes em prepara\u00e7\u00f5es como canjica, bolo de fub\u00e1, p\u00e9-de-moleque, pa\u00e7oca, tapioca e mandioca cozida, esses alimentos s\u00e3o vers\u00e1teis, nutritivos e podem integrar uma alimenta\u00e7\u00e3o equilibrada ao longo de todo o ano.<\/p>\n<p class=\"wp-block-paragraph\">\u201cO per\u00edodo das festas juninas \u00e9 uma excelente oportunidade para valorizar ingredientes que fazem parte da nossa cultura alimentar e que tamb\u00e9m apresentam nutrientes importantes. Quando consumidos com equil\u00edbrio e inseridos em uma alimenta\u00e7\u00e3o variada, milho, amendoim e mandioca contribuem para o fornecimento de energia, vitaminas, minerais e compostos bioativos que auxiliam na manuten\u00e7\u00e3o da sa\u00fade\u201d, explica Katlly Evillim Sousa, nutricionista da Diretoria de Seguran\u00e7a Alimentar, da Secretaria de Agricultura e Abastecimento do Estado de S\u00e3o Paulo (SAA).<\/p>\n<p class=\"wp-block-paragraph\">Al\u00e9m dos benef\u00edcios nutricionais e da presen\u00e7a marcante na culin\u00e1ria brasileira, esses ingredientes t\u00eam grande relev\u00e2ncia para a agricultura paulista. Segundo o Instituto de Economia Agr\u00edcola (IEA-APTA), o milho est\u00e1 entre os dez principais produtos cultivados no estado, com produ\u00e7\u00e3o estimada de 3,6 milh\u00f5es de toneladas na safra 2024\/25. S\u00e3o Paulo tamb\u00e9m lidera a produ\u00e7\u00e3o nacional de amendoim, sendo respons\u00e1vel por 86% do volume produzido no pa\u00eds e registrando uma produ\u00e7\u00e3o anual superior a 700 mil toneladas. J\u00e1 a mandioca mant\u00e9m papel importante no campo paulista, com produ\u00e7\u00e3o pr\u00f3xima de 1,6 milh\u00e3o de toneladas por ano.\u00a0<\/p>\n<h3 class=\"wp-block-heading\">Cole\u00e7\u00e3o Agro SP na Mesa<\/h3>\n<p class=\"wp-block-paragraph\">Para ampliar o acesso da popula\u00e7\u00e3o a informa\u00e7\u00f5es sobre alimenta\u00e7\u00e3o saud\u00e1vel, a Diretoria de Seguran\u00e7a Alimentar disponibiliza gratuitamente uma s\u00e9rie de publica\u00e7\u00f5es que re\u00fanem conte\u00fado t\u00e9cnico, hist\u00f3rico, cultural e gastron\u00f4mico sobre alimentos produzidos no estado de S\u00e3o Paulo.<\/p>\n<p class=\"wp-block-paragraph\">Entre elas est\u00e1 a cole\u00e7\u00e3o Agro SP na Mesa, que conta com volumes dedicados ao milho, ao amendoim e \u00e0 mandioca. As publica\u00e7\u00f5es apresentam curiosidades, informa\u00e7\u00f5es nutricionais, formas de consumo, receitas e orienta\u00e7\u00f5es que incentivam a diversifica\u00e7\u00e3o alimentar e valorizam produtos importantes para a agricultura paulista.<\/p>\n<p class=\"wp-block-paragraph\">Al\u00e9m desses t\u00edtulos, a cole\u00e7\u00e3o re\u00fane mais de 30 publica\u00e7\u00f5es sobre seguran\u00e7a alimentar, aproveitamento integral dos alimentos e combate ao desperd\u00edcio, fortalecendo o acesso da popula\u00e7\u00e3o a conte\u00fados de educa\u00e7\u00e3o alimentar e nutricional.<\/p>\n<p class=\"wp-block-paragraph\">Os materiais podem ser baixados gratuitamente neste link:\u00a0<a href=\"https:\/\/agricultura.sp.gov.br\/segurancaalimentar\/publicacoes\/\" target=\"_blank\" rel=\"noopener\">https:\/\/agricultura.sp.gov.br\/segurancaalimentar\/publicacoes\/<\/a><\/p>\n<h3 class=\"wp-block-heading\">Milho: energia, fibras e compostos antioxidantes<\/h3>\n<p class=\"wp-block-paragraph\">Base de in\u00fameras receitas t\u00edpicas, o milho \u00e9 uma importante fonte de carboidratos, respons\u00e1veis pelo fornecimento de energia ao organismo. O gr\u00e3o tamb\u00e9m cont\u00e9m prote\u00ednas, vitaminas do complexo B \u2014 especialmente B1 e B5 \u2014 e minerais como ferro, f\u00f3sforo, pot\u00e1ssio, c\u00e1lcio, magn\u00e9sio e zinco.<\/p>\n<p class=\"wp-block-paragraph\">Outro destaque est\u00e1 na presen\u00e7a de compostos fen\u00f3licos, antioxidantes e outros fitoqu\u00edmicos que ajudam a proteger as c\u00e9lulas contra os danos causados pelos radicais livres. Esses compostos tamb\u00e9m est\u00e3o associados \u00e0 redu\u00e7\u00e3o do risco de doen\u00e7as cr\u00f4nicas, como diabetes tipo 2 e alguns tipos de c\u00e2ncer, al\u00e9m de contribu\u00edrem para o controle dos n\u00edveis de colesterol. As fibras presentes no milho auxiliam o funcionamento intestinal e colaboram para a sa\u00fade cardiovascular.\u00a0<\/p>\n<h3 class=\"wp-block-heading\">Amendoim: aliado do cora\u00e7\u00e3o e da saciedade<\/h3>\n<p class=\"wp-block-paragraph\">Outro s\u00edmbolo das festas de junho, o amendoim se destaca pelo elevado valor nutricional. Rico em prote\u00ednas, fibras, vitamina E, vitaminas do complexo B, \u00e1cido f\u00f3lico e minerais como c\u00e1lcio, f\u00f3sforo, pot\u00e1ssio e zinco, o alimento tamb\u00e9m \u00e9 fonte de gorduras insaturadas, incluindo os \u00e1cidos graxos \u00f4mega 6 e \u00f4mega 9.<\/p>\n<p class=\"wp-block-paragraph\">Considerado um alimento funcional, o amendoim re\u00fane compostos bioativos que contribuem para a preven\u00e7\u00e3o de doen\u00e7as. Entre eles est\u00e1 o resveratrol, subst\u00e2ncia associada \u00e0 prote\u00e7\u00e3o cardiovascular. As gorduras monoinsaturadas presentes no alimento tamb\u00e9m ajudam no controle do colesterol.<\/p>\n<p class=\"wp-block-paragraph\">Al\u00e9m disso, suas fibras colaboram para o controle dos n\u00edveis de a\u00e7\u00facar no sangue e promovem maior sensa\u00e7\u00e3o de saciedade. Apesar dos benef\u00edcios, a recomenda\u00e7\u00e3o \u00e9 que o consumo ocorra com modera\u00e7\u00e3o devido ao seu elevado valor cal\u00f3rico.<\/p>\n<h3 class=\"wp-block-heading\">Mandioca: versatilidade e fonte de energia<\/h3>\n<p class=\"wp-block-paragraph\">Amplamente consumida em todas as regi\u00f5es do pa\u00eds, a mandioca \u00e9 um alimento energ\u00e9tico e vers\u00e1til. Rica em carboidratos, tamb\u00e9m fornece vitamina C, pot\u00e1ssio, magn\u00e9sio, cobre, f\u00f3sforo e fibras.<\/p>\n<p class=\"wp-block-paragraph\">A vitamina C atua na prote\u00e7\u00e3o das c\u00e9lulas e participa da forma\u00e7\u00e3o do col\u00e1geno. O pot\u00e1ssio \u00e9 essencial para o funcionamento muscular e para o equil\u00edbrio das c\u00e9lulas, enquanto o magn\u00e9sio contribui para a sa\u00fade \u00f3ssea e para diversos processos metab\u00f3licos. J\u00e1 as fibras auxiliam o funcionamento intestinal e ajudam no controle dos n\u00edveis de colesterol e glicose no sangue.<\/p>\n<\/p><\/div>\n<p><br \/>\n<br \/><a href=\"https:\/\/www.agenciasp.sp.gov.br\/alem-das-festas-juninas-milho-amendoim-e-mandioca-sao-destaque-no-agro-paulista\/\" rel=\"noopener\">Informa\u00e7\u00f5es GOV.SP<\/a><\/p>\n","protected":false},"excerpt":{"rendered":"<p>Junho chegou e, com ele, as tradicionais festas juninas, marcadas por dan\u00e7as, bandeirinhas e uma grande variedade de pratos t\u00edpicos. Entre os protagonistas das comemora\u00e7\u00f5es est\u00e3o tr\u00eas ingredientes que fazem parte da hist\u00f3ria e da identidade alimentar do Brasil: milho, amendoim e mandioca. Al\u00e9m de garantirem sabor \u00e0s receitas, eles oferecem importantes benef\u00edcios nutricionais para [&hellip;]<\/p>\n","protected":false},"author":1,"featured_media":69456,"comment_status":"","ping_status":"open","sticky":false,"template":"","format":"standard","meta":{"_jetpack_newsletter_access":"","_jetpack_dont_email_post_to_subs":false,"_jetpack_newsletter_tier_id":0,"_jetpack_memberships_contains_paywalled_content":false,"_mbp_banners":[],"_jetpack_feature_clip_id":0,"_jetpack_memberships_contains_paid_content":false,"footnotes":"","jetpack_publicize_message":"","jetpack_publicize_feature_enabled":true,"jetpack_social_post_already_shared":true,"jetpack_social_options":{"image_generator_settings":{"template":"highway","default_image_id":0,"font":"","enabled":false},"version":2},"jetpack_post_was_ever_published":false},"categories":[21],"tags":[],"class_list":["post-69455","post","type-post","status-publish","format-standard","has-post-thumbnail","category-sp-news"],"jetpack_publicize_connections":[],"jetpack-related-posts":[],"jetpack_shortlink":"https:\/\/wp.me\/p7Eq1F-i4f","jetpack_sharing_enabled":true,"jetpack_featured_media_url":"https:\/\/i0.wp.com\/guialimeira.com.br\/news\/wp-content\/uploads\/2026\/06\/Alem-das-festas-juninas-milho-amendoim-e-mandioca-sao-destaque.jpeg?fit=1024%2C559&ssl=1","_links":{"self":[{"href":"https:\/\/guialimeira.com.br\/news\/wp-json\/wp\/v2\/posts\/69455","targetHints":{"allow":["GET"]}}],"collection":[{"href":"https:\/\/guialimeira.com.br\/news\/wp-json\/wp\/v2\/posts"}],"about":[{"href":"https:\/\/guialimeira.com.br\/news\/wp-json\/wp\/v2\/types\/post"}],"author":[{"embeddable":true,"href":"https:\/\/guialimeira.com.br\/news\/wp-json\/wp\/v2\/users\/1"}],"replies":[{"embeddable":true,"href":"https:\/\/guialimeira.com.br\/news\/wp-json\/wp\/v2\/comments?post=69455"}],"version-history":[{"count":0,"href":"https:\/\/guialimeira.com.br\/news\/wp-json\/wp\/v2\/posts\/69455\/revisions"}],"wp:featuredmedia":[{"embeddable":true,"href":"https:\/\/guialimeira.com.br\/news\/wp-json\/wp\/v2\/media\/69456"}],"wp:attachment":[{"href":"https:\/\/guialimeira.com.br\/news\/wp-json\/wp\/v2\/media?parent=69455"}],"wp:term":[{"taxonomy":"category","embeddable":true,"href":"https:\/\/guialimeira.com.br\/news\/wp-json\/wp\/v2\/categories?post=69455"},{"taxonomy":"post_tag","embeddable":true,"href":"https:\/\/guialimeira.com.br\/news\/wp-json\/wp\/v2\/tags?post=69455"}],"curies":[{"name":"wp","href":"https:\/\/api.w.org\/{rel}","templated":true}]}}