{"id":69445,"date":"2026-06-18T08:25:52","date_gmt":"2026-06-18T11:25:52","guid":{"rendered":"https:\/\/guialimeira.com.br\/vereadora-tatiane-lopes-cobra-informacoes-sobre-campanha-de-conscientizacao-no-transito-em-limeira\/"},"modified":"2026-06-18T08:25:52","modified_gmt":"2026-06-18T11:25:52","slug":"vereadora-tatiane-lopes-cobra-informacoes-sobre-campanha-de-conscientizacao-no-transito-em-limeira","status":"publish","type":"post","link":"https:\/\/guialimeira.com.br\/news\/vereadora-tatiane-lopes-cobra-informacoes-sobre-campanha-de-conscientizacao-no-transito-em-limeira\/","title":{"rendered":"Vereadora Tatiane Lopes cobra informa\u00e7\u00f5es sobre campanha de conscientiza\u00e7\u00e3o no tr\u00e2nsito em Limeira"},"content":{"rendered":"<p>Vereadora Tatiane Lopes cobra informa\u00e7\u00f5es sobre campanha de conscientiza\u00e7\u00e3o no tr\u00e2nsito em Limeira<\/p>\n<p>A vereadora Tatiane Lopes protocolou nesta \u00faltima quinta-feira, 11 de junho o Requerimento N\u00ba 503\/2026, solicitando informa\u00e7\u00f5es \u00e0 Prefeitura de Limeira sobre o cumprimento da Lei Ordin\u00e1ria n\u00ba 6.905\/2023, que instituiu a campanha \u201cNo tr\u00e2nsito, escolha a Vida\u201d no Calend\u00e1rio Oficial de Eventos do Munic\u00edpio.<\/p>\n<p>A legisla\u00e7\u00e3o determina a realiza\u00e7\u00e3o anual da campanha durante o m\u00eas de setembro, dentro da Semana Nacional do Tr\u00e2nsito, com o objetivo de conscientizar a popula\u00e7\u00e3o sobre a import\u00e2ncia do respeito \u00e0s leis de tr\u00e2nsito e da ado\u00e7\u00e3o de comportamentos seguros nas vias p\u00fablicas.<\/p>\n<p>Por meio do requerimento, a parlamentar busca verificar quais a\u00e7\u00f5es foram efetivamente desenvolvidas pelo Munic\u00edpio nos anos de 2024 e 2025 para atender ao que estabelece a lei, al\u00e9m de questionar se j\u00e1 existe planejamento para a realiza\u00e7\u00e3o da campanha em 2026.<\/p>\n<p>Segundo Tatiane Lopes, iniciativas de educa\u00e7\u00e3o para o tr\u00e2nsito s\u00e3o fundamentais para a preven\u00e7\u00e3o de acidentes e a preserva\u00e7\u00e3o de vidas. \u201c\u00c9 importante que a legisla\u00e7\u00e3o n\u00e3o fique apenas no papel. A campanha foi criada para promover a conscientiza\u00e7\u00e3o e incentivar comportamentos respons\u00e1veis no tr\u00e2nsito, contribuindo para a seguran\u00e7a de motoristas, motociclistas, ciclistas e pedestres. Por isso, estamos buscando informa\u00e7\u00f5es sobre as a\u00e7\u00f5es realizadas e o planejamento para os pr\u00f3ximos anos\u201d, destacou a vereadora.<\/p>\n<p>No requerimento, Tatiane solicita que a Prefeitura informe quais a\u00e7\u00f5es foram realizadas para o cumprimento da Lei N\u00ba 6.905\/2023 nos anos de 2024 e 2025 e se h\u00e1 planejamento para a realiza\u00e7\u00e3o da campanha neste ano, detalhando cronograma, atividades previstas e os \u00f3rg\u00e3os envolvidos na execu\u00e7\u00e3o.<\/p>\n<p>A iniciativa refor\u00e7a a import\u00e2ncia da educa\u00e7\u00e3o e da conscientiza\u00e7\u00e3o como ferramentas essenciais para a constru\u00e7\u00e3o de um tr\u00e2nsito mais seguro e humano para toda a popula\u00e7\u00e3o de Limeira.<\/p>\n<p>Do Gabinete Parlamentar \u2013 Vereadora Tatiane Lopes (Avante)<\/p>\n<p>*Fotos do Gabinete Parlamentar<\/p>\n<p>As mat\u00e9rias de origem dos Gabinetes Parlamentares s\u00e3o de inteira\u00a0 responsabilidade dos parlamentares e de suas assessorias. S\u00e3o devidamente assinadas e n\u00e3o refletem, necessariamente, a opini\u00e3o institucional da C\u00e2mara Municipal de Limeira.<\/p>\n<hr>\n<p><em>Fonte: <a href=\"https:\/\/www.limeira.sp.leg.br\/noticias\/view\/2026-06-18_vereadora-tatiane-lopes-cobra-informacoes-sobre-campanha-de-conscientizacao-no-transito-em-limeira\" target=\"_blank\" rel=\"noopener\">C\u00e2mara Municipal de Limeira<\/a><\/em><\/p>\n","protected":false},"excerpt":{"rendered":"<p>Vereadora Tatiane Lopes cobra informa\u00e7\u00f5es sobre campanha de conscientiza\u00e7\u00e3o no tr\u00e2nsito em Limeira<\/p>\n<p>A vereadora Tatiane Lopes protocolou nesta \u00faltima quinta-feira, 11 de junho o Requerimento N\u00ba 503\/2026, solicitando informa\u00e7\u00f5es \u00e0 Prefeitura de Limeira sobre o cumprimento da Lei Ordin\u00e1ria n\u00ba 6.905\/20<\/p>\n","protected":false},"author":4,"featured_media":69444,"comment_status":"","ping_status":"open","sticky":false,"template":"","format":"standard","meta":{"_jetpack_newsletter_access":"","_jetpack_dont_email_post_to_subs":false,"_jetpack_newsletter_tier_id":0,"_jetpack_memberships_contains_paywalled_content":false,"_mbp_banners":[],"_jetpack_feature_clip_id":0,"_jetpack_memberships_contains_paid_content":false,"footnotes":"","jetpack_publicize_message":"","jetpack_publicize_feature_enabled":true,"jetpack_social_post_already_shared":true,"jetpack_social_options":{"image_generator_settings":{"template":"highway","default_image_id":0,"font":"","enabled":false},"version":2},"jetpack_post_was_ever_published":false},"categories":[19],"tags":[],"class_list":["post-69445","post","type-post","status-publish","format-standard","has-post-thumbnail","category-politica"],"jetpack_publicize_connections":[],"jetpack-related-posts":[],"jetpack_shortlink":"https:\/\/wp.me\/p7Eq1F-i45","jetpack_sharing_enabled":true,"jetpack_featured_media_url":"https:\/\/i0.wp.com\/guialimeira.com.br\/news\/wp-content\/uploads\/2026\/06\/noticia-camara-77.jpg?fit=1280%2C640&ssl=1","_links":{"self":[{"href":"https:\/\/guialimeira.com.br\/news\/wp-json\/wp\/v2\/posts\/69445","targetHints":{"allow":["GET"]}}],"collection":[{"href":"https:\/\/guialimeira.com.br\/news\/wp-json\/wp\/v2\/posts"}],"about":[{"href":"https:\/\/guialimeira.com.br\/news\/wp-json\/wp\/v2\/types\/post"}],"author":[{"embeddable":true,"href":"https:\/\/guialimeira.com.br\/news\/wp-json\/wp\/v2\/users\/4"}],"replies":[{"embeddable":true,"href":"https:\/\/guialimeira.com.br\/news\/wp-json\/wp\/v2\/comments?post=69445"}],"version-history":[{"count":0,"href":"https:\/\/guialimeira.com.br\/news\/wp-json\/wp\/v2\/posts\/69445\/revisions"}],"wp:featuredmedia":[{"embeddable":true,"href":"https:\/\/guialimeira.com.br\/news\/wp-json\/wp\/v2\/media\/69444"}],"wp:attachment":[{"href":"https:\/\/guialimeira.com.br\/news\/wp-json\/wp\/v2\/media?parent=69445"}],"wp:term":[{"taxonomy":"category","embeddable":true,"href":"https:\/\/guialimeira.com.br\/news\/wp-json\/wp\/v2\/categories?post=69445"},{"taxonomy":"post_tag","embeddable":true,"href":"https:\/\/guialimeira.com.br\/news\/wp-json\/wp\/v2\/tags?post=69445"}],"curies":[{"name":"wp","href":"https:\/\/api.w.org\/{rel}","templated":true}]}}