{"id":69424,"date":"2026-06-18T01:26:05","date_gmt":"2026-06-18T04:26:05","guid":{"rendered":"https:\/\/guialimeira.com.br\/cdhu-movel-oferece-atendimento-presencial-a-mutuarios-em-jau\/"},"modified":"2026-06-18T01:26:05","modified_gmt":"2026-06-18T04:26:05","slug":"cdhu-movel-oferece-atendimento-presencial-a-mutuarios-em-jau","status":"publish","type":"post","link":"https:\/\/guialimeira.com.br\/news\/cdhu-movel-oferece-atendimento-presencial-a-mutuarios-em-jau\/","title":{"rendered":"CDHU M\u00f3vel oferece atendimento presencial a mutu\u00e1rios em Ja\u00fa"},"content":{"rendered":"<p> <br \/>\n<br \/><img data-recalc-dims=\"1\" decoding=\"async\" src=\"https:\/\/i0.wp.com\/www.agenciasp.sp.gov.br\/wp-content\/uploads\/2026\/06\/WhatsApp-Image-2026-06-01-at-15.54.31.jpeg?w=696&#038;ssl=1\" \/><\/p>\n<div data-id=\"753696f\" data-element_type=\"widget\" data-e-type=\"widget\" data-widget_type=\"text-editor.default\">\n<p>\n\t\t\t\t\t\t\t\t\tDurante a a\u00e7\u00e3o, ser\u00e3o disponibilizados servi\u00e7os como acordos e quita\u00e7\u00e3o de d\u00e9bitos com utiliza\u00e7\u00e3o do FGTS, nova\u00e7\u00e3o, revis\u00e3o de presta\u00e7\u00f5es, emiss\u00e3o de boletos, transfer\u00eancia de titularidade e orienta\u00e7\u00f5es jur\u00eddicas \u2013 Foto: Divulga\u00e7\u00e3o\/Governo de S\u00e3o Paulo\t\t\t\t\t\t\t\t<\/p>\n<\/p><\/div>\n<div data-id=\"5a922b4\" data-element_type=\"widget\" data-e-type=\"widget\" data-widget_type=\"theme-post-content.default\">\n<div class=\"elementor-widget-container\">\n<p class=\"wp-block-paragraph\">A CDHU M\u00f3vel estar\u00e1 em Ja\u00fa, entre esta quarta (17) e s\u00e1bado (20), oferecendo atendimento presencial aos mutu\u00e1rios da Companhia de Desenvolvimento Habitacional e Urbano (CDHU). O servi\u00e7o itinerante ser\u00e1 realizado na Pra\u00e7a Dr. Luciano Pacheco (Pra\u00e7a do Museu) que fica na Avenida Jo\u00e3o Ferraz Neto, 201. Os atendimentos acontecem entre quarta e sexta-feira das 9h \u00e0s 17h, e no s\u00e1bado, das 9h \u00e0s 13h.<\/p>\n<p class=\"wp-block-paragraph\">Durante a a\u00e7\u00e3o, ser\u00e3o disponibilizados servi\u00e7os como acordos e quita\u00e7\u00e3o de d\u00e9bitos com utiliza\u00e7\u00e3o do FGTS, nova\u00e7\u00e3o, revis\u00e3o de presta\u00e7\u00f5es, emiss\u00e3o de boletos, transfer\u00eancia de titularidade e orienta\u00e7\u00f5es jur\u00eddicas, al\u00e9m de oficinas promovidas pela equipe social.<\/p>\n<p class=\"wp-block-paragraph\"><strong>LEIA TAMB\u00c9M: <\/strong><a href=\"https:\/\/www.agenciasp.sp.gov.br\/abrigo-solidario-fundo-social-de-sp-envia-itens-essenciais-durante-frente-fria-na-capital\/\" rel=\"noopener\">Abrigo Solid\u00e1rio: Fundo Social de SP envia itens essenciais durante frente fria na capital<\/a><\/p>\n<p class=\"wp-block-paragraph\">O atendimento da CDHU M\u00f3vel \u00e9 aberto ao p\u00fablico e n\u00e3o exige agendamento pr\u00e9vio. No entanto, os moradores que desejarem tamb\u00e9m podem reservar hor\u00e1rio antecipadamente pelo site da CDHU ou pelo telefone Al\u00f4 CDHU, no n\u00famero 0800 000 2348, com liga\u00e7\u00e3o gratuita. Nesse caso, o atendimento \u00e9 realizado no hor\u00e1rio agendado, garantindo mais comodidade e agilidade.<\/p>\n<p class=\"wp-block-paragraph\">O cronograma de atendimento da van e da carreta da CDHU M\u00f3vel pode ser consultado no portal da Companhia: <a href=\"https:\/\/www.cdhu.sp.gov.br\/cdhu\/mutuario\/cdhu+movel\" target=\"_blank\" rel=\"noopener\">https:\/\/www.cdhu.sp.gov.br\/cdhu\/mutuario\/cdhu+movel<\/a><\/p>\n<h3 class=\"wp-block-heading\">Impacto da iniciativa<\/h3>\n<p class=\"wp-block-paragraph\">Criada para levar os servi\u00e7os da Companhia a munic\u00edpios que n\u00e3o possuem escrit\u00f3rio regional da CDHU, a iniciativa evita o deslocamento dos mutu\u00e1rios para outras cidades e garante atendimento mais direto, humanizado e resolutivo.<\/p>\n<p class=\"wp-block-paragraph\">Desde maio de 2025, quando foi lan\u00e7ada, a CDHU M\u00f3vel j\u00e1 se consolidou como uma importante ferramenta de aproxima\u00e7\u00e3o da Companhia com a popula\u00e7\u00e3o, realizando cerca de 39 mil atendimentos em 138 munic\u00edpios.<\/p>\n<\/p><\/div>\n<\/p><\/div>\n<p><br \/>\n<br \/><a href=\"https:\/\/www.agenciasp.sp.gov.br\/cdhu-movel-oferece-atendimento-presencial-a-mutuarios-em-jau\/\" rel=\"noopener\">Informa\u00e7\u00f5es GOV.SP<\/a><\/p>\n","protected":false},"excerpt":{"rendered":"<p>Durante a a\u00e7\u00e3o, ser\u00e3o disponibilizados servi\u00e7os como acordos e quita\u00e7\u00e3o de d\u00e9bitos com utiliza\u00e7\u00e3o do FGTS, nova\u00e7\u00e3o, revis\u00e3o de presta\u00e7\u00f5es, emiss\u00e3o de boletos, transfer\u00eancia de titularidade e orienta\u00e7\u00f5es jur\u00eddicas \u2013 Foto: Divulga\u00e7\u00e3o\/Governo de S\u00e3o Paulo A CDHU M\u00f3vel estar\u00e1 em Ja\u00fa, entre esta quarta (17) e s\u00e1bado (20), oferecendo atendimento presencial aos mutu\u00e1rios da Companhia [&hellip;]<\/p>\n","protected":false},"author":1,"featured_media":67603,"comment_status":"","ping_status":"open","sticky":false,"template":"","format":"standard","meta":{"_jetpack_newsletter_access":"","_jetpack_dont_email_post_to_subs":false,"_jetpack_newsletter_tier_id":0,"_jetpack_memberships_contains_paywalled_content":false,"_mbp_banners":[],"_jetpack_feature_clip_id":0,"_jetpack_memberships_contains_paid_content":false,"footnotes":"","jetpack_publicize_message":"","jetpack_publicize_feature_enabled":true,"jetpack_social_post_already_shared":true,"jetpack_social_options":{"image_generator_settings":{"template":"highway","default_image_id":0,"font":"","enabled":false},"version":2},"jetpack_post_was_ever_published":false},"categories":[21],"tags":[],"class_list":["post-69424","post","type-post","status-publish","format-standard","has-post-thumbnail","category-sp-news"],"jetpack_publicize_connections":[],"jetpack-related-posts":[],"jetpack_shortlink":"https:\/\/wp.me\/p7Eq1F-i3K","jetpack_sharing_enabled":true,"jetpack_featured_media_url":"https:\/\/i0.wp.com\/guialimeira.com.br\/news\/wp-content\/uploads\/2026\/06\/CDHU-Movel-inicia-atendimento-em-Peruibe-nesta-segunda-feira-1.jpeg?fit=1600%2C900&ssl=1","_links":{"self":[{"href":"https:\/\/guialimeira.com.br\/news\/wp-json\/wp\/v2\/posts\/69424","targetHints":{"allow":["GET"]}}],"collection":[{"href":"https:\/\/guialimeira.com.br\/news\/wp-json\/wp\/v2\/posts"}],"about":[{"href":"https:\/\/guialimeira.com.br\/news\/wp-json\/wp\/v2\/types\/post"}],"author":[{"embeddable":true,"href":"https:\/\/guialimeira.com.br\/news\/wp-json\/wp\/v2\/users\/1"}],"replies":[{"embeddable":true,"href":"https:\/\/guialimeira.com.br\/news\/wp-json\/wp\/v2\/comments?post=69424"}],"version-history":[{"count":0,"href":"https:\/\/guialimeira.com.br\/news\/wp-json\/wp\/v2\/posts\/69424\/revisions"}],"wp:featuredmedia":[{"embeddable":true,"href":"https:\/\/guialimeira.com.br\/news\/wp-json\/wp\/v2\/media\/67603"}],"wp:attachment":[{"href":"https:\/\/guialimeira.com.br\/news\/wp-json\/wp\/v2\/media?parent=69424"}],"wp:term":[{"taxonomy":"category","embeddable":true,"href":"https:\/\/guialimeira.com.br\/news\/wp-json\/wp\/v2\/categories?post=69424"},{"taxonomy":"post_tag","embeddable":true,"href":"https:\/\/guialimeira.com.br\/news\/wp-json\/wp\/v2\/tags?post=69424"}],"curies":[{"name":"wp","href":"https:\/\/api.w.org\/{rel}","templated":true}]}}