{"id":69412,"date":"2026-06-17T22:21:10","date_gmt":"2026-06-18T01:21:10","guid":{"rendered":"https:\/\/guialimeira.com.br\/judoca-do-programa-talento-esportivo-rafa-cavalcanti-ganha-ouro-inedito-no-trofeu-brasil-senior\/"},"modified":"2026-06-17T22:21:10","modified_gmt":"2026-06-18T01:21:10","slug":"judoca-do-programa-talento-esportivo-rafa-cavalcanti-ganha-ouro-inedito-no-trofeu-brasil-senior","status":"publish","type":"post","link":"https:\/\/guialimeira.com.br\/news\/judoca-do-programa-talento-esportivo-rafa-cavalcanti-ganha-ouro-inedito-no-trofeu-brasil-senior\/","title":{"rendered":"Judoca do Programa Talento Esportivo, Rafa Cavalcanti ganha ouro in\u00e9dito no Trof\u00e9u Brasil S\u00eanior"},"content":{"rendered":"<p> <br \/>\n<br \/><img data-recalc-dims=\"1\" decoding=\"async\" src=\"https:\/\/i0.wp.com\/www.agenciasp.sp.gov.br\/wp-content\/uploads\/2026\/06\/WhatsApp-Image-2026-06-17-at-15.35.28.jpeg?w=696&#038;ssl=1\" \/><\/p>\n<div>\n<p class=\"wp-block-paragraph\">A judoca Rafaela Cavalcanti conquistou na \u00faltima semana um resultado in\u00e9dito na carreira. A atleta do Programa Talento Esportivo ganhou a medalha de ouro na categoria at\u00e9 52 kg no Trof\u00e9u Brasil S\u00eanior de Jud\u00f4, que aconteceu em Cuiab\u00e1 (MT).<\/p>\n<p class=\"wp-block-paragraph\">Rafa teve uma longa caminhada at\u00e9 o topo do p\u00f3dio. Ela venceu, na sequ\u00eancia, Giulia Lindo, Isabeli Barreto, Yasmin Lima, Gabriela Concei\u00e7\u00e3o e Amanda Lima para sair com o t\u00edtulo.<\/p>\n<p class=\"wp-block-paragraph\">\u201cTrabalhei muito para chegar aonde estou e vou seguir trabalhando. Ano passado foi um ano dif\u00edcil, algumas coisas n\u00e3o sa\u00edram como planejado, mas esse ano as coisas est\u00e3o dando certo, estou treinando muito\u201d, disse a judoca ao site do Esporte Clube Pinheiro, onde treina.<\/p>\n<p class=\"wp-block-paragraph\">Em maio, Rafa j\u00e1 havia confirmado a \u00f3tima fase ao vencer pelo terceiro ano seguido o Pan-Americano J\u00fanior, em Guayaquil, no Equador. A atleta est\u00e1 classificada para a disputa dos Jogos Pan-Americanos de Lima, em 2027.<\/p>\n<h3 class=\"wp-block-heading\">Programa Talento Esportivo<\/h3>\n<p class=\"wp-block-paragraph\">O Programa Talento Esportivo \u00e9 uma plataforma da Secretaria de Esportes do Estado de S\u00e3o Paulo que concede apoio financeiro a atletas em v\u00e1rios n\u00edveis de excel\u00eancia, praticantes de qualquer modalidade esportiva. Para mais informa\u00e7\u00f5es, entre em contato pelo (11) 3241-5822, Ramal 1238.<\/p>\n<\/p><\/div>\n<p><br \/>\n<br \/><a href=\"https:\/\/www.agenciasp.sp.gov.br\/judoca-do-programa-talento-esportivo-rafa-cavalcanti-ganha-ouro-inedito-no-trofeu-brasil-senior\/\" rel=\"noopener\">Informa\u00e7\u00f5es GOV.SP<\/a><\/p>\n","protected":false},"excerpt":{"rendered":"<p>A judoca Rafaela Cavalcanti conquistou na \u00faltima semana um resultado in\u00e9dito na carreira. A atleta do Programa Talento Esportivo ganhou a medalha de ouro na categoria at\u00e9 52 kg no Trof\u00e9u Brasil S\u00eanior de Jud\u00f4, que aconteceu em Cuiab\u00e1 (MT). Rafa teve uma longa caminhada at\u00e9 o topo do p\u00f3dio. Ela venceu, na sequ\u00eancia, Giulia [&hellip;]<\/p>\n","protected":false},"author":1,"featured_media":69413,"comment_status":"","ping_status":"open","sticky":false,"template":"","format":"standard","meta":{"_jetpack_newsletter_access":"","_jetpack_dont_email_post_to_subs":false,"_jetpack_newsletter_tier_id":0,"_jetpack_memberships_contains_paywalled_content":false,"_mbp_banners":[],"_jetpack_feature_clip_id":0,"_jetpack_memberships_contains_paid_content":false,"footnotes":"","jetpack_publicize_message":"","jetpack_publicize_feature_enabled":true,"jetpack_social_post_already_shared":true,"jetpack_social_options":{"image_generator_settings":{"template":"highway","default_image_id":0,"font":"","enabled":false},"version":2},"jetpack_post_was_ever_published":false},"categories":[21],"tags":[],"class_list":["post-69412","post","type-post","status-publish","format-standard","has-post-thumbnail","category-sp-news"],"jetpack_publicize_connections":[],"jetpack-related-posts":[],"jetpack_shortlink":"https:\/\/wp.me\/p7Eq1F-i3y","jetpack_sharing_enabled":true,"jetpack_featured_media_url":"https:\/\/i0.wp.com\/guialimeira.com.br\/news\/wp-content\/uploads\/2026\/06\/Judoca-do-Programa-Talento-Esportivo-Rafa-Cavalcanti-ganha-ouro-inedito.jpeg?fit=1080%2C651&ssl=1","_links":{"self":[{"href":"https:\/\/guialimeira.com.br\/news\/wp-json\/wp\/v2\/posts\/69412","targetHints":{"allow":["GET"]}}],"collection":[{"href":"https:\/\/guialimeira.com.br\/news\/wp-json\/wp\/v2\/posts"}],"about":[{"href":"https:\/\/guialimeira.com.br\/news\/wp-json\/wp\/v2\/types\/post"}],"author":[{"embeddable":true,"href":"https:\/\/guialimeira.com.br\/news\/wp-json\/wp\/v2\/users\/1"}],"replies":[{"embeddable":true,"href":"https:\/\/guialimeira.com.br\/news\/wp-json\/wp\/v2\/comments?post=69412"}],"version-history":[{"count":0,"href":"https:\/\/guialimeira.com.br\/news\/wp-json\/wp\/v2\/posts\/69412\/revisions"}],"wp:featuredmedia":[{"embeddable":true,"href":"https:\/\/guialimeira.com.br\/news\/wp-json\/wp\/v2\/media\/69413"}],"wp:attachment":[{"href":"https:\/\/guialimeira.com.br\/news\/wp-json\/wp\/v2\/media?parent=69412"}],"wp:term":[{"taxonomy":"category","embeddable":true,"href":"https:\/\/guialimeira.com.br\/news\/wp-json\/wp\/v2\/categories?post=69412"},{"taxonomy":"post_tag","embeddable":true,"href":"https:\/\/guialimeira.com.br\/news\/wp-json\/wp\/v2\/tags?post=69412"}],"curies":[{"name":"wp","href":"https:\/\/api.w.org\/{rel}","templated":true}]}}