{"id":69402,"date":"2026-06-17T20:18:10","date_gmt":"2026-06-17T23:18:10","guid":{"rendered":"https:\/\/guialimeira.com.br\/acao-integrada-entre-forcas-de-seguranca-estaduais-e-municipais-prende-mais-de-330-criminosos\/"},"modified":"2026-06-17T20:18:10","modified_gmt":"2026-06-17T23:18:10","slug":"acao-integrada-entre-forcas-de-seguranca-estaduais-e-municipais-prende-mais-de-330-criminosos","status":"publish","type":"post","link":"https:\/\/guialimeira.com.br\/news\/acao-integrada-entre-forcas-de-seguranca-estaduais-e-municipais-prende-mais-de-330-criminosos\/","title":{"rendered":"A\u00e7\u00e3o integrada entre for\u00e7as de seguran\u00e7a estaduais e municipais prende mais de 330 criminosos"},"content":{"rendered":"<p> <br \/>\n<br \/><img data-recalc-dims=\"1\" decoding=\"async\" src=\"https:\/\/i0.wp.com\/www.agenciasp.sp.gov.br\/wp-content\/uploads\/2026\/06\/00061500.jpeg?w=696&#038;ssl=1\" \/><\/p>\n<div>\n<p class=\"wp-block-paragraph\">As for\u00e7as de seguran\u00e7a do Estado de S\u00e3o Paulo prenderam 336 criminosos em flagrante e procurados pela Justi\u00e7a durante a opera\u00e7\u00e3o Integra SP, nesta ter\u00e7a-feira (17). Coordenada pela Secretaria da Seguran\u00e7a P\u00fablica do estado, a a\u00e7\u00e3o mobilizou cerca de 3,6 mil policiais militares, civis e guardas municipais, com apoio de drones e helic\u00f3pteros.<\/p>\n<p class=\"wp-block-paragraph\">Durante as a\u00e7\u00f5es, a PM registrou a pris\u00e3o de 126 criminosos em flagrante. A Pol\u00edcia Civil, por sua vez, informou que prendeu 145 procurados pela Justi\u00e7a em cumprimento de mandados, outros 65 em flagrante e apreendeu 42 adolescentes infratores. Al\u00e9m das pris\u00f5es, as pol\u00edcias apreenderam 34 celulares, tr\u00eas armas de fogo e mais de 10,7 quilos de drogas.<\/p>\n<p class=\"wp-block-paragraph\"><strong>LEIA TAMB\u00c9M:<\/strong> <a href=\"https:\/\/www.agenciasp.sp.gov.br\/governo-de-sp-devolve-celulares-e-alianca-a-vitimas-apos-operacao-da-policia\/\" rel=\"noopener\">Governo de SP devolve celulares e alian\u00e7as a v\u00edtimas ap\u00f3s opera\u00e7\u00e3o da Pol\u00edcia<\/a><\/p>\n<p class=\"wp-block-paragraph\">A Opera\u00e7\u00e3o Integra SP teve in\u00edcio na manh\u00e3 de hoje no interior e na Regi\u00e3o Metropolitana de S\u00e3o Paulo. As a\u00e7\u00f5es na capital foram iniciadas ap\u00f3s evento de entrega de viaturas e armas realizado no Samb\u00f3dromo do Anhembi.<\/p>\n<h3 class=\"wp-block-heading\"><strong>Policiamento refor\u00e7ado em \u00e1reas com maior incid\u00eancia de furtos e roubos a motoristas<\/strong><\/h3>\n<p class=\"wp-block-paragraph\">As a\u00e7\u00f5es de combate a esse tipo de crime foram ampliadas na capital ao longo de 2026, com base em an\u00e1lises de intelig\u00eancia e mapeamento dos locais com maior registro de ocorr\u00eancias. A estrat\u00e9gia busca aumentar a presen\u00e7a policial e agilizar o atendimento \u00e0 popula\u00e7\u00e3o.<\/p>\n<p class=\"wp-block-paragraph\"><strong>LEIA TAMB\u00c9M: <\/strong><a href=\"https:\/\/www.agenciasp.sp.gov.br\/governo-de-sp-reforca-seguranca-da-capital-com-entrega-de-251-viaturas-e-42-mil-armamentos\/\" rel=\"noopener\">Governo de SP refor\u00e7a seguran\u00e7a da capital com entrega de 251 viaturas e 4,2 mil armamentos<\/a><\/p>\n<p class=\"wp-block-paragraph\">No \u00faltimo dia 11, durante a Opera\u00e7\u00e3o Impacto Quebra-Vidro, um homem procurado pela Justi\u00e7a por roubo foi capturado e 462 fiscaliza\u00e7\u00f5es foram realizadas.<\/p>\n<\/p><\/div>\n<p><br \/>\n<br \/><a href=\"https:\/\/www.agenciasp.sp.gov.br\/acao-integrada-entre-forcas-de-seguranca-estaduais-e-municipais-prende-mais-de-330-criminosos\/\" rel=\"noopener\">Informa\u00e7\u00f5es GOV.SP<\/a><\/p>\n","protected":false},"excerpt":{"rendered":"<p>As for\u00e7as de seguran\u00e7a do Estado de S\u00e3o Paulo prenderam 336 criminosos em flagrante e procurados pela Justi\u00e7a durante a opera\u00e7\u00e3o Integra SP, nesta ter\u00e7a-feira (17). Coordenada pela Secretaria da Seguran\u00e7a P\u00fablica do estado, a a\u00e7\u00e3o mobilizou cerca de 3,6 mil policiais militares, civis e guardas municipais, com apoio de drones e helic\u00f3pteros. Durante as [&hellip;]<\/p>\n","protected":false},"author":1,"featured_media":69403,"comment_status":"","ping_status":"open","sticky":false,"template":"","format":"standard","meta":{"_jetpack_newsletter_access":"","_jetpack_dont_email_post_to_subs":false,"_jetpack_newsletter_tier_id":0,"_jetpack_memberships_contains_paywalled_content":false,"_mbp_banners":[],"_jetpack_feature_clip_id":0,"_jetpack_memberships_contains_paid_content":false,"footnotes":"","jetpack_publicize_message":"","jetpack_publicize_feature_enabled":true,"jetpack_social_post_already_shared":true,"jetpack_social_options":{"image_generator_settings":{"template":"highway","default_image_id":0,"font":"","enabled":false},"version":2},"jetpack_post_was_ever_published":false},"categories":[21],"tags":[],"class_list":["post-69402","post","type-post","status-publish","format-standard","has-post-thumbnail","category-sp-news"],"jetpack_publicize_connections":[],"jetpack-related-posts":[],"jetpack_shortlink":"https:\/\/wp.me\/p7Eq1F-i3o","jetpack_sharing_enabled":true,"jetpack_featured_media_url":"https:\/\/i0.wp.com\/guialimeira.com.br\/news\/wp-content\/uploads\/2026\/06\/Acao-integrada-entre-forcas-de-seguranca-estaduais-e-municipais-prende.jpeg?fit=1600%2C1200&ssl=1","_links":{"self":[{"href":"https:\/\/guialimeira.com.br\/news\/wp-json\/wp\/v2\/posts\/69402","targetHints":{"allow":["GET"]}}],"collection":[{"href":"https:\/\/guialimeira.com.br\/news\/wp-json\/wp\/v2\/posts"}],"about":[{"href":"https:\/\/guialimeira.com.br\/news\/wp-json\/wp\/v2\/types\/post"}],"author":[{"embeddable":true,"href":"https:\/\/guialimeira.com.br\/news\/wp-json\/wp\/v2\/users\/1"}],"replies":[{"embeddable":true,"href":"https:\/\/guialimeira.com.br\/news\/wp-json\/wp\/v2\/comments?post=69402"}],"version-history":[{"count":0,"href":"https:\/\/guialimeira.com.br\/news\/wp-json\/wp\/v2\/posts\/69402\/revisions"}],"wp:featuredmedia":[{"embeddable":true,"href":"https:\/\/guialimeira.com.br\/news\/wp-json\/wp\/v2\/media\/69403"}],"wp:attachment":[{"href":"https:\/\/guialimeira.com.br\/news\/wp-json\/wp\/v2\/media?parent=69402"}],"wp:term":[{"taxonomy":"category","embeddable":true,"href":"https:\/\/guialimeira.com.br\/news\/wp-json\/wp\/v2\/categories?post=69402"},{"taxonomy":"post_tag","embeddable":true,"href":"https:\/\/guialimeira.com.br\/news\/wp-json\/wp\/v2\/tags?post=69402"}],"curies":[{"name":"wp","href":"https:\/\/api.w.org\/{rel}","templated":true}]}}