{"id":69392,"date":"2026-06-17T18:15:53","date_gmt":"2026-06-17T21:15:53","guid":{"rendered":"https:\/\/guialimeira.com.br\/instituto-butantan-e-hemocentro-de-ribeirao-preto-firmam-acordo-para-desenvolvimento-de-terapias-avancadas-contra-doencas-autoimunes\/"},"modified":"2026-06-17T18:15:53","modified_gmt":"2026-06-17T21:15:53","slug":"instituto-butantan-e-hemocentro-de-ribeirao-preto-firmam-acordo-para-desenvolvimento-de-terapias-avancadas-contra-doencas-autoimunes","status":"publish","type":"post","link":"https:\/\/guialimeira.com.br\/news\/instituto-butantan-e-hemocentro-de-ribeirao-preto-firmam-acordo-para-desenvolvimento-de-terapias-avancadas-contra-doencas-autoimunes\/","title":{"rendered":"Instituto Butantan e Hemocentro de Ribeir\u00e3o Preto firmam acordo para desenvolvimento de terapias avan\u00e7adas contra doen\u00e7as autoimunes"},"content":{"rendered":"<p> <br \/>\n<br \/><img data-recalc-dims=\"1\" decoding=\"async\" src=\"https:\/\/i0.wp.com\/www.agenciasp.sp.gov.br\/wp-content\/uploads\/2026\/02\/fachada-instituto-Butantan-1.jpg?w=696&#038;ssl=1\" \/><\/p>\n<div>\n<p class=\"wp-block-paragraph\">Nesta quarta (17), o Instituto Butantan assinou um acordo de coopera\u00e7\u00e3o com o Hemocentro de Ribeir\u00e3o Preto, a Universidade de S\u00e3o Paulo (USP) e a Funda\u00e7\u00e3o de Amparo \u00e0 Pesquisa do Estado de S\u00e3o Paulo (Fapesp) para o desenvolvimento de terapias avan\u00e7adas contra doen\u00e7as autoimunes.<\/p>\n<p class=\"wp-block-paragraph\">A parceria prev\u00ea a realiza\u00e7\u00e3o de ensaios cl\u00ednicos com a terapia celular CAR-T para o tratamento de l\u00fapus eritematoso sist\u00eamico (LES) e de miastenia gravis generalizada (MGg). Os estudos est\u00e3o seguindo as etapas regulat\u00f3rias e ser\u00e3o submetidos para aprova\u00e7\u00e3o da Ag\u00eancia Nacional de Vigil\u00e2ncia Sanit\u00e1ria (Anvisa).<\/p>\n<p class=\"wp-block-paragraph\"><strong>LEIA TAMB\u00c9M: <\/strong><a href=\"https:\/\/www.agenciasp.sp.gov.br\/sp-reforca-orientacao-sobre-vacina-contra-febre-amarela-apos-novo-caso-no-vale-do-paraiba\/\" rel=\"noopener\">SP refor\u00e7a orienta\u00e7\u00e3o sobre vacina contra febre amarela ap\u00f3s novo caso no Vale do Para\u00edba<\/a><\/p>\n<p class=\"wp-block-paragraph\">O evento de celebra\u00e7\u00e3o do acordo contou com a presen\u00e7a do diretor do Instituto Butantan, Esper Kall\u00e1s; do diretor-executivo da Funda\u00e7\u00e3o Butantan, Saulo Nacif; do diretor-presidente da Funda\u00e7\u00e3o Hemocentro de Ribeir\u00e3o Preto, Rodrigo Calado; do reitor da USP, Alu\u00edsio Segurado; e do presidente da FAPESP, Marco Antonio Zago.<\/p>\n<p class=\"wp-block-paragraph\">\u201cA terapia celular \u00e9 um tratamento que tem revolucionado o combate ao c\u00e2ncer e \u00e0s condi\u00e7\u00f5es cr\u00f4nicas e autoimunes, pois age diretamente nas c\u00e9lulas afetadas por estas doen\u00e7as. O objetivo da parceria \u00e9 permitir que, futuramente, essa tecnologia avan\u00e7ada esteja dispon\u00edvel para os brasileiros, inclusive atrav\u00e9s do SUS. \u00c9 miss\u00e3o do Instituto Butantan propor solu\u00e7\u00f5es para a sa\u00fade p\u00fablica do Brasil\u201d, afirma Esper Kall\u00e1s.<\/p>\n<p class=\"wp-block-paragraph\">O l\u00fapus eritematoso sist\u00eamico \u00e9 uma doen\u00e7a inflamat\u00f3ria cr\u00f4nica de origem autoimune, que pode evoluir rapidamente ou de forma lenta e progressiva. A condi\u00e7\u00e3o pode acometer diferentes \u00f3rg\u00e3os e \u00e9 caracterizada por sintomas como febre, emagrecimento, perda de apetite e fraqueza.<\/p>\n<p class=\"wp-block-paragraph\"><strong>LEIA TAMB\u00c9M: <\/strong><a href=\"https:\/\/www.agenciasp.sp.gov.br\/iamspe-amplia-rede-de-servicos-na-baixada-santista\/\" rel=\"noopener\">Iamspe amplia rede de servi\u00e7os na Baixada Santista<\/a><\/p>\n<p class=\"wp-block-paragraph\">J\u00e1 a miastenia gravis generalizada \u00e9 uma doen\u00e7a autoimune que afeta a comunica\u00e7\u00e3o entre os nervos e m\u00fasculos, provocando fraqueza muscular. Em alguns casos, pode causar dificuldades para engolir, falar e respirar.<\/p>\n<p class=\"wp-block-paragraph\">Caso sejam aprovados, os estudos cl\u00ednicos pretendem selecionar 16 pacientes adultos, homens e mulheres, com l\u00fapus eritematoso sist\u00eamico e 10 pacientes adultos com miastenia gravis generalizada. Os volunt\u00e1rios ser\u00e3o recrutados no Hospital das Cl\u00ednicas da Faculdade de Medicina de Ribeir\u00e3o Preto (FMRP-USP) e no Hospital das Cl\u00ednicas da Faculdade de Medicina da USP, em S\u00e3o Paulo.<\/p>\n<p class=\"wp-block-paragraph\">Ambos os grupos dever\u00e3o incluir pacientes com doen\u00e7a grave, que j\u00e1 tenham realizado pelo menos dois tipos de tratamento convencional e que n\u00e3o obtiveram resposta adequada.<\/p>\n<p class=\"wp-block-paragraph\">\u201cCom esse novo passo, buscamos expandir o uso de terapias avan\u00e7adas para doen\u00e7as autoimunes graves, que j\u00e1 n\u00e3o t\u00eam op\u00e7\u00f5es de tratamento. Se os resultados forem favor\u00e1veis, o SUS estar\u00e1 na vanguarda mundial de terapias avan\u00e7adas em sistemas p\u00fablicos de sa\u00fade\u201d, diz Rodrigo Calado.<\/p>\n<h3 class=\"wp-block-heading\">Terapias contra c\u00e2ncer hematol\u00f3gico<\/h3>\n<p class=\"wp-block-paragraph\">Desde 2022, o Instituto Butantan, o Hemocentro de Ribeir\u00e3o Preto e a USP trabalham em conjunto para desenvolver a terapia CAR-T contra leucemia linfoide aguda de c\u00e9lulas B e linfoma n\u00e3o-Hodgkin de c\u00e9lulas B. O tratamento \u00e9 desenvolvido no N\u00facleo de Terapias Avan\u00e7adas (Nutera), que conta com unidades em S\u00e3o Paulo e em Ribeir\u00e3o Preto. Em 2024, as institui\u00e7\u00f5es deram in\u00edcio ao ensaio cl\u00ednico de fase 1, que tem apresentado resultados promissores, com mais de 87% de efic\u00e1cia contra casos graves.<\/p>\n<p class=\"wp-block-paragraph\">Durante o evento, o Instituto Butantan tamb\u00e9m recebeu a biofarmac\u00eautica chinesa IASO Bio para formaliza\u00e7\u00e3o de um acordo assinado em abril deste ano, que visa o desenvolvimento de uma nova terapia avan\u00e7ada contra c\u00e2ncer hematol\u00f3gico.<\/p>\n<h3 class=\"wp-block-heading\">Sobre a CAR-T<\/h3>\n<p class=\"wp-block-paragraph\">A terapia celular CAR-T surgiu nos Estados Unidos em 2010 e acumula mais de 60 anos de estudos cient\u00edficos. A tecnologia modifica geneticamente os linf\u00f3citos T (c\u00e9lulas de defesa) do paciente, tornando-os capazes de combater as c\u00e9lulas tumorais. Por ser um tratamento alvo-espec\u00edfico, a CAR-T tamb\u00e9m tem sido estudada contra doen\u00e7as cr\u00f4nicas e autoimunes.<\/p>\n<p class=\"wp-block-paragraph\">No Brasil, a terapia come\u00e7ou a ser testada em 2019 em pacientes com leucemia e linfoma que n\u00e3o respondiam aos tratamentos convencionais, tendo apresentado 80% de efic\u00e1cia na redu\u00e7\u00e3o de tumores.<\/p>\n<\/p><\/div>\n<p><br \/>\n<br \/><a href=\"https:\/\/www.agenciasp.sp.gov.br\/instituto-butantan-e-hemocentro-de-ribeirao-preto-firmam-acordo-para-desenvolvimento-de-terapias-avancadas-contra-doencas-autoimunes\/\" rel=\"noopener\">Informa\u00e7\u00f5es GOV.SP<\/a><\/p>\n","protected":false},"excerpt":{"rendered":"<p>Nesta quarta (17), o Instituto Butantan assinou um acordo de coopera\u00e7\u00e3o com o Hemocentro de Ribeir\u00e3o Preto, a Universidade de S\u00e3o Paulo (USP) e a Funda\u00e7\u00e3o de Amparo \u00e0 Pesquisa do Estado de S\u00e3o Paulo (Fapesp) para o desenvolvimento de terapias avan\u00e7adas contra doen\u00e7as autoimunes. A parceria prev\u00ea a realiza\u00e7\u00e3o de ensaios cl\u00ednicos com a [&hellip;]<\/p>\n","protected":false},"author":1,"featured_media":57134,"comment_status":"","ping_status":"open","sticky":false,"template":"","format":"standard","meta":{"_jetpack_newsletter_access":"","_jetpack_dont_email_post_to_subs":false,"_jetpack_newsletter_tier_id":0,"_jetpack_memberships_contains_paywalled_content":false,"_mbp_banners":[],"_jetpack_feature_clip_id":0,"_jetpack_memberships_contains_paid_content":false,"footnotes":"","jetpack_publicize_message":"","jetpack_publicize_feature_enabled":true,"jetpack_social_post_already_shared":true,"jetpack_social_options":{"image_generator_settings":{"template":"highway","default_image_id":0,"font":"","enabled":false},"version":2},"jetpack_post_was_ever_published":false},"categories":[21],"tags":[],"class_list":["post-69392","post","type-post","status-publish","format-standard","has-post-thumbnail","category-sp-news"],"jetpack_publicize_connections":[],"jetpack-related-posts":[],"jetpack_shortlink":"https:\/\/wp.me\/p7Eq1F-i3e","jetpack_sharing_enabled":true,"jetpack_featured_media_url":"https:\/\/i0.wp.com\/guialimeira.com.br\/news\/wp-content\/uploads\/2026\/03\/Em-parceria-inedita-Instituto-Butantan-cria-programa-cientifico-juvenil-com.jpg?fit=1600%2C755&ssl=1","_links":{"self":[{"href":"https:\/\/guialimeira.com.br\/news\/wp-json\/wp\/v2\/posts\/69392","targetHints":{"allow":["GET"]}}],"collection":[{"href":"https:\/\/guialimeira.com.br\/news\/wp-json\/wp\/v2\/posts"}],"about":[{"href":"https:\/\/guialimeira.com.br\/news\/wp-json\/wp\/v2\/types\/post"}],"author":[{"embeddable":true,"href":"https:\/\/guialimeira.com.br\/news\/wp-json\/wp\/v2\/users\/1"}],"replies":[{"embeddable":true,"href":"https:\/\/guialimeira.com.br\/news\/wp-json\/wp\/v2\/comments?post=69392"}],"version-history":[{"count":0,"href":"https:\/\/guialimeira.com.br\/news\/wp-json\/wp\/v2\/posts\/69392\/revisions"}],"wp:featuredmedia":[{"embeddable":true,"href":"https:\/\/guialimeira.com.br\/news\/wp-json\/wp\/v2\/media\/57134"}],"wp:attachment":[{"href":"https:\/\/guialimeira.com.br\/news\/wp-json\/wp\/v2\/media?parent=69392"}],"wp:term":[{"taxonomy":"category","embeddable":true,"href":"https:\/\/guialimeira.com.br\/news\/wp-json\/wp\/v2\/categories?post=69392"},{"taxonomy":"post_tag","embeddable":true,"href":"https:\/\/guialimeira.com.br\/news\/wp-json\/wp\/v2\/tags?post=69392"}],"curies":[{"name":"wp","href":"https:\/\/api.w.org\/{rel}","templated":true}]}}