{"id":69391,"date":"2026-06-17T18:05:52","date_gmt":"2026-06-17T21:05:52","guid":{"rendered":"https:\/\/guialimeira.com.br\/cobertura-da-quadra-e-projeto-de-reforma-motivam-visita-de-everton-ferreira-a-emeief-jose-carvalho-ferreira\/"},"modified":"2026-06-17T18:05:52","modified_gmt":"2026-06-17T21:05:52","slug":"cobertura-da-quadra-e-projeto-de-reforma-motivam-visita-de-everton-ferreira-a-emeief-jose-carvalho-ferreira","status":"publish","type":"post","link":"https:\/\/guialimeira.com.br\/news\/cobertura-da-quadra-e-projeto-de-reforma-motivam-visita-de-everton-ferreira-a-emeief-jose-carvalho-ferreira\/","title":{"rendered":"Cobertura da quadra e projeto de reforma motivam visita de Everton Ferreira \u00e0 EMEIEF Jos\u00e9 Carvalho Ferreira"},"content":{"rendered":"<p>Cobertura da quadra e projeto de reforma motivam visita de Everton Ferreira \u00e0 EMEIEF Jos\u00e9 Carvalho Ferreira<\/p>\n<p>O presidente da C\u00e2mara Municipal de Limeira, vereador Everton Ferreira (PSD), visitou nesta quarta-feira, 17 de junho, a Escola Municipal de Educa\u00e7\u00e3o Infantil e Ensino Fundamental (Emeief) Jos\u00e9 Carvalho Ferreira para acompanhar de perto demandas relacionadas \u00e0 estrutura da unidade escolar, com aten\u00e7\u00e3o especial \u00e0 situa\u00e7\u00e3o da quadra esportiva e \u00e0s informa\u00e7\u00f5es sobre um poss\u00edvel projeto de reforma da escola.<\/p>\n<p>Durante a visita, Everton conversou com profissionais da unidade e observou as condi\u00e7\u00f5es do espa\u00e7o utilizado pelos estudantes para atividades esportivas e recreativas. A cobertura da quadra foi um dos principais temas abordados, considerando a import\u00e2ncia do local para o desenvolvimento das atividades escolares ao longo do ano, incluindo eventos e festividades da escola.<\/p>\n<p>Ap\u00f3s a visita, o vereador protocolou o Requerimento N\u00ba 525\/2026, solicitando esclarecimentos \u00e0 Prefeitura sobre a exist\u00eancia de projeto de reforma para a escola, e se houve participa\u00e7\u00e3o dos servidores efetivos da unidade escolar nas discuss\u00f5es relacionadas \u00e0s interven\u00e7\u00f5es previstas, al\u00e9m de atualiza\u00e7\u00f5es sobre poss\u00edveis projetos para a cobertura da quadra.<\/p>\n<p>Para Everton Ferreira, acompanhar de perto as necessidades das escolas municipais \u00e9 uma forma de fortalecer o di\u00e1logo entre a comunidade escolar e o poder p\u00fablico. \u201cOs detalhes fazem diferen\u00e7a porque uma quadra sem cobertura n\u00e3o impacta apenas a pr\u00e1tica esportiva, mas interfere na rotina da escola, no planejamento das atividades e no aproveitamento dos espa\u00e7os pelos alunos\u201d, destacou.<\/p>\n<p>Do Gabinete Parlamentar \u2013 Vereador Everton Ferreira (PSD)<\/p>\n<p>*Foto do Gabinete Parlamentar<\/p>\n<p>As mat\u00e9rias de origem dos Gabinetes Parlamentares s\u00e3o de inteira\u00a0 responsabilidade dos parlamentares e de suas assessorias. S\u00e3o devidamente assinadas e n\u00e3o refletem, necessariamente, a opini\u00e3o institucional da C\u00e2mara Municipal de Limeira.<\/p>\n<hr>\n<p><em>Fonte: <a href=\"https:\/\/www.limeira.sp.leg.br\/noticias\/view\/2026-06-17_cobertura-da-quadra-e-projeto-de-reforma-motivam-visita-de-everton-ferreira-a-emeief-jose-carvalho-ferreira\" target=\"_blank\" rel=\"noopener\">C\u00e2mara Municipal de Limeira<\/a><\/em><\/p>\n","protected":false},"excerpt":{"rendered":"<p>Cobertura da quadra e projeto de reforma motivam visita de Everton Ferreira \u00e0 EMEIEF Jos\u00e9 Carvalho Ferreira<\/p>\n<p>O presidente da C\u00e2mara Municipal de Limeira, vereador Everton Ferreira (PSD), visitou nesta quarta-feira, 17 de junho, a Escola Municipal de Educa\u00e7\u00e3o Infantil e Ensino Fundamental (Emeief) Jo<\/p>\n","protected":false},"author":4,"featured_media":69390,"comment_status":"","ping_status":"open","sticky":false,"template":"","format":"standard","meta":{"_jetpack_newsletter_access":"","_jetpack_dont_email_post_to_subs":false,"_jetpack_newsletter_tier_id":0,"_jetpack_memberships_contains_paywalled_content":false,"_mbp_banners":[],"_jetpack_feature_clip_id":0,"_jetpack_memberships_contains_paid_content":false,"footnotes":"","jetpack_publicize_message":"","jetpack_publicize_feature_enabled":true,"jetpack_social_post_already_shared":true,"jetpack_social_options":{"image_generator_settings":{"template":"highway","default_image_id":0,"font":"","enabled":false},"version":2},"jetpack_post_was_ever_published":false},"categories":[19],"tags":[],"class_list":["post-69391","post","type-post","status-publish","format-standard","has-post-thumbnail","category-politica"],"jetpack_publicize_connections":[],"jetpack-related-posts":[],"jetpack_shortlink":"https:\/\/wp.me\/p7Eq1F-i3d","jetpack_sharing_enabled":true,"jetpack_featured_media_url":"https:\/\/i0.wp.com\/guialimeira.com.br\/news\/wp-content\/uploads\/2026\/06\/noticia-camara-76.jpg?fit=1280%2C640&ssl=1","_links":{"self":[{"href":"https:\/\/guialimeira.com.br\/news\/wp-json\/wp\/v2\/posts\/69391","targetHints":{"allow":["GET"]}}],"collection":[{"href":"https:\/\/guialimeira.com.br\/news\/wp-json\/wp\/v2\/posts"}],"about":[{"href":"https:\/\/guialimeira.com.br\/news\/wp-json\/wp\/v2\/types\/post"}],"author":[{"embeddable":true,"href":"https:\/\/guialimeira.com.br\/news\/wp-json\/wp\/v2\/users\/4"}],"replies":[{"embeddable":true,"href":"https:\/\/guialimeira.com.br\/news\/wp-json\/wp\/v2\/comments?post=69391"}],"version-history":[{"count":0,"href":"https:\/\/guialimeira.com.br\/news\/wp-json\/wp\/v2\/posts\/69391\/revisions"}],"wp:featuredmedia":[{"embeddable":true,"href":"https:\/\/guialimeira.com.br\/news\/wp-json\/wp\/v2\/media\/69390"}],"wp:attachment":[{"href":"https:\/\/guialimeira.com.br\/news\/wp-json\/wp\/v2\/media?parent=69391"}],"wp:term":[{"taxonomy":"category","embeddable":true,"href":"https:\/\/guialimeira.com.br\/news\/wp-json\/wp\/v2\/categories?post=69391"},{"taxonomy":"post_tag","embeddable":true,"href":"https:\/\/guialimeira.com.br\/news\/wp-json\/wp\/v2\/tags?post=69391"}],"curies":[{"name":"wp","href":"https:\/\/api.w.org\/{rel}","templated":true}]}}