{"id":69389,"date":"2026-06-17T17:50:54","date_gmt":"2026-06-17T20:50:54","guid":{"rendered":"https:\/\/guialimeira.com.br\/grupo-pensando-limeira-discute-com-vereadores-minuta-do-plano-diretor\/"},"modified":"2026-06-17T17:50:54","modified_gmt":"2026-06-17T20:50:54","slug":"grupo-pensando-limeira-discute-com-vereadores-minuta-do-plano-diretor","status":"publish","type":"post","link":"https:\/\/guialimeira.com.br\/news\/grupo-pensando-limeira-discute-com-vereadores-minuta-do-plano-diretor\/","title":{"rendered":"Grupo Pensando Limeira discute com vereadores minuta do Plano Diretor"},"content":{"rendered":"<p>Grupo Pensando Limeira discute com vereadores minuta do Plano Diretor<\/p>\n<p>Representantes do Grupo Pensando Limeira estiveram nesta quarta-feira, 17 de junho,\u00a0 na C\u00e2mara Municipal para discutir com os vereadores a minuta do novo Plano Diretor de Limeira, apresentada em audi\u00eancia p\u00fablica realizada nesta ter\u00e7a-feira, 16 de junho, no Teatro Nair Bello. Os arquitetos Nathan Pizani e Reginaldo Vieira percorreram os 21 gabinetes parlamentares para tratar sobre o assunto, em especial a necessidade de melhorias em quest\u00f5es consideradas mais sens\u00edveis.<\/p>\n<p>De acordo com eles, entre os pontos que precisam ser aprimorados na proposta est\u00e3o normas relativas \u00e0 contiguidade urbana que se refere ao crescimento f\u00edsico ordenado das cidades, conectando novas \u00e1reas edificadas de forma direta, cont\u00ednua e integrada \u00e0 malha urbana existente; \u00e0 urbaniza\u00e7\u00e3o desenfreada na zona rural; \u00e0s mudan\u00e7as do adensamento urbano, ou seja, na concentra\u00e7\u00e3o de pessoas ou constru\u00e7\u00f5es em uma determinada \u00e1rea da cidade, e \u00e0 poss\u00edvel altera\u00e7\u00e3o da \u00e1rea m\u00ednima dos lotes.<\/p>\n<p>\u201cO Grupo Pensando Limeira existe h\u00e1 13 anos em Limeira e \u00e9 formado por 70 arquitetos e engenheiros com atua\u00e7\u00e3o no munic\u00edpio. Estamos apresentando nossas contribui\u00e7\u00f5es t\u00e9cnicas \u00e0 minuta de revis\u00e3o do Plano Diretor Municipal, com base na an\u00e1lise sistem\u00e1tica do texto proposto\u201d, afirmam os arquitetos. O objetivo, conforme os arquitetos, \u00e9 o aprimoramento da qualidade urban\u00edstica, \u00e0 coer\u00eancia normativa e \u00e0 efetividade dos instrumentos de planejamento territorial.<\/p>\n<p>O presidente da Casa, vereador Everton Ferreira (PSD), considerou a iniciativa positiva para auxiliar na constru\u00e7\u00e3o do novo Plano Diretor, que ainda ser\u00e1 protocolado na C\u00e2mara e debatido pelos vereadores. \u201cAs discuss\u00f5es trazidas s\u00e3o importantes para buscarmos o equil\u00edbrio e um Plano Diretor que promova desenvolvimento a Limeira\u201d, declarou.<\/p>\n<p>A minuta do Projeto de Lei do novo Plano Diretor Territorial-Ambiental e da revis\u00e3o da Lei de Uso e Ocupa\u00e7\u00e3o do Solo foram disponibilizadas pela prefeitura para consulta p\u00fablica desde o dia 29 de maio e podem ser acessadas neste link. As diretrizes trazidas ser\u00e3o respons\u00e1veis por nortear o desenvolvimento urbano e territorial do Munic\u00edpio pelos pr\u00f3ximos dez anos. A norma atual \u00e9 a Lei Complementar N\u00ba 442\/2009.<\/p>\n<p>Do Gabinete da Presid\u00eancia<\/p>\n<p>*Foto do Gabinete da Presid\u00eancia<\/p>\n<p>As mat\u00e9rias de origem dos Gabinetes Parlamentares s\u00e3o de inteira\u00a0 responsabilidade dos parlamentares e de suas assessorias. S\u00e3o devidamente assinadas e n\u00e3o refletem, necessariamente, a opini\u00e3o institucional da C\u00e2mara Municipal de Limeira.<\/p>\n<hr>\n<p><em>Fonte: <a href=\"https:\/\/www.limeira.sp.leg.br\/noticias\/view\/2026-06-17_grupo-pensando-limeira-discute-com-vereadores-minuta-do-plano-diretor\" target=\"_blank\" rel=\"noopener\">C\u00e2mara Municipal de Limeira<\/a><\/em><\/p>\n","protected":false},"excerpt":{"rendered":"<p>Grupo Pensando Limeira discute com vereadores minuta do Plano Diretor<\/p>\n<p>Representantes do Grupo Pensando Limeira estiveram nesta quarta-feira, 17 de junho,\u00a0 na C\u00e2mara Municipal para discutir com os vereadores a minuta do novo Plano Diretor de Limeira, apresentada em audi\u00eancia p\u00fablica realizada nesta <\/p>\n","protected":false},"author":4,"featured_media":69388,"comment_status":"","ping_status":"open","sticky":false,"template":"","format":"standard","meta":{"_jetpack_newsletter_access":"","_jetpack_dont_email_post_to_subs":false,"_jetpack_newsletter_tier_id":0,"_jetpack_memberships_contains_paywalled_content":false,"_mbp_banners":[],"_jetpack_feature_clip_id":0,"_jetpack_memberships_contains_paid_content":false,"footnotes":"","jetpack_publicize_message":"","jetpack_publicize_feature_enabled":true,"jetpack_social_post_already_shared":true,"jetpack_social_options":{"image_generator_settings":{"template":"highway","default_image_id":0,"font":"","enabled":false},"version":2},"jetpack_post_was_ever_published":false},"categories":[19],"tags":[],"class_list":["post-69389","post","type-post","status-publish","format-standard","has-post-thumbnail","category-politica"],"jetpack_publicize_connections":[],"jetpack-related-posts":[],"jetpack_shortlink":"https:\/\/wp.me\/p7Eq1F-i3b","jetpack_sharing_enabled":true,"jetpack_featured_media_url":"https:\/\/i0.wp.com\/guialimeira.com.br\/news\/wp-content\/uploads\/2026\/06\/noticia-camara-75.jpg?fit=1280%2C640&ssl=1","_links":{"self":[{"href":"https:\/\/guialimeira.com.br\/news\/wp-json\/wp\/v2\/posts\/69389","targetHints":{"allow":["GET"]}}],"collection":[{"href":"https:\/\/guialimeira.com.br\/news\/wp-json\/wp\/v2\/posts"}],"about":[{"href":"https:\/\/guialimeira.com.br\/news\/wp-json\/wp\/v2\/types\/post"}],"author":[{"embeddable":true,"href":"https:\/\/guialimeira.com.br\/news\/wp-json\/wp\/v2\/users\/4"}],"replies":[{"embeddable":true,"href":"https:\/\/guialimeira.com.br\/news\/wp-json\/wp\/v2\/comments?post=69389"}],"version-history":[{"count":0,"href":"https:\/\/guialimeira.com.br\/news\/wp-json\/wp\/v2\/posts\/69389\/revisions"}],"wp:featuredmedia":[{"embeddable":true,"href":"https:\/\/guialimeira.com.br\/news\/wp-json\/wp\/v2\/media\/69388"}],"wp:attachment":[{"href":"https:\/\/guialimeira.com.br\/news\/wp-json\/wp\/v2\/media?parent=69389"}],"wp:term":[{"taxonomy":"category","embeddable":true,"href":"https:\/\/guialimeira.com.br\/news\/wp-json\/wp\/v2\/categories?post=69389"},{"taxonomy":"post_tag","embeddable":true,"href":"https:\/\/guialimeira.com.br\/news\/wp-json\/wp\/v2\/tags?post=69389"}],"curies":[{"name":"wp","href":"https:\/\/api.w.org\/{rel}","templated":true}]}}