{"id":69387,"date":"2026-06-17T17:45:54","date_gmt":"2026-06-17T20:45:54","guid":{"rendered":"https:\/\/guialimeira.com.br\/comissao-de-direitos-humanos-solicita-informacoes-a-prefeitura-sobre-conselho-e-fundo-municipal\/"},"modified":"2026-06-17T17:45:54","modified_gmt":"2026-06-17T20:45:54","slug":"comissao-de-direitos-humanos-solicita-informacoes-a-prefeitura-sobre-conselho-e-fundo-municipal","status":"publish","type":"post","link":"https:\/\/guialimeira.com.br\/news\/comissao-de-direitos-humanos-solicita-informacoes-a-prefeitura-sobre-conselho-e-fundo-municipal\/","title":{"rendered":"Comiss\u00e3o de Direitos Humanos solicita informa\u00e7\u00f5es \u00e0 Prefeitura sobre Conselho e Fundo Municipal"},"content":{"rendered":"<p>Comiss\u00e3o de Direitos Humanos solicita informa\u00e7\u00f5es \u00e0 Prefeitura sobre Conselho e Fundo Municipal<\/p>\n<p>Com o objetivo de obter informa\u00e7\u00f5es sobre o Conselho Municipal de Direitos Humanos e Cidadania (CMDHC) e a operacionaliza\u00e7\u00e3o do respectivo Fundo Municipal (FMDHC), a Comiss\u00e3o da C\u00e2mara de Limeira que atua sobre o tema encaminhou of\u00edcio \u00e0 Prefeitura, na reuni\u00e3o desta quarta-feira, 17 de junho. O pedido concentra-se na infraestrutura f\u00edsica destinada ao Conselho, nas condi\u00e7\u00f5es gerais de funcionamento, na operacionaliza\u00e7\u00e3o do Fundo Municipal e no planejamento or\u00e7ament\u00e1rio previsto para a \u00e1rea.<\/p>\n<p>O colegiado busca entender sobre quais recursos materiais e humanos est\u00e3o atualmente dispon\u00edveis para o trabalho dos conselheiros. Tamb\u00e9m questionam se existe prioridade na Lei de Diretrizes Or\u00e7ament\u00e1rias (LDO) de 2027 para a\u00e7\u00f5es e programas do Fundo e se os conselheiros participaram do processo de sugest\u00f5es relativas \u00e0 destina\u00e7\u00e3o dos recursos.<\/p>\n<p>O Conselho atua diretamente em frentes de prote\u00e7\u00e3o social com \u00eanfase na defesa dos direitos de mulheres, crian\u00e7as, adolescentes, da igualdade racial e da comunidade LGBTQIA+. Os conselheiros do bi\u00eanio 2026\/2027 se reuniram com os vereadores da Comiss\u00e3o de Direitos Humanos no dia 11 de junho, para defini\u00e7\u00e3o de pautas conjuntas.<\/p>\n<p>A Comiss\u00e3o<\/p>\n<p>Fazem parte da Comiss\u00e3o de Direitos Humanos Isabelly Carvalho (PT), presidente; Carlinhos do Grotta (PL), vice-presidente; e Bruna Magalh\u00e3es (PRTB), secret\u00e1ria. As delibera\u00e7\u00f5es s\u00e3o registradas em ata. \u00c9 de compet\u00eancia do colegiado tratar e fiscalizar assuntos relacionados \u00e0 defesa dos Direitos Humanos, dos Direitos do Consumidor, dos Direitos da Crian\u00e7a e do Adolescente e dos Direitos do Idoso, bem como \u00e0 cidadania.<\/p>\n<hr>\n<p><em>Fonte: <a href=\"https:\/\/www.limeira.sp.leg.br\/noticias\/view\/2026-06-17_comissao-de-direitos-humanos-solicita-informacoes-a-prefeitura-sobre-conselho-e-fundo-municipal\" target=\"_blank\" rel=\"noopener\">C\u00e2mara Municipal de Limeira<\/a><\/em><\/p>\n","protected":false},"excerpt":{"rendered":"<p>Comiss\u00e3o de Direitos Humanos solicita informa\u00e7\u00f5es \u00e0 Prefeitura sobre Conselho e Fundo Municipal<\/p>\n<p>Com o objetivo de obter informa\u00e7\u00f5es sobre o Conselho Municipal de Direitos Humanos e Cidadania (CMDHC) e a operacionaliza\u00e7\u00e3o do respectivo Fundo Municipal (FMDHC), a Comiss\u00e3o da C\u00e2mara de Limeira que atu<\/p>\n","protected":false},"author":4,"featured_media":69386,"comment_status":"","ping_status":"open","sticky":false,"template":"","format":"standard","meta":{"_jetpack_newsletter_access":"","_jetpack_dont_email_post_to_subs":false,"_jetpack_newsletter_tier_id":0,"_jetpack_memberships_contains_paywalled_content":false,"_mbp_banners":[],"_jetpack_feature_clip_id":0,"_jetpack_memberships_contains_paid_content":false,"footnotes":"","jetpack_publicize_message":"","jetpack_publicize_feature_enabled":true,"jetpack_social_post_already_shared":true,"jetpack_social_options":{"image_generator_settings":{"template":"highway","default_image_id":0,"font":"","enabled":false},"version":2},"jetpack_post_was_ever_published":false},"categories":[19],"tags":[],"class_list":["post-69387","post","type-post","status-publish","format-standard","has-post-thumbnail","category-politica"],"jetpack_publicize_connections":[],"jetpack-related-posts":[],"jetpack_shortlink":"https:\/\/wp.me\/p7Eq1F-i39","jetpack_sharing_enabled":true,"jetpack_featured_media_url":"https:\/\/i0.wp.com\/guialimeira.com.br\/news\/wp-content\/uploads\/2026\/06\/noticia-camara-74.jpg?fit=1280%2C640&ssl=1","_links":{"self":[{"href":"https:\/\/guialimeira.com.br\/news\/wp-json\/wp\/v2\/posts\/69387","targetHints":{"allow":["GET"]}}],"collection":[{"href":"https:\/\/guialimeira.com.br\/news\/wp-json\/wp\/v2\/posts"}],"about":[{"href":"https:\/\/guialimeira.com.br\/news\/wp-json\/wp\/v2\/types\/post"}],"author":[{"embeddable":true,"href":"https:\/\/guialimeira.com.br\/news\/wp-json\/wp\/v2\/users\/4"}],"replies":[{"embeddable":true,"href":"https:\/\/guialimeira.com.br\/news\/wp-json\/wp\/v2\/comments?post=69387"}],"version-history":[{"count":0,"href":"https:\/\/guialimeira.com.br\/news\/wp-json\/wp\/v2\/posts\/69387\/revisions"}],"wp:featuredmedia":[{"embeddable":true,"href":"https:\/\/guialimeira.com.br\/news\/wp-json\/wp\/v2\/media\/69386"}],"wp:attachment":[{"href":"https:\/\/guialimeira.com.br\/news\/wp-json\/wp\/v2\/media?parent=69387"}],"wp:term":[{"taxonomy":"category","embeddable":true,"href":"https:\/\/guialimeira.com.br\/news\/wp-json\/wp\/v2\/categories?post=69387"},{"taxonomy":"post_tag","embeddable":true,"href":"https:\/\/guialimeira.com.br\/news\/wp-json\/wp\/v2\/tags?post=69387"}],"curies":[{"name":"wp","href":"https:\/\/api.w.org\/{rel}","templated":true}]}}